{"id":798809,"date":"2026-04-29T20:21:13","date_gmt":"2026-04-29T18:21:13","guid":{"rendered":"https:\/\/www.hashtag.al\/?p=798809"},"modified":"2026-04-29T20:21:59","modified_gmt":"2026-04-29T18:21:59","slug":"rusia-zbeh-paraden-e-fitores-se-luftes-se-dyte-boterore","status":"publish","type":"post","link":"https:\/\/www.hashtag.al\/index.php\/2026\/04\/29\/rusia-zbeh-paraden-e-fitores-se-luftes-se-dyte-boterore\/","title":{"rendered":"Rusia \u201czbeh\u201d Parad\u00ebn e Fitores s\u00eb Luft\u00ebs s\u00eb Dyt\u00eb Bot\u00ebrore","gt_translate_keys":[{"key":"rendered","format":"text"}]},"content":{"rendered":"<p><img loading=\"lazy\" decoding=\"async\" class=\"aligncenter size-full wp-image-798810\" src=\"https:\/\/www.hashtag.al\/wp-content\/uploads\/2026\/04\/rusi1.jpg\" alt=\"\" width=\"960\" height=\"640\" srcset=\"https:\/\/www.hashtag.al\/wp-content\/uploads\/2026\/04\/rusi1.jpg 960w, https:\/\/www.hashtag.al\/wp-content\/uploads\/2026\/04\/rusi1-300x200.jpg 300w, https:\/\/www.hashtag.al\/wp-content\/uploads\/2026\/04\/rusi1-768x512.jpg 768w\" sizes=\"auto, (max-width: 960px) 100vw, 960px\" \/><\/p>\n<p><span style=\"color: #000000;\">Rusia do t\u00eb organizoj\u00eb nj\u00eb version t\u00eb reduktuar t\u00eb parad\u00ebs s\u00eb saj vjetore p\u00ebr t\u00eb festuar fitoren n\u00eb Luft\u00ebn e Dyt\u00eb Bot\u00ebrore, pa shfaqjen e zakonshme t\u00eb arm\u00ebve, njoftoi Kremlini t\u00eb m\u00ebrkur\u00ebn, duke p\u00ebrmendur nj\u00eb k\u00ebrc\u00ebnim t\u00eb shtuar nga sulmet ukrainase.<\/span><\/p>\n<p><span style=\"color: #000000;\">Parada e 9 majit n\u00eb Sheshin e Kuq n\u00eb Mosk\u00eb \u00ebsht\u00eb nj\u00eb moment kulmor i kalendarit rus, duke p\u00ebrkujtuar fitoren ndaj Gjermanis\u00eb naziste n\u00eb nj\u00eb konflikt ku Bashkimi Sovjetik \u2014 pjes\u00eb e t\u00eb cilit ishin si Rusia ashtu edhe Ukraina \u2014 humbi 27 milion\u00eb njer\u00ebz.<\/span><\/p>\n<p><span style=\"color: #000000;\">N\u00eb p\u00ebrvjetor\u00ebt e fundit, Rusia ka ekspozuar arm\u00eb, p\u00ebrfshir\u00eb raketa balistike nd\u00ebrkontinentale, dhe Presidenti Vladimir Putin e ka p\u00ebrdorur k\u00ebt\u00eb rast p\u00ebr t\u00eb mobilizuar vendin n\u00eb mb\u00ebshtetje t\u00eb luft\u00ebs n\u00eb Ukrain\u00eb, tashm\u00eb n\u00eb vitin e pest\u00eb.<\/span><\/p>\n<p><span style=\"color: #000000;\">K\u00ebt\u00eb vit, megjithat\u00eb, Ministria e Mbrojtjes tha se nuk do t\u00eb ket\u00eb pajisje ushtarake t\u00eb ekspozuara p\u00ebr shkak t\u00eb asaj q\u00eb e quajti \u201csituata aktuale operacionale\u201d.<\/span><\/p>\n<p><span style=\"color: #000000;\">I pyetur nga gazetar\u00ebt p\u00ebr vendimin, z\u00ebdh\u00ebn\u00ebsi i Kremlinit Dmitry Peskov tha: \u201cRegjimi i Kievit, i cili po humbet terren \u00e7do dit\u00eb n\u00eb fush\u00ebbetej\u00eb, tani ka nisur aktivitet terrorist n\u00eb shkall\u00eb t\u00eb plot\u00eb. Prandaj&#8230; po merren t\u00eb gjitha masat p\u00ebr t\u00eb minimizuar rrezikun.\u201d<\/span><\/p>\n<p><span style=\"color: #000000;\">Nd\u00ebrsa bisedimet p\u00ebr paqe t\u00eb nd\u00ebrmjet\u00ebsuara nga SHBA kan\u00eb ngecur, p\u00ebr shkak se Uashingtoni po fokusohet n\u00eb konfliktin me Iranin, Rusia ka pretenduar p\u00ebrparime graduale n\u00eb fush\u00ebbetej\u00eb n\u00eb jav\u00ebt e fundit, nd\u00ebrsa Ukraina ka shkaktuar d\u00ebme t\u00eb konsiderueshme n\u00eb portet dhe rafinerit\u00eb ruse t\u00eb naft\u00ebs.<\/span><\/p>\n<p><span style=\"color: #000000;\">Dron\u00ebt ukrainas kan\u00eb goditur Mosk\u00ebn n\u00eb m\u00ebnyr\u00eb t\u00eb p\u00ebrs\u00ebritur gjat\u00eb luft\u00ebs, dhe Rusia ka faj\u00ebsuar Kievin p\u00ebr nj\u00eb seri atentatesh dhe tentativash vrasjeje ndaj zyrtar\u00ebve t\u00eb lart\u00eb ushtarak\u00eb n\u00eb dhe pran\u00eb kryeqytetit. Ukraina ka marr\u00eb p\u00ebrgjegj\u00ebsin\u00eb p\u00ebr disa nga k\u00ebto sulme, nd\u00ebrsa t\u00eb tjerat i ka mohuar.<\/span><\/p>\n<p><img loading=\"lazy\" decoding=\"async\" class=\"aligncenter size-full wp-image-798811\" src=\"https:\/\/www.hashtag.al\/wp-content\/uploads\/2026\/04\/rusi3.jpg\" alt=\"\" width=\"960\" height=\"640\" srcset=\"https:\/\/www.hashtag.al\/wp-content\/uploads\/2026\/04\/rusi3.jpg 960w, https:\/\/www.hashtag.al\/wp-content\/uploads\/2026\/04\/rusi3-300x200.jpg 300w, https:\/\/www.hashtag.al\/wp-content\/uploads\/2026\/04\/rusi3-768x512.jpg 768w\" sizes=\"auto, (max-width: 960px) 100vw, 960px\" \/><\/p>\n<p><span style=\"color: #000000;\">KOMENT IRONIK NGA NJ\u00cb KRITIK I KREMLINIT<\/span><\/p>\n<p><span style=\"color: #000000;\">Peskov vuri n\u00eb dukje se eventi i k\u00ebtij viti nuk \u00ebsht\u00eb nj\u00eb p\u00ebrvjetor i madh \u2014 ndryshe nga viti 2025, kur Putin u shoq\u00ebrua nga lider\u00eb t\u00eb huaj, p\u00ebrfshir\u00eb presidentin kinez Xi Jinping, p\u00ebr t\u00eb festuar 80-vjetorin e mposhtjes s\u00eb nazist\u00ebve.<\/span><\/p>\n<p><span style=\"color: #000000;\">Megjithat\u00eb, njoftimi se parada nuk do t\u00eb p\u00ebrfshij\u00eb arm\u00eb nxiti komente t\u00eb ashpra nga kritik\u00ebt e Kremlinit.<\/span><\/p>\n<p><span style=\"color: #000000;\">\u201cA kan\u00eb frik\u00eb nga nj\u00eb rebelim? Apo \u00ebsht\u00eb djegur gjith\u00eb pajisja n\u00eb Ukrain\u00eb?\u201d shkroi n\u00eb rrjetet sociale Abbas Gallyamov, nj\u00eb ish-shkrues fjalimesh i Kremlinit q\u00eb tani \u00ebsht\u00eb n\u00eb list\u00ebn ruse t\u00eb \u201cagjent\u00ebve t\u00eb huaj\u201d.<\/span><\/p>\n<p><span style=\"color: #000000;\">John Foreman, ish-atashe ushtarak britanik n\u00eb Mosk\u00eb, tha se rreth 11,000 trupa dhe rreth 150 mjete ushtarake \u2014 p\u00ebrfshir\u00eb tanke, t\u00eb cilat mungonin n\u00eb dy vitet e m\u00ebparshme \u2014 mor\u00ebn pjes\u00eb n\u00eb parad\u00ebn e vitit 2025.<\/span><\/p>\n<p><span style=\"color: #000000;\">Ai tha se vendimi p\u00ebr t\u00eb mos ekspozuar pajisje ushtarake k\u00ebt\u00eb her\u00eb pasqyron si presionet n\u00eb fush\u00ebbetej\u00eb mbi ushtrin\u00eb ruse, ashtu edhe frik\u00ebn p\u00ebr t\u00eb mos u b\u00ebr\u00eb nj\u00eb objektiv i leht\u00eb p\u00ebr sulmet e Ukrain\u00ebs, duke pasur parasysh rritjen e aft\u00ebsive t\u00eb saj p\u00ebr goditje n\u00eb thell\u00ebsi.<\/span><\/p>\n<p><span style=\"color: #000000;\">Nj\u00eb parad\u00eb madh\u00ebshtore mund t\u00eb t\u00ebrheq\u00eb gjithashtu kritika n\u00eb nj\u00eb koh\u00eb kur nuk shihet fundi i luft\u00ebs, dhe Kremlini \u00ebsht\u00eb detyruar t\u00eb pranoj\u00eb frustrimin e p\u00ebrhapur publik, ve\u00e7an\u00ebrisht p\u00ebr nd\u00ebrprerjet e m\u00ebdha t\u00eb sh\u00ebrbimeve t\u00eb internetit q\u00eb Putin i ka justifikuar me arsye sigurie.<\/span><\/p>\n<p><span style=\"color: #000000;\">\u201cNuk po shkon mir\u00eb \u2014 gjendja shpirt\u00ebrore nuk \u00ebsht\u00eb e mir\u00eb, ka v\u00ebshtir\u00ebsi ekonomike, ata (rus\u00ebt) shohin nj\u00eb luft\u00eb pa fund,\u201d tha Foreman n\u00eb nj\u00eb intervist\u00eb telefonike.<\/span><\/p>\n<p><span style=\"color: #000000;\">Lajmi p\u00ebr parad\u00ebn e reduktuar nxiti diskutime t\u00eb shumta mes rus\u00ebve n\u00eb rrjetet sociale, shkruan <span style=\"color: #0000ff;\"><a style=\"color: #0000ff;\" href=\"https:\/\/www.reuters.com\/world\/europe\/russia-says-its-scaling-down-ww2-victory-parade-due-ukrainian-threat-2026-04-29\/\">Reuters<\/a><\/span>.<\/span><\/p>\n<p><span style=\"color: #000000;\">N\u00eb nj\u00eb bised\u00eb n\u00eb Telegram, nj\u00eb pjes\u00ebmarr\u00ebs tha se do t\u00eb ishte nj\u00eb \u201cparad\u00eb shum\u00eb e \u00e7uditshme\u201d pa arm\u00eb, sepse q\u00ebllimi kryesor \u00ebsht\u00eb t\u00eb tregosh kund\u00ebrshtar\u00ebve se me \u00e7far\u00eb do t\u00eb p\u00ebrballeshin n\u00ebse do t\u00eb sulmonin Rusin\u00eb.<\/span><\/p>\n<p><span style=\"color: #000000;\">T\u00eb tjer\u00eb sugjeruan se koha p\u00ebr nj\u00eb parad\u00eb t\u00eb v\u00ebrtet\u00eb do t\u00eb jet\u00eb kur Rusia t\u00eb arrij\u00eb fitoren.<\/span><\/p>\n<p><span style=\"color: #000000;\">\u201cPor kur do t\u00eb ndodh\u00eb kjo?\u201d pyeti nj\u00eb person.<\/span><\/p>\n","protected":false,"gt_translate_keys":[{"key":"rendered","format":"html"}]},"excerpt":{"rendered":"<p>Rusia do t\u00eb organizoj\u00eb nj\u00eb version t\u00eb reduktuar t\u00eb parad\u00ebs s\u00eb saj vjetore p\u00ebr t\u00eb festuar fitoren n\u00eb Luft\u00ebn e Dyt\u00eb Bot\u00ebrore, pa shfaqjen e zakonshme t\u00eb arm\u00ebve, njoftoi Kremlini t\u00eb m\u00ebrkur\u00ebn, duke p\u00ebrmendur nj\u00eb k\u00ebrc\u00ebnim t\u00eb shtuar nga sulmet ukrainase. Parada e 9 majit n\u00eb Sheshin e Kuq n\u00eb Mosk\u00eb \u00ebsht\u00eb nj\u00eb moment kulmor [&hellip;]<\/p>\n","protected":false,"gt_translate_keys":[{"key":"rendered","format":"html"}]},"author":51,"featured_media":798810,"comment_status":"closed","ping_status":"open","sticky":false,"template":"","format":"standard","meta":{"footnotes":""},"categories":[53],"tags":[],"class_list":["post-798809","post","type-post","status-publish","format-standard","has-post-thumbnail","hentry","category-fast-foodi"],"gt_translate_keys":[{"key":"link","format":"url"}],"_links":{"self":[{"href":"https:\/\/www.hashtag.al\/index.php\/wp-json\/wp\/v2\/posts\/798809","targetHints":{"allow":["GET"]}}],"collection":[{"href":"https:\/\/www.hashtag.al\/index.php\/wp-json\/wp\/v2\/posts"}],"about":[{"href":"https:\/\/www.hashtag.al\/index.php\/wp-json\/wp\/v2\/types\/post"}],"author":[{"embeddable":true,"href":"https:\/\/www.hashtag.al\/index.php\/wp-json\/wp\/v2\/users\/51"}],"replies":[{"embeddable":true,"href":"https:\/\/www.hashtag.al\/index.php\/wp-json\/wp\/v2\/comments?post=798809"}],"version-history":[{"count":99999,"href":"https:\/\/www.hashtag.al\/index.php\/wp-json\/wp\/v2\/posts\/798809\/revisions"}],"predecessor-version":[{"id":798812,"href":"https:\/\/www.hashtag.al\/index.php\/wp-json\/wp\/v2\/posts\/798809\/revisions\/798812"}],"wp:featuredmedia":[{"embeddable":true,"href":"https:\/\/www.hashtag.al\/index.php\/wp-json\/wp\/v2\/media\/798810"}],"wp:attachment":[{"href":"https:\/\/www.hashtag.al\/index.php\/wp-json\/wp\/v2\/media?parent=798809"}],"wp:term":[{"taxonomy":"category","embeddable":true,"href":"https:\/\/www.hashtag.al\/index.php\/wp-json\/wp\/v2\/categories?post=798809"},{"taxonomy":"post_tag","embeddable":true,"href":"https:\/\/www.hashtag.al\/index.php\/wp-json\/wp\/v2\/tags?post=798809"}],"curies":[{"name":"wp","href":"https:\/\/api.w.org\/{rel}","templated":true}]}}