{"id":798803,"date":"2026-04-29T20:07:17","date_gmt":"2026-04-29T18:07:17","guid":{"rendered":"https:\/\/www.hashtag.al\/?p=798803"},"modified":"2026-04-29T20:09:29","modified_gmt":"2026-04-29T18:09:29","slug":"gara-per-kreun-e-pd-se-neser-afati-i-fundit-per-dokumentet-salianji-ngelet-jashte","status":"publish","type":"post","link":"https:\/\/www.hashtag.al\/index.php\/2026\/04\/29\/gara-per-kreun-e-pd-se-neser-afati-i-fundit-per-dokumentet-salianji-ngelet-jashte\/","title":{"rendered":"Gara p\u00ebr kreun e PD-s\u00eb, nes\u00ebr afati i fundit p\u00ebr dokumentet, Salianji ngelet jasht\u00eb","gt_translate_keys":[{"key":"rendered","format":"text"}]},"content":{"rendered":"<p><img loading=\"lazy\" decoding=\"async\" class=\"aligncenter size-full wp-image-775149\" src=\"https:\/\/www.hashtag.al\/wp-content\/uploads\/2025\/12\/berishasalianji.jpg\" alt=\"\" width=\"780\" height=\"440\" srcset=\"https:\/\/www.hashtag.al\/wp-content\/uploads\/2025\/12\/berishasalianji.jpg 780w, https:\/\/www.hashtag.al\/wp-content\/uploads\/2025\/12\/berishasalianji-300x169.jpg 300w, https:\/\/www.hashtag.al\/wp-content\/uploads\/2025\/12\/berishasalianji-768x433.jpg 768w\" sizes=\"auto, (max-width: 780px) 100vw, 780px\" \/><\/p>\n<p><span style=\"color: #000000;\">Nes\u00ebr \u00ebsht\u00eb afati i fundit p\u00ebr regjistrimin e kandidat\u00ebve n\u00eb gar\u00ebn p\u00ebr kreun e PD-s\u00eb n\u00eb zgjedhjet e 23 majit. <\/span><\/p>\n<p><span style=\"color: #000000;\">Ervin Salianji ka mbetur jasht\u00eb gar\u00ebs duke qen\u00eb se \u00ebsht\u00eb djegur nga nj\u00eb pik\u00eb e v\u00ebn\u00eb n\u00eb list\u00ebn e dokumenteve q\u00eb duhen p\u00ebr t\u2019u regjistruar; t\u00eb mos qenit i d\u00ebnuar me vendim t\u00eb form\u00ebs s\u00eb prer\u00eb. <\/span><\/p>\n<p><span style=\"color: #000000;\">N\u00eb gar\u00eb p\u00ebrve\u00e7 kreut historik t\u00eb selis\u00eb blu Berisha, ka shprehur d\u00ebshir\u00ebn p\u00ebr t\u00eb qen\u00eb pjes\u00eb edhe aktivistja Evi Kokalari, e cila ka akuzuar Berish\u00ebn dhe Nok\u00ebn se po p\u00ebrpiqen ta pengojn\u00eb. Po k\u00ebshtu edhe ish-kandidatja p\u00ebr deputete Alesia Balliu ka shprehur publikisht kandidatur\u00ebn e saj, por nuk dihet ende n\u00ebse do jet\u00eb pjes\u00eb e gar\u00ebs s\u00eb 23 majit. <\/span><\/p>\n<p><span style=\"color: #000000;\">Berisha e Salianji kan\u00eb zhvilluar prej koh\u00ebsh nj\u00eb p\u00ebrplasje n\u00eb distanc\u00eb me akuza t\u00eb nd\u00ebrsjella. <\/span><\/p>\n<p><span style=\"color: #000000;\">Nd\u00ebrsa Berisha e akuzon Salianjin se ka bashk\u00ebpunuar me kryeministrin Rama dhe me element\u00eb t\u00eb krimit t\u00eb organizuar n\u00eb foltoret e veta, Salianji e akuzon kryedemokratin se ka marr\u00eb peng PD-n\u00eb, se \u00ebsht\u00eb non-grata nga SHBA e Britania dhe se nuk synon t\u00eb vij\u00eb n\u00eb pushtet po k\u00ebrkon t\u00eb mbaj\u00eb peng opozit\u00ebn.<\/span><\/p>\n<p><img loading=\"lazy\" decoding=\"async\" class=\"aligncenter size-full wp-image-798805\" src=\"https:\/\/www.hashtag.al\/wp-content\/uploads\/2026\/04\/1777467736_WhatsAppImage20260429at14.52.341.jpeg\" alt=\"\" width=\"1047\" height=\"1600\" srcset=\"https:\/\/www.hashtag.al\/wp-content\/uploads\/2026\/04\/1777467736_WhatsAppImage20260429at14.52.341.jpeg 1047w, https:\/\/www.hashtag.al\/wp-content\/uploads\/2026\/04\/1777467736_WhatsAppImage20260429at14.52.341-196x300.jpeg 196w, https:\/\/www.hashtag.al\/wp-content\/uploads\/2026\/04\/1777467736_WhatsAppImage20260429at14.52.341-670x1024.jpeg 670w, https:\/\/www.hashtag.al\/wp-content\/uploads\/2026\/04\/1777467736_WhatsAppImage20260429at14.52.341-768x1174.jpeg 768w, https:\/\/www.hashtag.al\/wp-content\/uploads\/2026\/04\/1777467736_WhatsAppImage20260429at14.52.341-1005x1536.jpeg 1005w\" sizes=\"auto, (max-width: 1047px) 100vw, 1047px\" \/><\/p>\n<p><img loading=\"lazy\" decoding=\"async\" class=\"aligncenter size-full wp-image-798807\" src=\"https:\/\/www.hashtag.al\/wp-content\/uploads\/2026\/04\/1777467736_WhatsAppImage20260429at14.51.591.jpeg\" alt=\"\" width=\"1033\" height=\"1599\" srcset=\"https:\/\/www.hashtag.al\/wp-content\/uploads\/2026\/04\/1777467736_WhatsAppImage20260429at14.51.591.jpeg 1033w, https:\/\/www.hashtag.al\/wp-content\/uploads\/2026\/04\/1777467736_WhatsAppImage20260429at14.51.591-194x300.jpeg 194w, https:\/\/www.hashtag.al\/wp-content\/uploads\/2026\/04\/1777467736_WhatsAppImage20260429at14.51.591-662x1024.jpeg 662w, https:\/\/www.hashtag.al\/wp-content\/uploads\/2026\/04\/1777467736_WhatsAppImage20260429at14.51.591-768x1189.jpeg 768w, https:\/\/www.hashtag.al\/wp-content\/uploads\/2026\/04\/1777467736_WhatsAppImage20260429at14.51.591-992x1536.jpeg 992w\" sizes=\"auto, (max-width: 1033px) 100vw, 1033px\" \/><\/p>\n","protected":false,"gt_translate_keys":[{"key":"rendered","format":"html"}]},"excerpt":{"rendered":"<p>Nes\u00ebr \u00ebsht\u00eb afati i fundit p\u00ebr regjistrimin e kandidat\u00ebve n\u00eb gar\u00ebn p\u00ebr kreun e PD-s\u00eb n\u00eb zgjedhjet e 23 majit. Ervin Salianji ka mbetur jasht\u00eb gar\u00ebs duke qen\u00eb se \u00ebsht\u00eb djegur nga nj\u00eb pik\u00eb e v\u00ebn\u00eb n\u00eb list\u00ebn e dokumenteve q\u00eb duhen p\u00ebr t\u2019u regjistruar; t\u00eb mos qenit i d\u00ebnuar me vendim t\u00eb form\u00ebs s\u00eb [&hellip;]<\/p>\n","protected":false,"gt_translate_keys":[{"key":"rendered","format":"html"}]},"author":51,"featured_media":775149,"comment_status":"closed","ping_status":"open","sticky":false,"template":"","format":"standard","meta":{"footnotes":""},"categories":[65],"tags":[],"class_list":["post-798803","post","type-post","status-publish","format-standard","has-post-thumbnail","hentry","category-lajme"],"gt_translate_keys":[{"key":"link","format":"url"}],"_links":{"self":[{"href":"https:\/\/www.hashtag.al\/index.php\/wp-json\/wp\/v2\/posts\/798803","targetHints":{"allow":["GET"]}}],"collection":[{"href":"https:\/\/www.hashtag.al\/index.php\/wp-json\/wp\/v2\/posts"}],"about":[{"href":"https:\/\/www.hashtag.al\/index.php\/wp-json\/wp\/v2\/types\/post"}],"author":[{"embeddable":true,"href":"https:\/\/www.hashtag.al\/index.php\/wp-json\/wp\/v2\/users\/51"}],"replies":[{"embeddable":true,"href":"https:\/\/www.hashtag.al\/index.php\/wp-json\/wp\/v2\/comments?post=798803"}],"version-history":[{"count":99999,"href":"https:\/\/www.hashtag.al\/index.php\/wp-json\/wp\/v2\/posts\/798803\/revisions"}],"predecessor-version":[{"id":798808,"href":"https:\/\/www.hashtag.al\/index.php\/wp-json\/wp\/v2\/posts\/798803\/revisions\/798808"}],"wp:featuredmedia":[{"embeddable":true,"href":"https:\/\/www.hashtag.al\/index.php\/wp-json\/wp\/v2\/media\/775149"}],"wp:attachment":[{"href":"https:\/\/www.hashtag.al\/index.php\/wp-json\/wp\/v2\/media?parent=798803"}],"wp:term":[{"taxonomy":"category","embeddable":true,"href":"https:\/\/www.hashtag.al\/index.php\/wp-json\/wp\/v2\/categories?post=798803"},{"taxonomy":"post_tag","embeddable":true,"href":"https:\/\/www.hashtag.al\/index.php\/wp-json\/wp\/v2\/tags?post=798803"}],"curies":[{"name":"wp","href":"https:\/\/api.w.org\/{rel}","templated":true}]}}