{"id":798783,"date":"2026-04-29T18:10:16","date_gmt":"2026-04-29T16:10:16","guid":{"rendered":"https:\/\/www.hashtag.al\/?p=798783"},"modified":"2026-04-29T18:10:27","modified_gmt":"2026-04-29T16:10:27","slug":"aksident-i-rende-ne-fier-automjeti-perplas-per-vdekje-65-vjecarin-me-biciklete","status":"publish","type":"post","link":"https:\/\/www.hashtag.al\/index.php\/2026\/04\/29\/aksident-i-rende-ne-fier-automjeti-perplas-per-vdekje-65-vjecarin-me-biciklete\/","title":{"rendered":"Aksident i r\u00ebnd\u00eb n\u00eb Fier, automjeti p\u00ebrplas p\u00ebr vdekje 65-vje\u00e7arin me bi\u00e7iklet\u00eb","gt_translate_keys":[{"key":"rendered","format":"text"}]},"content":{"rendered":"<p><span style=\"color: #000000;\"><a style=\"color: #000000;\" href=\"https:\/\/www.hashtag.al\/index.php\/2026\/04\/29\/aksident-i-rende-ne-fier-automjeti-perplas-per-vdekje-65-vjecarin-me-biciklete\/aksident-fier1\/\" rel=\"attachment wp-att-798784\"><img loading=\"lazy\" decoding=\"async\" class=\"alignnone size-full wp-image-798784\" src=\"https:\/\/www.hashtag.al\/wp-content\/uploads\/2026\/04\/aksident-fier1.jpg\" alt=\"\" width=\"915\" height=\"509\" srcset=\"https:\/\/www.hashtag.al\/wp-content\/uploads\/2026\/04\/aksident-fier1.jpg 915w, https:\/\/www.hashtag.al\/wp-content\/uploads\/2026\/04\/aksident-fier1-300x167.jpg 300w, https:\/\/www.hashtag.al\/wp-content\/uploads\/2026\/04\/aksident-fier1-768x427.jpg 768w\" sizes=\"auto, (max-width: 915px) 100vw, 915px\" \/><\/a><\/span><\/p>\n<p><span style=\"color: #000000;\">Nj\u00eb aksident me pasoj\u00eb vdekje ka ndodhur pak minuta m\u00eb par\u00eb n\u00eb aksin rrugor Fier-Seman, n\u00eb vendin e quajtur Ferm\u00eb-\u00c7lirim.<\/span><\/p>\n<p><span style=\"color: #000000;\">Sipas burimeve paraprake nj\u00eb automjet \u00ebsht\u00eb p\u00ebrplasur me nj\u00eb bi\u00e7iklet\u00eb dhe si pasoj\u00eb e p\u00ebrplasjes s\u00eb fort\u00eb, drejtuesi i bi\u00e7iklet\u00ebs, rreth 65 vje\u00e7, ka humbur jet\u00ebn, nd\u00ebrsa automjeti ka p\u00ebrfunduar n\u00eb kanalin an\u00ebsor t\u00eb rrug\u00ebs.<\/span><\/p>\n<p><span style=\"color: #000000;\">N\u00eb vendngjarje kan\u00eb mb\u00ebrritur menj\u00ebher\u00eb tre ambulanca, sh\u00ebrbimet e policis\u00eb dhe grupi hetimor p\u00ebr t\u00eb p\u00ebrcaktuar shkaqet e k\u00ebtij aksidenti me pasoja fatale.<\/span><\/p>\n<p><img decoding=\"async\" src=\"https:\/\/www.panorama.com.al\/wp-content\/uploads\/2026\/04\/aksident-fier-1.png\" alt=\"aksident fier (1)\" \/><\/p>\n","protected":false,"gt_translate_keys":[{"key":"rendered","format":"html"}]},"excerpt":{"rendered":"<p>Nj\u00eb aksident me pasoj\u00eb vdekje ka ndodhur pak minuta m\u00eb par\u00eb n\u00eb aksin rrugor Fier-Seman, n\u00eb vendin e quajtur Ferm\u00eb-\u00c7lirim. Sipas burimeve paraprake nj\u00eb automjet \u00ebsht\u00eb p\u00ebrplasur me nj\u00eb bi\u00e7iklet\u00eb dhe si pasoj\u00eb e p\u00ebrplasjes s\u00eb fort\u00eb, drejtuesi i bi\u00e7iklet\u00ebs, rreth 65 vje\u00e7, ka humbur jet\u00ebn, nd\u00ebrsa automjeti ka p\u00ebrfunduar n\u00eb kanalin an\u00ebsor t\u00eb rrug\u00ebs. [&hellip;]<\/p>\n","protected":false,"gt_translate_keys":[{"key":"rendered","format":"html"}]},"author":32,"featured_media":798784,"comment_status":"closed","ping_status":"open","sticky":false,"template":"","format":"standard","meta":{"footnotes":""},"categories":[65],"tags":[],"class_list":["post-798783","post","type-post","status-publish","format-standard","has-post-thumbnail","hentry","category-lajme"],"gt_translate_keys":[{"key":"link","format":"url"}],"_links":{"self":[{"href":"https:\/\/www.hashtag.al\/index.php\/wp-json\/wp\/v2\/posts\/798783","targetHints":{"allow":["GET"]}}],"collection":[{"href":"https:\/\/www.hashtag.al\/index.php\/wp-json\/wp\/v2\/posts"}],"about":[{"href":"https:\/\/www.hashtag.al\/index.php\/wp-json\/wp\/v2\/types\/post"}],"author":[{"embeddable":true,"href":"https:\/\/www.hashtag.al\/index.php\/wp-json\/wp\/v2\/users\/32"}],"replies":[{"embeddable":true,"href":"https:\/\/www.hashtag.al\/index.php\/wp-json\/wp\/v2\/comments?post=798783"}],"version-history":[{"count":99999,"href":"https:\/\/www.hashtag.al\/index.php\/wp-json\/wp\/v2\/posts\/798783\/revisions"}],"predecessor-version":[{"id":798786,"href":"https:\/\/www.hashtag.al\/index.php\/wp-json\/wp\/v2\/posts\/798783\/revisions\/798786"}],"wp:featuredmedia":[{"embeddable":true,"href":"https:\/\/www.hashtag.al\/index.php\/wp-json\/wp\/v2\/media\/798784"}],"wp:attachment":[{"href":"https:\/\/www.hashtag.al\/index.php\/wp-json\/wp\/v2\/media?parent=798783"}],"wp:term":[{"taxonomy":"category","embeddable":true,"href":"https:\/\/www.hashtag.al\/index.php\/wp-json\/wp\/v2\/categories?post=798783"},{"taxonomy":"post_tag","embeddable":true,"href":"https:\/\/www.hashtag.al\/index.php\/wp-json\/wp\/v2\/tags?post=798783"}],"curies":[{"name":"wp","href":"https:\/\/api.w.org\/{rel}","templated":true}]}}