{"id":798766,"date":"2026-04-29T17:24:05","date_gmt":"2026-04-29T15:24:05","guid":{"rendered":"https:\/\/www.hashtag.al\/?p=798766"},"modified":"2026-04-29T17:24:05","modified_gmt":"2026-04-29T15:24:05","slug":"kuvendi-nuk-arriti-te-zgjedhe-presidentin-kqz-propozon-daten-7-qershor-per-zhvillimin-e-zgjedhjeve-te-reja-parlamentare","status":"publish","type":"post","link":"https:\/\/www.hashtag.al\/index.php\/2026\/04\/29\/kuvendi-nuk-arriti-te-zgjedhe-presidentin-kqz-propozon-daten-7-qershor-per-zhvillimin-e-zgjedhjeve-te-reja-parlamentare\/","title":{"rendered":"Kuvendi nuk arriti t\u00eb zgjedh\u00eb presidentin, KQZ propozon dat\u00ebn 7 qershor p\u00ebr zhvillimin e zgjedhjeve t\u00eb reja parlamentare","gt_translate_keys":[{"key":"rendered","format":"text"}]},"content":{"rendered":"<p><span style=\"color: #000000;\"><a href=\"https:\/\/www.hashtag.al\/index.php\/2026\/04\/28\/vazhdon-seanca-per-presidentin-ne-kosove-palet-mbeten-te-ndara\/img_7837\/\" rel=\"attachment wp-att-798493\"><img loading=\"lazy\" decoding=\"async\" class=\"alignnone size-full wp-image-798493\" src=\"https:\/\/www.hashtag.al\/wp-content\/uploads\/2026\/04\/IMG_7837.jpeg\" alt=\"\" width=\"780\" height=\"500\" srcset=\"https:\/\/www.hashtag.al\/wp-content\/uploads\/2026\/04\/IMG_7837.jpeg 780w, https:\/\/www.hashtag.al\/wp-content\/uploads\/2026\/04\/IMG_7837-300x192.jpeg 300w, https:\/\/www.hashtag.al\/wp-content\/uploads\/2026\/04\/IMG_7837-768x492.jpeg 768w\" sizes=\"auto, (max-width: 780px) 100vw, 780px\" \/><\/a><\/span><\/p>\n<p><span style=\"color: #000000;\">Pas d\u00ebshtimit t\u00eb Kuvendit n\u00eb mesnat\u00eb p\u00ebr zgjedhjen e presidentit t\u00eb ri, parlamenti \u00ebsht\u00eb shp\u00ebrndar\u00eb dhe Kosova tashm\u00eb do t\u00eb mbaj\u00eb t\u00eb tjera zgjedhje parlamentare brenda 45 dit\u00ebve.<\/span><\/p>\n<p><span style=\"color: #000000;\">Kreu i Komisionit Qendror Zgjedhor (KQZ) Kreshnik Radoniqi, pas nj\u00eb takimi me Albulena Haxhiun, e cila ushtron detyr\u00ebn e presidentes pas dor\u00ebzimit t\u00eb mandatit nga Vjosa Osmani, ka propozuar si dat\u00eb p\u00ebr zhvillimin e zgjedhjeve, 7 qershorin.<\/span><\/p>\n<p><span style=\"color: #000000;\">\u00cbsht\u00eb Haxhiu ajo q\u00eb i mbetet p\u00ebr t\u00eb dekretuar dat\u00ebn e zgjedhjeve t\u00eb reja parlamentare.<\/span><\/p>\n<p><span style=\"color: #000000;\">Q\u00eb nga mbr\u00ebmja e 27 prillit, deputet\u00ebt e shumic\u00ebs parlamentare tentuan t\u00eb zgjidhnin nj\u00eb president t\u00eb ri, por partit\u00eb opozitare bojkotuan punimet e seanc\u00ebs, pasi bisedimet me partin\u00eb n\u00eb pushtet, L\u00ebvizja Vet\u00ebvendosje, d\u00ebshtuan dhe nuk u arrit nj\u00eb marr\u00ebveshje p\u00ebr presidentin.<\/span><\/p>\n<p><span style=\"color: #000000;\">Kryeministri Albin Kurti faj\u00ebsoi opozit\u00ebn p\u00ebr k\u00ebt\u00eb situat\u00eb, duke theksuar se pakica parlamentare nuk do p\u00ebrgjegj\u00ebsi, por k\u00ebrkon vet\u00ebm bllokimin e pun\u00ebs s\u00eb qeveris\u00eb. Seancat kan\u00eb d\u00ebshtuar nj\u00ebra pas tjetr\u00ebs p\u00ebr munges\u00eb kuorumi nd\u00ebrsa kandidaturat e propozuara nga L\u00ebvizja Vet\u00ebvendosje nuk kan\u00eb marr\u00eb numrin e duhur t\u00eb votave.<\/span><\/p>\n<p><span style=\"color: #000000;\">Si propozim nga Lidhja Demokrative e Kosov\u00ebs, u hodh emri i ish-presidentes Vjosa Osmani, por q\u00eb nuk u zyrtarizua si kandidatur\u00eb pasi nuk mori 30 vota nga parlamentar\u00ebt.<\/span><\/p>\n","protected":false,"gt_translate_keys":[{"key":"rendered","format":"html"}]},"excerpt":{"rendered":"<p>Pas d\u00ebshtimit t\u00eb Kuvendit n\u00eb mesnat\u00eb p\u00ebr zgjedhjen e presidentit t\u00eb ri, parlamenti \u00ebsht\u00eb shp\u00ebrndar\u00eb dhe Kosova tashm\u00eb do t\u00eb mbaj\u00eb t\u00eb tjera zgjedhje parlamentare brenda 45 dit\u00ebve. Kreu i Komisionit Qendror Zgjedhor (KQZ) Kreshnik Radoniqi, pas nj\u00eb takimi me Albulena Haxhiun, e cila ushtron detyr\u00ebn e presidentes pas dor\u00ebzimit t\u00eb mandatit nga Vjosa Osmani, [&hellip;]<\/p>\n","protected":false,"gt_translate_keys":[{"key":"rendered","format":"html"}]},"author":32,"featured_media":798493,"comment_status":"closed","ping_status":"open","sticky":false,"template":"","format":"standard","meta":{"footnotes":""},"categories":[149],"tags":[],"class_list":["post-798766","post","type-post","status-publish","format-standard","has-post-thumbnail","hentry","category-kosoverajon"],"gt_translate_keys":[{"key":"link","format":"url"}],"_links":{"self":[{"href":"https:\/\/www.hashtag.al\/index.php\/wp-json\/wp\/v2\/posts\/798766","targetHints":{"allow":["GET"]}}],"collection":[{"href":"https:\/\/www.hashtag.al\/index.php\/wp-json\/wp\/v2\/posts"}],"about":[{"href":"https:\/\/www.hashtag.al\/index.php\/wp-json\/wp\/v2\/types\/post"}],"author":[{"embeddable":true,"href":"https:\/\/www.hashtag.al\/index.php\/wp-json\/wp\/v2\/users\/32"}],"replies":[{"embeddable":true,"href":"https:\/\/www.hashtag.al\/index.php\/wp-json\/wp\/v2\/comments?post=798766"}],"version-history":[{"count":99999,"href":"https:\/\/www.hashtag.al\/index.php\/wp-json\/wp\/v2\/posts\/798766\/revisions"}],"predecessor-version":[{"id":798767,"href":"https:\/\/www.hashtag.al\/index.php\/wp-json\/wp\/v2\/posts\/798766\/revisions\/798767"}],"wp:featuredmedia":[{"embeddable":true,"href":"https:\/\/www.hashtag.al\/index.php\/wp-json\/wp\/v2\/media\/798493"}],"wp:attachment":[{"href":"https:\/\/www.hashtag.al\/index.php\/wp-json\/wp\/v2\/media?parent=798766"}],"wp:term":[{"taxonomy":"category","embeddable":true,"href":"https:\/\/www.hashtag.al\/index.php\/wp-json\/wp\/v2\/categories?post=798766"},{"taxonomy":"post_tag","embeddable":true,"href":"https:\/\/www.hashtag.al\/index.php\/wp-json\/wp\/v2\/tags?post=798766"}],"curies":[{"name":"wp","href":"https:\/\/api.w.org\/{rel}","templated":true}]}}