{"id":798745,"date":"2026-04-29T14:58:44","date_gmt":"2026-04-29T12:58:44","guid":{"rendered":"https:\/\/www.hashtag.al\/?p=798745"},"modified":"2026-04-29T14:59:46","modified_gmt":"2026-04-29T12:59:46","slug":"vrasja-e-dyfishte-ne-lezhe-gjendet-edhe-makina-e-dyte-e-autoreve-ne-torovice","status":"publish","type":"post","link":"https:\/\/www.hashtag.al\/index.php\/2026\/04\/29\/vrasja-e-dyfishte-ne-lezhe-gjendet-edhe-makina-e-dyte-e-autoreve-ne-torovice\/","title":{"rendered":"Vrasja e dyfisht\u00eb n\u00eb Lezh\u00eb, gjendet edhe makina e dyt\u00eb e autor\u00ebve n\u00eb Torovic\u00eb","gt_translate_keys":[{"key":"rendered","format":"text"}]},"content":{"rendered":"<p><span style=\"color: #000000;\"><a href=\"https:\/\/www.hashtag.al\/index.php\/2026\/04\/29\/vrasja-e-dyfishte-ne-lezhe-gjendet-edhe-makina-e-dyte-e-autoreve-ne-torovice\/screenshot-2026-04-29-055636\/\" rel=\"attachment wp-att-798747\"><img loading=\"lazy\" decoding=\"async\" class=\"alignnone size-full wp-image-798747\" src=\"https:\/\/www.hashtag.al\/wp-content\/uploads\/2026\/04\/Screenshot-2026-04-29-055636.png\" alt=\"\" width=\"758\" height=\"402\" srcset=\"https:\/\/www.hashtag.al\/wp-content\/uploads\/2026\/04\/Screenshot-2026-04-29-055636.png 758w, https:\/\/www.hashtag.al\/wp-content\/uploads\/2026\/04\/Screenshot-2026-04-29-055636-300x159.png 300w\" sizes=\"auto, (max-width: 758px) 100vw, 758px\" \/><\/a><\/span><\/p>\n<p><span style=\"color: #000000;\">Zbardhen detaje t\u00eb reja nga hetimet p\u00ebr vrasjen e dyfisht\u00eb t\u00eb ndodhur m\u00eb 26 prill n\u00eb fshatin Balldren, ku humb\u00ebn jet\u00ebn Kreshnik dhe Gentjana Mujeci. Policia ka b\u00ebr\u00eb t\u00eb ditur se \u00ebsht\u00eb gjetur edhe automjeti i dyt\u00eb i dyshuar i p\u00ebrdorur nga autor\u00ebt.<\/span><\/p>\n<p><span style=\"color: #000000;\">Sipas njoftimit zyrtar, n\u00eb fshatin Torovic\u00eb, n\u00eb nj\u00eb rrug\u00eb dyt\u00ebsore pran\u00eb nj\u00eb kanali, \u00ebsht\u00eb lokalizuar nj\u00eb mjet tip \u201cAudi A4\u201d, i cili dyshohet se ka qen\u00eb pjes\u00eb e dinamik\u00ebs s\u00eb atentatit. Dyshohet se ky automjet \u00ebsht\u00eb p\u00ebrdorur nga bashkautor\u00ebt q\u00eb kishin rolin e v\u00ebzhgimit t\u00eb l\u00ebvizjeve t\u00eb viktimave.<\/span><\/p>\n<p><span style=\"color: #000000;\">Gjat\u00eb kontrollit t\u00eb automjetit, sh\u00ebrbimet e policis\u00eb kan\u00eb gjetur brenda dokumente q\u00eb u p\u00ebrkasin personave t\u00eb shpallur n\u00eb k\u00ebrkim, \u00e7ka mund t\u00eb ndihmoj\u00eb n\u00eb identifikimin dhe kapjen e tyre.<\/span><\/p>\n<p><span style=\"color: #000000;\">Automjeti \u00ebsht\u00eb sekuestruar n\u00eb cil\u00ebsin\u00eb e prov\u00ebs materiale dhe do t\u2019i n\u00ebnshtrohet ekspertizave kriminalistike p\u00ebr t\u00eb siguruar prova shtes\u00eb.<\/span><\/p>\n<p><span style=\"color: #000000;\">Nj\u00eb dit\u00eb m\u00eb par\u00eb, n\u00eb t\u00eb nj\u00ebjt\u00ebn zon\u00eb ishte gjetur edhe nj\u00eb automjet tjet\u00ebr, tip \u201cVolkswagen Polo\u201d, i cili dyshohet se \u00ebsht\u00eb p\u00ebrdorur gjat\u00eb atentatit.<\/span><\/p>\n<p><span style=\"color: #000000;\">Policia b\u00ebn me dije se vijojn\u00eb kontrollet intensive n\u00eb terren p\u00ebr lokalizimin dhe kapjen e autor\u00ebve, nd\u00ebrsa materialet procedurale i jan\u00eb referuar Prokuroria e Lezh\u00ebs p\u00ebr veprime t\u00eb m\u00ebtejshme.<\/span><\/p>\n","protected":false,"gt_translate_keys":[{"key":"rendered","format":"html"}]},"excerpt":{"rendered":"<p>Zbardhen detaje t\u00eb reja nga hetimet p\u00ebr vrasjen e dyfisht\u00eb t\u00eb ndodhur m\u00eb 26 prill n\u00eb fshatin Balldren, ku humb\u00ebn jet\u00ebn Kreshnik dhe Gentjana Mujeci. Policia ka b\u00ebr\u00eb t\u00eb ditur se \u00ebsht\u00eb gjetur edhe automjeti i dyt\u00eb i dyshuar i p\u00ebrdorur nga autor\u00ebt. Sipas njoftimit zyrtar, n\u00eb fshatin Torovic\u00eb, n\u00eb nj\u00eb rrug\u00eb dyt\u00ebsore pran\u00eb nj\u00eb [&hellip;]<\/p>\n","protected":false,"gt_translate_keys":[{"key":"rendered","format":"html"}]},"author":32,"featured_media":798747,"comment_status":"closed","ping_status":"open","sticky":false,"template":"","format":"standard","meta":{"footnotes":""},"categories":[65],"tags":[],"class_list":["post-798745","post","type-post","status-publish","format-standard","has-post-thumbnail","hentry","category-lajme"],"gt_translate_keys":[{"key":"link","format":"url"}],"_links":{"self":[{"href":"https:\/\/www.hashtag.al\/index.php\/wp-json\/wp\/v2\/posts\/798745","targetHints":{"allow":["GET"]}}],"collection":[{"href":"https:\/\/www.hashtag.al\/index.php\/wp-json\/wp\/v2\/posts"}],"about":[{"href":"https:\/\/www.hashtag.al\/index.php\/wp-json\/wp\/v2\/types\/post"}],"author":[{"embeddable":true,"href":"https:\/\/www.hashtag.al\/index.php\/wp-json\/wp\/v2\/users\/32"}],"replies":[{"embeddable":true,"href":"https:\/\/www.hashtag.al\/index.php\/wp-json\/wp\/v2\/comments?post=798745"}],"version-history":[{"count":99999,"href":"https:\/\/www.hashtag.al\/index.php\/wp-json\/wp\/v2\/posts\/798745\/revisions"}],"predecessor-version":[{"id":798749,"href":"https:\/\/www.hashtag.al\/index.php\/wp-json\/wp\/v2\/posts\/798745\/revisions\/798749"}],"wp:featuredmedia":[{"embeddable":true,"href":"https:\/\/www.hashtag.al\/index.php\/wp-json\/wp\/v2\/media\/798747"}],"wp:attachment":[{"href":"https:\/\/www.hashtag.al\/index.php\/wp-json\/wp\/v2\/media?parent=798745"}],"wp:term":[{"taxonomy":"category","embeddable":true,"href":"https:\/\/www.hashtag.al\/index.php\/wp-json\/wp\/v2\/categories?post=798745"},{"taxonomy":"post_tag","embeddable":true,"href":"https:\/\/www.hashtag.al\/index.php\/wp-json\/wp\/v2\/tags?post=798745"}],"curies":[{"name":"wp","href":"https:\/\/api.w.org\/{rel}","templated":true}]}}