{"id":798717,"date":"2026-04-29T11:56:36","date_gmt":"2026-04-29T09:56:36","guid":{"rendered":"https:\/\/www.hashtag.al\/?p=798717"},"modified":"2026-04-29T11:56:36","modified_gmt":"2026-04-29T09:56:36","slug":"amnistia-fiskale-pa-akte-nenligjore-malaj-do-te-publikohen-brenda-majit","status":"publish","type":"post","link":"https:\/\/www.hashtag.al\/index.php\/2026\/04\/29\/amnistia-fiskale-pa-akte-nenligjore-malaj-do-te-publikohen-brenda-majit\/","title":{"rendered":"Amnistia fiskale pa akte n\u00ebnligjore, Malaj: Do t\u00eb publikohen brenda majit","gt_translate_keys":[{"key":"rendered","format":"text"}]},"content":{"rendered":"<p data-start=\"116\" data-end=\"331\"><span style=\"color: #000000;\"><a href=\"https:\/\/www.hashtag.al\/index.php\/2025\/11\/19\/prezantohet-ne-kuvend-pr-buxheti-2026-me-vlere-8-8-mld-e-ministri-malaj-rrit-pensionet-e-pagat\/1763563156_petritmalaj\/\" rel=\"attachment wp-att-772254\"><img loading=\"lazy\" decoding=\"async\" class=\"alignnone size-full wp-image-772254\" src=\"https:\/\/www.hashtag.al\/wp-content\/uploads\/2025\/11\/1763563156_petritmalaj.jpg\" alt=\"\" width=\"780\" height=\"440\" srcset=\"https:\/\/www.hashtag.al\/wp-content\/uploads\/2025\/11\/1763563156_petritmalaj.jpg 780w, https:\/\/www.hashtag.al\/wp-content\/uploads\/2025\/11\/1763563156_petritmalaj-300x169.jpg 300w, https:\/\/www.hashtag.al\/wp-content\/uploads\/2025\/11\/1763563156_petritmalaj-768x433.jpg 768w\" sizes=\"auto, (max-width: 780px) 100vw, 780px\" \/><\/a><br \/>\nEdhe pse ligji i Amnistis\u00eb Fiskale \u00ebsht\u00eb miratuar, mungesa e akteve n\u00ebnligjore po krijon paqart\u00ebsi n\u00eb zbatimin e tij, nd\u00ebrsa bizneset raportojn\u00eb p\u00ebr presion dhe mbledhje selektive t\u00eb detyrimeve nga organet tatimore.<\/span><\/p>\n<p data-start=\"333\" data-end=\"549\"><span style=\"color: #000000;\">N\u00eb k\u00ebto kushte, subjektet ekonomike pretendojn\u00eb se po u k\u00ebrkohet t\u00eb shlyejn\u00eb detyrime p\u00ebrpara se t\u00eb p\u00ebrfitojn\u00eb nga leht\u00ebsit\u00eb e parashikuara n\u00eb ligj, duke e cil\u00ebsuar k\u00ebt\u00eb praktik\u00eb n\u00eb kund\u00ebrshtim me frym\u00ebn e amnistis\u00eb.<\/span><\/p>\n<p data-start=\"551\" data-end=\"770\"><span style=\"color: #000000;\">Nga ana tjet\u00ebr, ministri i Financave, <span class=\"hover:entity-accent entity-underline inline cursor-pointer align-baseline\"><span class=\"whitespace-normal\">Petrit Malaj<\/span><\/span>, b\u00ebri t\u00eb ditur se aktet n\u00ebnligjore p\u00ebr zbatimin e politikave t\u00eb ashtuquajtura \u201cpaqe fiskale\u201d dhe fshirjes s\u00eb detyrimeve jan\u00eb drejt finalizimit.<\/span><\/p>\n<p data-start=\"772\" data-end=\"954\"><span style=\"color: #000000;\">Sipas tij, k\u00ebto akte jan\u00eb diskutuar edhe me organizma nd\u00ebrkomb\u00ebtar\u00eb dhe pritet t\u00eb publikohen brenda muajit maj, duke p\u00ebrcaktuar procedurat konkrete q\u00eb duhet t\u00eb ndjekin tatimpaguesit.<\/span><\/p>\n<p data-start=\"956\" data-end=\"1107\"><span style=\"color: #000000;\">\u201cFshirja e detyrimeve do t\u00eb p\u00ebrfshij\u00eb si detyrimet doganore, ashtu edhe ato tatimore, n\u00eb p\u00ebrputhje me parashikimet ligjore ekzistuese\u201d, deklaroi Malaj.<\/span><\/p>\n<p data-start=\"1109\" data-end=\"1239\"><span style=\"color: #000000;\">Ai theksoi se nga kjo skem\u00eb do t\u00eb p\u00ebrfitojn\u00eb t\u00eb gjith\u00eb tatimpaguesit q\u00eb plot\u00ebsojn\u00eb kriteret e p\u00ebrcaktuara p\u00ebr faljen e detyrimeve.<\/span><\/p>\n<p data-start=\"1241\" data-end=\"1595\" data-is-last-node=\"\" data-is-only-node=\"\"><span style=\"color: #000000;\">Nd\u00ebrkoh\u00eb, ekspert\u00eb dhe p\u00ebrfaq\u00ebsues t\u00eb biznesit n\u00ebnvizojn\u00eb se aktet n\u00ebnligjore jan\u00eb thelb\u00ebsore p\u00ebr zbatimin praktik t\u00eb ligjit, pasi ato p\u00ebrcaktojn\u00eb hapat dhe procedurat konkrete p\u00ebr p\u00ebrfitimin nga amnistia fiskale. Megjithat\u00eb, deri n\u00eb hyrjen e tyre n\u00eb fuqi, situata mbetet e paqart\u00eb dhe e shoq\u00ebruar me tensione mes administrat\u00ebs tatimore dhe sip\u00ebrmarrjes.<\/span><\/p>\n","protected":false,"gt_translate_keys":[{"key":"rendered","format":"html"}]},"excerpt":{"rendered":"<p>Edhe pse ligji i Amnistis\u00eb Fiskale \u00ebsht\u00eb miratuar, mungesa e akteve n\u00ebnligjore po krijon paqart\u00ebsi n\u00eb zbatimin e tij, nd\u00ebrsa bizneset raportojn\u00eb p\u00ebr presion dhe mbledhje selektive t\u00eb detyrimeve nga organet tatimore. N\u00eb k\u00ebto kushte, subjektet ekonomike pretendojn\u00eb se po u k\u00ebrkohet t\u00eb shlyejn\u00eb detyrime p\u00ebrpara se t\u00eb p\u00ebrfitojn\u00eb nga leht\u00ebsit\u00eb e parashikuara n\u00eb ligj, [&hellip;]<\/p>\n","protected":false,"gt_translate_keys":[{"key":"rendered","format":"html"}]},"author":32,"featured_media":772254,"comment_status":"closed","ping_status":"open","sticky":false,"template":"","format":"standard","meta":{"footnotes":""},"categories":[65],"tags":[],"class_list":["post-798717","post","type-post","status-publish","format-standard","has-post-thumbnail","hentry","category-lajme"],"gt_translate_keys":[{"key":"link","format":"url"}],"_links":{"self":[{"href":"https:\/\/www.hashtag.al\/index.php\/wp-json\/wp\/v2\/posts\/798717","targetHints":{"allow":["GET"]}}],"collection":[{"href":"https:\/\/www.hashtag.al\/index.php\/wp-json\/wp\/v2\/posts"}],"about":[{"href":"https:\/\/www.hashtag.al\/index.php\/wp-json\/wp\/v2\/types\/post"}],"author":[{"embeddable":true,"href":"https:\/\/www.hashtag.al\/index.php\/wp-json\/wp\/v2\/users\/32"}],"replies":[{"embeddable":true,"href":"https:\/\/www.hashtag.al\/index.php\/wp-json\/wp\/v2\/comments?post=798717"}],"version-history":[{"count":99999,"href":"https:\/\/www.hashtag.al\/index.php\/wp-json\/wp\/v2\/posts\/798717\/revisions"}],"predecessor-version":[{"id":798718,"href":"https:\/\/www.hashtag.al\/index.php\/wp-json\/wp\/v2\/posts\/798717\/revisions\/798718"}],"wp:featuredmedia":[{"embeddable":true,"href":"https:\/\/www.hashtag.al\/index.php\/wp-json\/wp\/v2\/media\/772254"}],"wp:attachment":[{"href":"https:\/\/www.hashtag.al\/index.php\/wp-json\/wp\/v2\/media?parent=798717"}],"wp:term":[{"taxonomy":"category","embeddable":true,"href":"https:\/\/www.hashtag.al\/index.php\/wp-json\/wp\/v2\/categories?post=798717"},{"taxonomy":"post_tag","embeddable":true,"href":"https:\/\/www.hashtag.al\/index.php\/wp-json\/wp\/v2\/tags?post=798717"}],"curies":[{"name":"wp","href":"https:\/\/api.w.org\/{rel}","templated":true}]}}