{"id":798715,"date":"2026-04-29T13:00:40","date_gmt":"2026-04-29T11:00:40","guid":{"rendered":"https:\/\/www.hashtag.al\/?p=798715"},"modified":"2026-04-29T13:00:40","modified_gmt":"2026-04-29T11:00:40","slug":"zgjedhje-te-parakohshme-ne-kosove-vjosa-osmani-mbreme-ka-qene-nje-nate-e-rende-per-kosoven","status":"publish","type":"post","link":"https:\/\/www.hashtag.al\/index.php\/2026\/04\/29\/zgjedhje-te-parakohshme-ne-kosove-vjosa-osmani-mbreme-ka-qene-nje-nate-e-rende-per-kosoven\/","title":{"rendered":"Zgjedhje t\u00eb parakohshme n\u00eb Kosov\u00eb, Vjosa Osmani: Mbr\u00ebm\u00eb ka qen\u00eb nj\u00eb nat\u00eb e r\u00ebnd\u00eb p\u00ebr Kosov\u00ebn","gt_translate_keys":[{"key":"rendered","format":"text"}]},"content":{"rendered":"<p data-start=\"109\" data-end=\"371\"><span style=\"color: #000000;\"><a href=\"https:\/\/www.hashtag.al\/index.php\/2024\/04\/22\/femijet-jane-djegur-te-gjalle-nga-serbet-osmani-kujtimet-e-luftes-jane-ne-mendjet-dhe-shpirtrat-tone\/vjosa-osmani1-768x432\/\" rel=\"attachment wp-att-669533\"><img loading=\"lazy\" decoding=\"async\" class=\"alignnone size-full wp-image-669533\" src=\"https:\/\/www.hashtag.al\/wp-content\/uploads\/2024\/04\/Vjosa-Osmani1-768x432-1.webp\" alt=\"\" width=\"768\" height=\"432\" srcset=\"https:\/\/www.hashtag.al\/wp-content\/uploads\/2024\/04\/Vjosa-Osmani1-768x432-1.webp 768w, https:\/\/www.hashtag.al\/wp-content\/uploads\/2024\/04\/Vjosa-Osmani1-768x432-1-300x169.webp 300w\" sizes=\"auto, (max-width: 768px) 100vw, 768px\" \/><\/a><br \/>\nMoszgjedhja e presidentit t\u00eb ri ka hapur rrug\u00ebn p\u00ebr zgjedhje t\u00eb parakohshme n\u00eb <span class=\"hover:entity-accent entity-underline inline cursor-pointer align-baseline\"><span class=\"whitespace-normal\">Kosov\u00eb<\/span><\/span> brenda 45 dit\u00ebsh, nd\u00ebrsa ish-presidentja <span class=\"hover:entity-accent entity-underline inline cursor-pointer align-baseline\"><span class=\"whitespace-normal\">Vjosa Osmani<\/span><\/span> ka reaguar me nj\u00eb mesazh drejtuar qytetar\u00ebve dhe forcave politike.<\/span><\/p>\n<p data-start=\"373\" data-end=\"580\"><span style=\"color: #000000;\">P\u00ebrmes nj\u00eb videoje t\u00eb publikuar n\u00eb rrjetet sociale, Osmani e cil\u00ebsoi situat\u00ebn si nj\u00eb moment t\u00eb v\u00ebshtir\u00eb p\u00ebr vendin, duke theksuar se qytetar\u00ebt e Kosov\u00ebs kan\u00eb treguar gjithmon\u00eb forc\u00eb p\u00ebr t\u00eb p\u00ebrballuar sfidat.<\/span><\/p>\n<p data-start=\"582\" data-end=\"800\"><span style=\"color: #000000;\">\u201cMbr\u00ebm\u00eb ka qen\u00eb nj\u00eb nat\u00eb e r\u00ebnd\u00eb p\u00ebr Kosov\u00ebn, por ky popull ka ditur t\u00eb ngrihet edhe nga momente shum\u00eb m\u00eb t\u00eb r\u00ebnda. Ka ardhur koha p\u00ebr dashni. Mjaft m\u00eb me propagand\u00eb, p\u00ebr\u00e7arje e ndjellje t\u00eb frik\u00ebs,\u201d \u00ebsht\u00eb shprehur ajo.<\/span><\/p>\n<p data-start=\"802\" data-end=\"964\"><span style=\"color: #000000;\">Ish-presidentja theksoi se rrug\u00ebt q\u00eb mbyllen nga padrejt\u00ebsit\u00eb hapen nga vullneti i qytetar\u00ebve, duke b\u00ebr\u00eb thirrje p\u00ebr m\u00eb shum\u00eb unitet n\u00eb prag t\u00eb procesit zgjedhor.<\/span><\/p>\n<p data-start=\"966\" data-end=\"1131\" data-is-last-node=\"\" data-is-only-node=\"\"><span style=\"color: #000000;\">\u201cAty ku ka urrejtje duhet t\u00eb sjellim dashni, aty ku ka frik\u00eb duhet t\u00eb sjellim shpres\u00eb. Aty ku ka propagand\u00eb e shpifje duhet ta mbrojm\u00eb t\u00eb v\u00ebrtet\u00ebn,\u201d u shpreh Osmani.<\/span><\/p>\n","protected":false,"gt_translate_keys":[{"key":"rendered","format":"html"}]},"excerpt":{"rendered":"<p>Moszgjedhja e presidentit t\u00eb ri ka hapur rrug\u00ebn p\u00ebr zgjedhje t\u00eb parakohshme n\u00eb Kosov\u00eb brenda 45 dit\u00ebsh, nd\u00ebrsa ish-presidentja Vjosa Osmani ka reaguar me nj\u00eb mesazh drejtuar qytetar\u00ebve dhe forcave politike. P\u00ebrmes nj\u00eb videoje t\u00eb publikuar n\u00eb rrjetet sociale, Osmani e cil\u00ebsoi situat\u00ebn si nj\u00eb moment t\u00eb v\u00ebshtir\u00eb p\u00ebr vendin, duke theksuar se qytetar\u00ebt e [&hellip;]<\/p>\n","protected":false,"gt_translate_keys":[{"key":"rendered","format":"html"}]},"author":32,"featured_media":669533,"comment_status":"closed","ping_status":"open","sticky":false,"template":"","format":"standard","meta":{"footnotes":""},"categories":[149],"tags":[],"class_list":["post-798715","post","type-post","status-publish","format-standard","has-post-thumbnail","hentry","category-kosoverajon"],"gt_translate_keys":[{"key":"link","format":"url"}],"_links":{"self":[{"href":"https:\/\/www.hashtag.al\/index.php\/wp-json\/wp\/v2\/posts\/798715","targetHints":{"allow":["GET"]}}],"collection":[{"href":"https:\/\/www.hashtag.al\/index.php\/wp-json\/wp\/v2\/posts"}],"about":[{"href":"https:\/\/www.hashtag.al\/index.php\/wp-json\/wp\/v2\/types\/post"}],"author":[{"embeddable":true,"href":"https:\/\/www.hashtag.al\/index.php\/wp-json\/wp\/v2\/users\/32"}],"replies":[{"embeddable":true,"href":"https:\/\/www.hashtag.al\/index.php\/wp-json\/wp\/v2\/comments?post=798715"}],"version-history":[{"count":99999,"href":"https:\/\/www.hashtag.al\/index.php\/wp-json\/wp\/v2\/posts\/798715\/revisions"}],"predecessor-version":[{"id":798716,"href":"https:\/\/www.hashtag.al\/index.php\/wp-json\/wp\/v2\/posts\/798715\/revisions\/798716"}],"wp:featuredmedia":[{"embeddable":true,"href":"https:\/\/www.hashtag.al\/index.php\/wp-json\/wp\/v2\/media\/669533"}],"wp:attachment":[{"href":"https:\/\/www.hashtag.al\/index.php\/wp-json\/wp\/v2\/media?parent=798715"}],"wp:term":[{"taxonomy":"category","embeddable":true,"href":"https:\/\/www.hashtag.al\/index.php\/wp-json\/wp\/v2\/categories?post=798715"},{"taxonomy":"post_tag","embeddable":true,"href":"https:\/\/www.hashtag.al\/index.php\/wp-json\/wp\/v2\/tags?post=798715"}],"curies":[{"name":"wp","href":"https:\/\/api.w.org\/{rel}","templated":true}]}}