{"id":798703,"date":"2026-04-29T10:51:15","date_gmt":"2026-04-29T08:51:15","guid":{"rendered":"https:\/\/www.hashtag.al\/?p=798703"},"modified":"2026-04-29T10:53:36","modified_gmt":"2026-04-29T08:53:36","slug":"apeli-i-gjkko-rrezon-kerkesen-e-kryebashkiakut-veliaj-per-pezullimin-e-afateve-te-paraburgimit","status":"publish","type":"post","link":"https:\/\/www.hashtag.al\/index.php\/2026\/04\/29\/apeli-i-gjkko-rrezon-kerkesen-e-kryebashkiakut-veliaj-per-pezullimin-e-afateve-te-paraburgimit\/","title":{"rendered":"Apeli i GJKKO rr\u00ebzon k\u00ebrkes\u00ebn e kryebashkiakut Veliaj p\u00ebr pezullimin e afateve t\u00eb paraburgimit","gt_translate_keys":[{"key":"rendered","format":"text"}]},"content":{"rendered":"<p data-start=\"0\" data-end=\"200\"><span style=\"color: #000000;\"><span class=\"hover:entity-accent entity-underline inline cursor-pointer align-baseline\"><span class=\"whitespace-normal\"><img loading=\"lazy\" decoding=\"async\" class=\"aligncenter size-full wp-image-795418\" src=\"https:\/\/www.hashtag.al\/wp-content\/uploads\/2026\/04\/1771448548_17593386971758635907erionveliajnkshillbashkiak.jpeg\" alt=\"\" width=\"780\" height=\"440\" srcset=\"https:\/\/www.hashtag.al\/wp-content\/uploads\/2026\/04\/1771448548_17593386971758635907erionveliajnkshillbashkiak.jpeg 780w, https:\/\/www.hashtag.al\/wp-content\/uploads\/2026\/04\/1771448548_17593386971758635907erionveliajnkshillbashkiak-300x169.jpeg 300w, https:\/\/www.hashtag.al\/wp-content\/uploads\/2026\/04\/1771448548_17593386971758635907erionveliajnkshillbashkiak-768x433.jpeg 768w\" sizes=\"auto, (max-width: 780px) 100vw, 780px\" \/><br \/>\nGjykata e Posa\u00e7me e Apelit<\/span><\/span> ka rr\u00ebzuar k\u00ebrkes\u00ebn e kryetarit t\u00eb Bashkis\u00eb Tiran\u00eb, <span class=\"hover:entity-accent entity-underline inline cursor-pointer align-baseline\"><span class=\"whitespace-normal\">Erion Veliaj<\/span><\/span>, i cili kund\u00ebrshtonte vendimin p\u00ebr pezullimin e afateve t\u00eb paraburgimit.<\/span><\/p>\n<p data-start=\"202\" data-end=\"406\"><span style=\"color: #000000;\">Vendimi l\u00eb n\u00eb fuqi q\u00ebndrimin e m\u00ebparsh\u00ebm t\u00eb <span class=\"hover:entity-accent entity-underline inline cursor-pointer align-baseline\"><span class=\"whitespace-normal\">GJKKO-s\u00eb<\/span><\/span>, e cila kishte vendosur pezullimin e afateve n\u00eb dy seanca t\u00eb ndara, p\u00ebr shkak t\u00eb munges\u00ebs s\u00eb disa t\u00eb pandehurve n\u00eb proces.<\/span><\/p>\n<p data-start=\"408\" data-end=\"752\"><span style=\"color: #000000;\">Seanca e m\u00ebparshme n\u00eb Apel ishte shtyr\u00eb p\u00ebr shkak t\u00eb problemeve procedurale q\u00eb lidhen me njoftimin e Veliajt nga Drejtoria e Burgut t\u00eb Durr\u00ebsit. Sipas gjyqtares Saida Dollani, institucioni kishte paraqitur vet\u00ebm nj\u00eb kopje t\u00eb dokumentit q\u00eb provonte dijenin\u00eb e tij p\u00ebr gjyqin dhe jo dokumentin origjinal, \u00e7ka u konsiderua parregullsi procedurale.<\/span><\/p>\n<p data-start=\"408\" data-end=\"752\"><span style=\"color: #000000;\">Veliaj e kund\u00ebrshton k\u00ebt\u00eb praktik\u00eb, duke argumentuar se ka qen\u00eb vazhdimisht i p\u00ebrfaq\u00ebsuar nga avokati i tij dhe se afatet e paraburgimit nuk duhet t\u00eb pezullohen n\u00eb m\u00ebnyr\u00eb kolektive p\u00ebr t\u00eb gjith\u00eb t\u00eb akuzuarit, p\u00ebr shkak t\u00eb vonesave q\u00eb lidhen me persona t\u00eb tjer\u00eb.<\/span><\/p>\n","protected":false,"gt_translate_keys":[{"key":"rendered","format":"html"}]},"excerpt":{"rendered":"<p>Gjykata e Posa\u00e7me e Apelit ka rr\u00ebzuar k\u00ebrkes\u00ebn e kryetarit t\u00eb Bashkis\u00eb Tiran\u00eb, Erion Veliaj, i cili kund\u00ebrshtonte vendimin p\u00ebr pezullimin e afateve t\u00eb paraburgimit. Vendimi l\u00eb n\u00eb fuqi q\u00ebndrimin e m\u00ebparsh\u00ebm t\u00eb GJKKO-s\u00eb, e cila kishte vendosur pezullimin e afateve n\u00eb dy seanca t\u00eb ndara, p\u00ebr shkak t\u00eb munges\u00ebs s\u00eb disa t\u00eb pandehurve n\u00eb [&hellip;]<\/p>\n","protected":false,"gt_translate_keys":[{"key":"rendered","format":"html"}]},"author":49,"featured_media":795418,"comment_status":"closed","ping_status":"open","sticky":false,"template":"","format":"standard","meta":{"footnotes":""},"categories":[65],"tags":[],"class_list":["post-798703","post","type-post","status-publish","format-standard","has-post-thumbnail","hentry","category-lajme"],"gt_translate_keys":[{"key":"link","format":"url"}],"_links":{"self":[{"href":"https:\/\/www.hashtag.al\/index.php\/wp-json\/wp\/v2\/posts\/798703","targetHints":{"allow":["GET"]}}],"collection":[{"href":"https:\/\/www.hashtag.al\/index.php\/wp-json\/wp\/v2\/posts"}],"about":[{"href":"https:\/\/www.hashtag.al\/index.php\/wp-json\/wp\/v2\/types\/post"}],"author":[{"embeddable":true,"href":"https:\/\/www.hashtag.al\/index.php\/wp-json\/wp\/v2\/users\/49"}],"replies":[{"embeddable":true,"href":"https:\/\/www.hashtag.al\/index.php\/wp-json\/wp\/v2\/comments?post=798703"}],"version-history":[{"count":99999,"href":"https:\/\/www.hashtag.al\/index.php\/wp-json\/wp\/v2\/posts\/798703\/revisions"}],"predecessor-version":[{"id":798705,"href":"https:\/\/www.hashtag.al\/index.php\/wp-json\/wp\/v2\/posts\/798703\/revisions\/798705"}],"wp:featuredmedia":[{"embeddable":true,"href":"https:\/\/www.hashtag.al\/index.php\/wp-json\/wp\/v2\/media\/795418"}],"wp:attachment":[{"href":"https:\/\/www.hashtag.al\/index.php\/wp-json\/wp\/v2\/media?parent=798703"}],"wp:term":[{"taxonomy":"category","embeddable":true,"href":"https:\/\/www.hashtag.al\/index.php\/wp-json\/wp\/v2\/categories?post=798703"},{"taxonomy":"post_tag","embeddable":true,"href":"https:\/\/www.hashtag.al\/index.php\/wp-json\/wp\/v2\/tags?post=798703"}],"curies":[{"name":"wp","href":"https:\/\/api.w.org\/{rel}","templated":true}]}}