{"id":798677,"date":"2026-04-29T08:13:03","date_gmt":"2026-04-29T06:13:03","guid":{"rendered":"https:\/\/www.hashtag.al\/?p=798677"},"modified":"2026-04-29T08:13:32","modified_gmt":"2026-04-29T06:13:32","slug":"pdk-pas-vendimit-per-zgjedhje-te-reja-ne-kosove-republika-u-mbrojt-sot-tani-eshte-radha-e-qytetareve","status":"publish","type":"post","link":"https:\/\/www.hashtag.al\/index.php\/2026\/04\/29\/pdk-pas-vendimit-per-zgjedhje-te-reja-ne-kosove-republika-u-mbrojt-sot-tani-eshte-radha-e-qytetareve\/","title":{"rendered":"PDK pas vendimit p\u00ebr zgjedhje t\u00eb reja n\u00eb Kosov\u00eb: Republika u mbrojt sot, tani \u00ebsht\u00eb radha e qytetar\u00ebve","gt_translate_keys":[{"key":"rendered","format":"text"}]},"content":{"rendered":"<p data-start=\"85\" data-end=\"341\"><span style=\"color: #000000;\"><span class=\"hover:entity-accent entity-underline inline cursor-pointer align-baseline\"><span class=\"whitespace-normal\"><a href=\"https:\/\/www.hashtag.al\/index.php\/2026\/04\/29\/pdk-pas-vendimit-per-zgjedhje-te-reja-ne-kosove-republika-u-mbrojt-sot-tani-eshte-radha-e-qytetareve\/img_9429\/\" rel=\"attachment wp-att-798678\"><img loading=\"lazy\" decoding=\"async\" class=\"alignnone size-full wp-image-798678\" src=\"https:\/\/www.hashtag.al\/wp-content\/uploads\/2026\/04\/IMG_9429.jpeg\" alt=\"\" width=\"1624\" height=\"1080\" srcset=\"https:\/\/www.hashtag.al\/wp-content\/uploads\/2026\/04\/IMG_9429.jpeg 1624w, https:\/\/www.hashtag.al\/wp-content\/uploads\/2026\/04\/IMG_9429-300x200.jpeg 300w, https:\/\/www.hashtag.al\/wp-content\/uploads\/2026\/04\/IMG_9429-1024x681.jpeg 1024w, https:\/\/www.hashtag.al\/wp-content\/uploads\/2026\/04\/IMG_9429-768x511.jpeg 768w, https:\/\/www.hashtag.al\/wp-content\/uploads\/2026\/04\/IMG_9429-1536x1021.jpeg 1536w\" sizes=\"auto, (max-width: 1624px) 100vw, 1624px\" \/><\/a><br \/>\nPartia Demokratike e Kosov\u00ebs<\/span><\/span> ka reaguar pas zhvillimeve t\u00eb fundit politike n\u00eb <span class=\"hover:entity-accent entity-underline inline cursor-pointer align-baseline\"><span class=\"whitespace-normal\">Kosov\u00eb<\/span><\/span>, duke vler\u00ebsuar se me p\u00ebrfundimin e afatit kushtetues p\u00ebr zgjedhjen e presidentit \u00ebsht\u00eb shmangur nj\u00eb shkelje e r\u00ebnd\u00eb e Kushtetut\u00ebs.<\/span><\/p>\n<p data-start=\"343\" data-end=\"550\"><span style=\"color: #000000;\">N\u00eb nj\u00eb deklarat\u00eb zyrtare, PDK thekson se p\u00ebrpjekjet p\u00ebr t\u00eb imponuar nj\u00eb proces t\u00eb nj\u00ebansh\u00ebm dhe jasht\u00eb korniz\u00ebs kushtetuese kan\u00eb d\u00ebshtuar, nd\u00ebrsa institucionet dhe rendi kushtetues, sipas saj, jan\u00eb mbrojtur.<\/span><\/p>\n<p data-start=\"552\" data-end=\"740\"><span style=\"color: #000000;\">Partia opozitare mban p\u00ebrgjegj\u00ebs pushtetin aktual p\u00ebr kriz\u00ebn politike, duke e cil\u00ebsuar at\u00eb si shkaktar t\u00eb krizave t\u00eb nj\u00ebpasnj\u00ebshme, keqqeverisjes dhe shp\u00ebrdorimit t\u00eb besimit t\u00eb qytetar\u00ebve.<\/span><\/p>\n<p data-start=\"742\" data-end=\"1051\"><span style=\"color: #000000;\">Sipas PDK-s\u00eb, n\u00eb p\u00ebrputhje me Kushtetut\u00ebn, vendi hyn tashm\u00eb n\u00eb nj\u00eb proces t\u00eb ri zgjedhor. N\u00eb k\u00ebt\u00eb kuad\u00ebr, i b\u00ebhet thirrje ushtrueses s\u00eb detyr\u00ebs s\u00eb presidentes, <span class=\"hover:entity-accent entity-underline inline cursor-pointer align-baseline\"><span class=\"whitespace-normal\">Vjosa Osmani<\/span><\/span>, q\u00eb t\u00eb caktoj\u00eb dat\u00ebn e zgjedhjeve brenda afateve kushtetuese, duke garantuar nj\u00eb proces t\u00eb lir\u00eb dhe demokratik.<\/span><\/p>\n<p data-start=\"1053\" data-end=\"1213\"><span style=\"color: #000000;\">PDK u b\u00ebn thirrje qytetar\u00ebve q\u00eb t\u00eb marrin pjes\u00eb n\u00eb zgjedhje dhe p\u00ebrmes vot\u00ebs s\u00eb tyre t\u00eb refuzojn\u00eb, sipas saj, logjik\u00ebn e p\u00ebr\u00e7arjes dhe bllokad\u00ebs institucionale.<\/span><\/p>\n<p data-start=\"1215\" data-end=\"1414\" data-is-last-node=\"\" data-is-only-node=\"\"><span style=\"color: #000000;\">N\u00eb p\u00ebrfundim, kjo forc\u00eb politike thekson se Kosova ka nevoj\u00eb p\u00ebr nj\u00eb drejtim t\u00eb ri, stabilitet dhe institucione funksionale, duke n\u00ebnvizuar se \u201cRepublika u mbrojt sot, tani \u00ebsht\u00eb radha e qytetar\u00ebve\u201d.<\/span><\/p>\n","protected":false,"gt_translate_keys":[{"key":"rendered","format":"html"}]},"excerpt":{"rendered":"<p>Partia Demokratike e Kosov\u00ebs ka reaguar pas zhvillimeve t\u00eb fundit politike n\u00eb Kosov\u00eb, duke vler\u00ebsuar se me p\u00ebrfundimin e afatit kushtetues p\u00ebr zgjedhjen e presidentit \u00ebsht\u00eb shmangur nj\u00eb shkelje e r\u00ebnd\u00eb e Kushtetut\u00ebs. N\u00eb nj\u00eb deklarat\u00eb zyrtare, PDK thekson se p\u00ebrpjekjet p\u00ebr t\u00eb imponuar nj\u00eb proces t\u00eb nj\u00ebansh\u00ebm dhe jasht\u00eb korniz\u00ebs kushtetuese kan\u00eb d\u00ebshtuar, nd\u00ebrsa [&hellip;]<\/p>\n","protected":false,"gt_translate_keys":[{"key":"rendered","format":"html"}]},"author":32,"featured_media":798678,"comment_status":"closed","ping_status":"open","sticky":false,"template":"","format":"standard","meta":{"footnotes":""},"categories":[149],"tags":[],"class_list":["post-798677","post","type-post","status-publish","format-standard","has-post-thumbnail","hentry","category-kosoverajon"],"gt_translate_keys":[{"key":"link","format":"url"}],"_links":{"self":[{"href":"https:\/\/www.hashtag.al\/index.php\/wp-json\/wp\/v2\/posts\/798677","targetHints":{"allow":["GET"]}}],"collection":[{"href":"https:\/\/www.hashtag.al\/index.php\/wp-json\/wp\/v2\/posts"}],"about":[{"href":"https:\/\/www.hashtag.al\/index.php\/wp-json\/wp\/v2\/types\/post"}],"author":[{"embeddable":true,"href":"https:\/\/www.hashtag.al\/index.php\/wp-json\/wp\/v2\/users\/32"}],"replies":[{"embeddable":true,"href":"https:\/\/www.hashtag.al\/index.php\/wp-json\/wp\/v2\/comments?post=798677"}],"version-history":[{"count":99999,"href":"https:\/\/www.hashtag.al\/index.php\/wp-json\/wp\/v2\/posts\/798677\/revisions"}],"predecessor-version":[{"id":798680,"href":"https:\/\/www.hashtag.al\/index.php\/wp-json\/wp\/v2\/posts\/798677\/revisions\/798680"}],"wp:featuredmedia":[{"embeddable":true,"href":"https:\/\/www.hashtag.al\/index.php\/wp-json\/wp\/v2\/media\/798678"}],"wp:attachment":[{"href":"https:\/\/www.hashtag.al\/index.php\/wp-json\/wp\/v2\/media?parent=798677"}],"wp:term":[{"taxonomy":"category","embeddable":true,"href":"https:\/\/www.hashtag.al\/index.php\/wp-json\/wp\/v2\/categories?post=798677"},{"taxonomy":"post_tag","embeddable":true,"href":"https:\/\/www.hashtag.al\/index.php\/wp-json\/wp\/v2\/tags?post=798677"}],"curies":[{"name":"wp","href":"https:\/\/api.w.org\/{rel}","templated":true}]}}