{"id":798675,"date":"2026-04-29T07:12:32","date_gmt":"2026-04-29T05:12:32","guid":{"rendered":"https:\/\/www.hashtag.al\/?p=798675"},"modified":"2026-04-29T07:22:03","modified_gmt":"2026-04-29T05:22:03","slug":"kurti-opozita-nuk-mund-ta-zhbeje-vullnetin-e-popullit-ofruam-bashkeqeverisje-per-ldk-ne","status":"publish","type":"post","link":"https:\/\/www.hashtag.al\/index.php\/2026\/04\/29\/kurti-opozita-nuk-mund-ta-zhbeje-vullnetin-e-popullit-ofruam-bashkeqeverisje-per-ldk-ne\/","title":{"rendered":"Kurti: Opozita nuk mund ta zhb\u00ebj\u00eb vullnetin e popullit, ofruam bashk\u00ebqeverisje p\u00ebr LDK-n\u00eb","gt_translate_keys":[{"key":"rendered","format":"text"}]},"content":{"rendered":"<p data-start=\"107\" data-end=\"350\"><span style=\"color: #000000;\"><a href=\"https:\/\/www.hashtag.al\/index.php\/2026\/04\/29\/kosova-shkon-ne-zgjedhje-te-parakohshme-te-pestat-qe-prej-vitit-te-shkuar\/c9c223d6-9a83-45cf-a1a6-a1cfa61ec3a1-ezgif-com-webp-to-jpg-converter\/\" rel=\"attachment wp-att-798669\"><img loading=\"lazy\" decoding=\"async\" class=\"alignnone size-full wp-image-798669\" src=\"https:\/\/www.hashtag.al\/wp-content\/uploads\/2026\/04\/c9c223d6-9a83-45cf-a1a6-a1cfa61ec3a1-ezgif.com-webp-to-jpg-converter.jpg\" alt=\"\" width=\"860\" height=\"550\" srcset=\"https:\/\/www.hashtag.al\/wp-content\/uploads\/2026\/04\/c9c223d6-9a83-45cf-a1a6-a1cfa61ec3a1-ezgif.com-webp-to-jpg-converter.jpg 860w, https:\/\/www.hashtag.al\/wp-content\/uploads\/2026\/04\/c9c223d6-9a83-45cf-a1a6-a1cfa61ec3a1-ezgif.com-webp-to-jpg-converter-300x192.jpg 300w, https:\/\/www.hashtag.al\/wp-content\/uploads\/2026\/04\/c9c223d6-9a83-45cf-a1a6-a1cfa61ec3a1-ezgif.com-webp-to-jpg-converter-768x491.jpg 768w\" sizes=\"auto, (max-width: 860px) 100vw, 860px\" \/><\/a><br \/>\nKryeministri i <span class=\"hover:entity-accent entity-underline inline cursor-pointer align-baseline\"><span class=\"whitespace-normal\">Kosov\u00ebs<\/span><\/span>, <span class=\"hover:entity-accent entity-underline inline cursor-pointer align-baseline\"><span class=\"whitespace-normal\">Albin Kurti<\/span><\/span>, ka deklaruar nga foltorja e Kuvendit se opozita nuk mund t\u00eb zhb\u00ebj\u00eb vullnetin e qytetar\u00ebve, duke e akuzuar at\u00eb p\u00ebr bllokim t\u00eb proceseve institucionale.<\/span><\/p>\n<p data-start=\"352\" data-end=\"486\"><span style=\"color: #000000;\">Kurti theksoi se kat\u00ebr muaj pas zgjedhjeve, opozita po k\u00ebrkon s\u00ebrish zgjedhje t\u00eb reja, n\u00eb vend q\u00eb t\u00eb marr\u00eb p\u00ebrgjegj\u00ebsi institucionale.<\/span><\/p>\n<p data-start=\"488\" data-end=\"698\"><span style=\"color: #000000;\">\u201cSot jan\u00eb mbushur 4 muaj nga zgjedhjet e fundit dhe ja ku jemi n\u00eb nj\u00eb seanc\u00eb q\u00eb bojkotohet nga opozita. Vet\u00ebm 4 muaj pas zgjedhjeve duan prap\u00eb zgjedhje; ata nuk duan p\u00ebrgjegj\u00ebsi, nuk duan pushtet\u201d, u shpreh ai.<\/span><\/p>\n<p data-start=\"700\" data-end=\"995\"><span style=\"color: #000000;\">Kreu i qeveris\u00eb b\u00ebri t\u00eb ditur se ka pasur oferta konkrete p\u00ebr bashk\u00ebpunim, duke p\u00ebrmendur <span class=\"hover:entity-accent entity-underline inline cursor-pointer align-baseline\"><span class=\"whitespace-normal\">Lidhja Demokratike e Kosov\u00ebs<\/span><\/span>, s\u00eb cil\u00ebs, sipas tij, i \u00ebsht\u00eb ofruar posti i z\u00ebvend\u00ebskryeministrit dhe kat\u00ebr ministri, si dhe <span class=\"hover:entity-accent entity-underline inline cursor-pointer align-baseline\"><span class=\"whitespace-normal\">Partia Demokratike e Kosov\u00ebs<\/span><\/span> p\u00ebr postin e kryetarit t\u00eb Kuvendit.<\/span><\/p>\n<p data-start=\"997\" data-end=\"1175\"><span style=\"color: #000000;\">Sipas Kurtit, pengesat p\u00ebr funksionimin e institucioneve kan\u00eb vijuar edhe k\u00ebt\u00eb vit, duke u zhvendosur nga zgjedhja e kryetarit t\u00eb Kuvendit te procesi p\u00ebr zgjedhjen e presidentit.<\/span><\/p>\n<p data-start=\"1177\" data-end=\"1353\"><span style=\"color: #000000;\">Ai u shpreh se vendi ka nevoj\u00eb p\u00ebr nj\u00eb opozit\u00eb m\u00eb konstruktive, nd\u00ebrsa kritikoi qasjen aktuale t\u00eb partive opozitare, duke e cil\u00ebsuar at\u00eb si penges\u00eb p\u00ebr funksionimin demokratik.<\/span><\/p>\n<p data-start=\"1355\" data-end=\"1494\"><span style=\"color: #000000;\">Kurti p\u00ebrmendi gjithashtu kandidatur\u00ebn e Feride Rushitit p\u00ebr presidente, duke e vler\u00ebsuar gatishm\u00ebrin\u00eb e saj p\u00ebr t\u00eb marr\u00eb k\u00ebt\u00eb p\u00ebrgjegj\u00ebsi.<\/span><\/p>\n<p data-start=\"1496\" data-end=\"1622\"><span style=\"color: #000000;\">\u201cRepublika e Kosov\u00ebs praktikisht e ka presidentin, por nuk e ka konstruktivitetin elementar t\u00eb opozit\u00ebs p\u00ebr k\u00ebt\u00eb gj\u00eb\u201d, tha ai.<\/span><\/p>\n<p data-start=\"1624\" data-end=\"1745\" data-is-last-node=\"\" data-is-only-node=\"\"><span style=\"color: #000000;\">N\u00eb p\u00ebrfundim, Kurti theksoi se sa m\u00eb shpesh t\u00eb mbahen zgjedhje, aq m\u00eb shum\u00eb, sipas tij, opozita do t\u00eb humbas\u00eb mb\u00ebshtetje.<\/span><\/p>\n","protected":false,"gt_translate_keys":[{"key":"rendered","format":"html"}]},"excerpt":{"rendered":"<p>Kryeministri i Kosov\u00ebs, Albin Kurti, ka deklaruar nga foltorja e Kuvendit se opozita nuk mund t\u00eb zhb\u00ebj\u00eb vullnetin e qytetar\u00ebve, duke e akuzuar at\u00eb p\u00ebr bllokim t\u00eb proceseve institucionale. Kurti theksoi se kat\u00ebr muaj pas zgjedhjeve, opozita po k\u00ebrkon s\u00ebrish zgjedhje t\u00eb reja, n\u00eb vend q\u00eb t\u00eb marr\u00eb p\u00ebrgjegj\u00ebsi institucionale. \u201cSot jan\u00eb mbushur 4 muaj [&hellip;]<\/p>\n","protected":false,"gt_translate_keys":[{"key":"rendered","format":"html"}]},"author":32,"featured_media":798669,"comment_status":"closed","ping_status":"open","sticky":false,"template":"","format":"standard","meta":{"footnotes":""},"categories":[149],"tags":[],"class_list":["post-798675","post","type-post","status-publish","format-standard","has-post-thumbnail","hentry","category-kosoverajon"],"gt_translate_keys":[{"key":"link","format":"url"}],"_links":{"self":[{"href":"https:\/\/www.hashtag.al\/index.php\/wp-json\/wp\/v2\/posts\/798675","targetHints":{"allow":["GET"]}}],"collection":[{"href":"https:\/\/www.hashtag.al\/index.php\/wp-json\/wp\/v2\/posts"}],"about":[{"href":"https:\/\/www.hashtag.al\/index.php\/wp-json\/wp\/v2\/types\/post"}],"author":[{"embeddable":true,"href":"https:\/\/www.hashtag.al\/index.php\/wp-json\/wp\/v2\/users\/32"}],"replies":[{"embeddable":true,"href":"https:\/\/www.hashtag.al\/index.php\/wp-json\/wp\/v2\/comments?post=798675"}],"version-history":[{"count":99999,"href":"https:\/\/www.hashtag.al\/index.php\/wp-json\/wp\/v2\/posts\/798675\/revisions"}],"predecessor-version":[{"id":798676,"href":"https:\/\/www.hashtag.al\/index.php\/wp-json\/wp\/v2\/posts\/798675\/revisions\/798676"}],"wp:featuredmedia":[{"embeddable":true,"href":"https:\/\/www.hashtag.al\/index.php\/wp-json\/wp\/v2\/media\/798669"}],"wp:attachment":[{"href":"https:\/\/www.hashtag.al\/index.php\/wp-json\/wp\/v2\/media?parent=798675"}],"wp:term":[{"taxonomy":"category","embeddable":true,"href":"https:\/\/www.hashtag.al\/index.php\/wp-json\/wp\/v2\/categories?post=798675"},{"taxonomy":"post_tag","embeddable":true,"href":"https:\/\/www.hashtag.al\/index.php\/wp-json\/wp\/v2\/tags?post=798675"}],"curies":[{"name":"wp","href":"https:\/\/api.w.org\/{rel}","templated":true}]}}