{"id":798672,"date":"2026-04-29T07:45:27","date_gmt":"2026-04-29T05:45:27","guid":{"rendered":"https:\/\/www.hashtag.al\/?p=798672"},"modified":"2026-04-29T07:45:27","modified_gmt":"2026-04-29T05:45:27","slug":"abdixhiku-kosova-drejt-zgjedhjeve-pushteti-kerkoi-nenshtrim","status":"publish","type":"post","link":"https:\/\/www.hashtag.al\/index.php\/2026\/04\/29\/abdixhiku-kosova-drejt-zgjedhjeve-pushteti-kerkoi-nenshtrim\/","title":{"rendered":"Abdixhiku: Kosova drejt zgjedhjeve, pushteti k\u00ebrkoi \u201cn\u00ebnshtrim\u201d","gt_translate_keys":[{"key":"rendered","format":"text"}]},"content":{"rendered":"<p data-start=\"69\" data-end=\"339\"><span style=\"color: #000000;\"><a href=\"https:\/\/www.hashtag.al\/index.php\/2026\/01\/14\/abdixhiku-jep-doreheqjen-si-kreu-i-ldk-se\/abdixhiku-ezgif-com-webp-to-jpg-converter\/\" rel=\"attachment wp-att-781314\"><img loading=\"lazy\" decoding=\"async\" class=\"alignnone size-full wp-image-781314\" src=\"https:\/\/www.hashtag.al\/wp-content\/uploads\/2026\/01\/abdixhiku-ezgif.com-webp-to-jpg-converter.jpg\" alt=\"\" width=\"1137\" height=\"752\" srcset=\"https:\/\/www.hashtag.al\/wp-content\/uploads\/2026\/01\/abdixhiku-ezgif.com-webp-to-jpg-converter.jpg 1137w, https:\/\/www.hashtag.al\/wp-content\/uploads\/2026\/01\/abdixhiku-ezgif.com-webp-to-jpg-converter-300x198.jpg 300w, https:\/\/www.hashtag.al\/wp-content\/uploads\/2026\/01\/abdixhiku-ezgif.com-webp-to-jpg-converter-1024x677.jpg 1024w, https:\/\/www.hashtag.al\/wp-content\/uploads\/2026\/01\/abdixhiku-ezgif.com-webp-to-jpg-converter-768x508.jpg 768w\" sizes=\"auto, (max-width: 1137px) 100vw, 1137px\" \/><\/a><br \/>\nKryetari i <span class=\"hover:entity-accent entity-underline inline cursor-pointer align-baseline\"><span class=\"whitespace-normal\">Lidhjes Demokratike t\u00eb Kosov\u00ebs<\/span><\/span>, <span class=\"hover:entity-accent entity-underline inline cursor-pointer align-baseline\"><span class=\"whitespace-normal\">Lumir Abdixhiku<\/span><\/span>, ka reaguar p\u00ebr zhvillimet e fundit politike n\u00eb <span class=\"hover:entity-accent entity-underline inline cursor-pointer align-baseline\"><span class=\"whitespace-normal\">Kosov\u00eb<\/span><\/span>, duke deklaruar se vendi po shkon drejt zgjedhjeve p\u00ebr shkak t\u00eb, sipas tij, qasjes s\u00eb pushtetit.<\/span><\/p>\n<p data-start=\"341\" data-end=\"494\"><span style=\"color: #000000;\">N\u00eb nj\u00eb postim publik, Abdixhiku theksoi se LDK-ja ka ofruar konsensus dhe bashk\u00ebpunim n\u00eb proceset politike, por k\u00ebto p\u00ebrpjekje, sipas tij, jan\u00eb injoruar.<\/span><\/p>\n<p data-start=\"496\" data-end=\"716\"><span style=\"color: #000000;\">\u201cK\u00ebrkuan konsensus. Ua dham\u00eb. U takuam. K\u00ebrkuan emra. Tham\u00eb Vjos\u00ebn. E injoruan. K\u00ebrkuan n\u00ebnshkrime. Ua dham\u00eb, 15 sosh, sa i kishim. N\u00eb fund, k\u00ebrkuan gj\u00ebn\u00eb e vetme q\u00eb dinin, n\u00ebnshtrimin. K\u00ebt\u00eb s\u2019mund ta kishin\u201d, shkroi ai.<\/span><\/p>\n<p data-start=\"718\" data-end=\"915\"><span style=\"color: #000000;\">Abdixhiku theksoi se dallimi mes LDK-s\u00eb dhe pushtetit aktual lidhet me qasjen ndaj institucioneve dhe p\u00ebrfaq\u00ebsimit t\u00eb shtetit, duke p\u00ebrmendur edhe presidenten <span class=\"hover:entity-accent entity-underline inline cursor-pointer align-baseline\"><span class=\"whitespace-normal\">Vjosa Osmani<\/span><\/span>.<\/span><\/p>\n<p data-start=\"917\" data-end=\"1052\"><span style=\"color: #000000;\">Sipas tij, Osmani \u00ebsht\u00eb par\u00eb nga pushteti vet\u00ebm si kuorum, nd\u00ebrsa nga LDK-ja si nj\u00eb presidente p\u00ebrfaq\u00ebsuese dhe dinjitoze e Republik\u00ebs.<\/span><\/p>\n<p data-start=\"1054\" data-end=\"1255\" data-is-last-node=\"\" data-is-only-node=\"\"><span style=\"color: #000000;\">N\u00eb fund, Abdixhiku u shpreh se vendimin p\u00ebrfundimtar do ta japin qytetar\u00ebt n\u00eb zgjedhjet e ardhshme, duke b\u00ebr\u00eb thirrje p\u00ebr bashkim rreth nj\u00eb vizioni p\u00ebr \u201cnj\u00eb Kosov\u00eb normale, pa dram\u00eb dhe pa propagand\u00eb\u201d.<\/span><\/p>\n","protected":false,"gt_translate_keys":[{"key":"rendered","format":"html"}]},"excerpt":{"rendered":"<p>Kryetari i Lidhjes Demokratike t\u00eb Kosov\u00ebs, Lumir Abdixhiku, ka reaguar p\u00ebr zhvillimet e fundit politike n\u00eb Kosov\u00eb, duke deklaruar se vendi po shkon drejt zgjedhjeve p\u00ebr shkak t\u00eb, sipas tij, qasjes s\u00eb pushtetit. N\u00eb nj\u00eb postim publik, Abdixhiku theksoi se LDK-ja ka ofruar konsensus dhe bashk\u00ebpunim n\u00eb proceset politike, por k\u00ebto p\u00ebrpjekje, sipas tij, jan\u00eb [&hellip;]<\/p>\n","protected":false,"gt_translate_keys":[{"key":"rendered","format":"html"}]},"author":32,"featured_media":781314,"comment_status":"closed","ping_status":"open","sticky":false,"template":"","format":"standard","meta":{"footnotes":""},"categories":[149],"tags":[],"class_list":["post-798672","post","type-post","status-publish","format-standard","has-post-thumbnail","hentry","category-kosoverajon"],"gt_translate_keys":[{"key":"link","format":"url"}],"_links":{"self":[{"href":"https:\/\/www.hashtag.al\/index.php\/wp-json\/wp\/v2\/posts\/798672","targetHints":{"allow":["GET"]}}],"collection":[{"href":"https:\/\/www.hashtag.al\/index.php\/wp-json\/wp\/v2\/posts"}],"about":[{"href":"https:\/\/www.hashtag.al\/index.php\/wp-json\/wp\/v2\/types\/post"}],"author":[{"embeddable":true,"href":"https:\/\/www.hashtag.al\/index.php\/wp-json\/wp\/v2\/users\/32"}],"replies":[{"embeddable":true,"href":"https:\/\/www.hashtag.al\/index.php\/wp-json\/wp\/v2\/comments?post=798672"}],"version-history":[{"count":99999,"href":"https:\/\/www.hashtag.al\/index.php\/wp-json\/wp\/v2\/posts\/798672\/revisions"}],"predecessor-version":[{"id":798673,"href":"https:\/\/www.hashtag.al\/index.php\/wp-json\/wp\/v2\/posts\/798672\/revisions\/798673"}],"wp:featuredmedia":[{"embeddable":true,"href":"https:\/\/www.hashtag.al\/index.php\/wp-json\/wp\/v2\/media\/781314"}],"wp:attachment":[{"href":"https:\/\/www.hashtag.al\/index.php\/wp-json\/wp\/v2\/media?parent=798672"}],"wp:term":[{"taxonomy":"category","embeddable":true,"href":"https:\/\/www.hashtag.al\/index.php\/wp-json\/wp\/v2\/categories?post=798672"},{"taxonomy":"post_tag","embeddable":true,"href":"https:\/\/www.hashtag.al\/index.php\/wp-json\/wp\/v2\/tags?post=798672"}],"curies":[{"name":"wp","href":"https:\/\/api.w.org\/{rel}","templated":true}]}}