{"id":798645,"date":"2026-04-28T22:17:25","date_gmt":"2026-04-28T20:17:25","guid":{"rendered":"https:\/\/www.hashtag.al\/?p=798645"},"modified":"2026-04-28T22:18:15","modified_gmt":"2026-04-28T20:18:15","slug":"merz-e-kritikoi-i-pergjigjet-trump-sdi-cflet-aspak-cudi-qe-gjermania-ka-aq-shume-probleme","status":"publish","type":"post","link":"https:\/\/www.hashtag.al\/index.php\/2026\/04\/28\/merz-e-kritikoi-i-pergjigjet-trump-sdi-cflet-aspak-cudi-qe-gjermania-ka-aq-shume-probleme\/","title":{"rendered":"Merz e kritikoi, i p\u00ebrgjigjet Trump: S\u2019di \u00e7\u2019flet, aspak \u00e7udi q\u00eb Gjermania ka aq shum\u00eb probleme","gt_translate_keys":[{"key":"rendered","format":"text"}]},"content":{"rendered":"<p><img loading=\"lazy\" decoding=\"async\" class=\"aligncenter wp-image-798646 size-full\" src=\"https:\/\/www.hashtag.al\/wp-content\/uploads\/2026\/04\/AFP__20250605__49DF7KE__v1__HighRes__UsGermanyPoliticsDiplomacy-scaled-1.jpg\" alt=\"\" width=\"2560\" height=\"1707\" srcset=\"https:\/\/www.hashtag.al\/wp-content\/uploads\/2026\/04\/AFP__20250605__49DF7KE__v1__HighRes__UsGermanyPoliticsDiplomacy-scaled-1.jpg 2560w, https:\/\/www.hashtag.al\/wp-content\/uploads\/2026\/04\/AFP__20250605__49DF7KE__v1__HighRes__UsGermanyPoliticsDiplomacy-scaled-1-300x200.jpg 300w, https:\/\/www.hashtag.al\/wp-content\/uploads\/2026\/04\/AFP__20250605__49DF7KE__v1__HighRes__UsGermanyPoliticsDiplomacy-scaled-1-1024x683.jpg 1024w, https:\/\/www.hashtag.al\/wp-content\/uploads\/2026\/04\/AFP__20250605__49DF7KE__v1__HighRes__UsGermanyPoliticsDiplomacy-scaled-1-768x512.jpg 768w, https:\/\/www.hashtag.al\/wp-content\/uploads\/2026\/04\/AFP__20250605__49DF7KE__v1__HighRes__UsGermanyPoliticsDiplomacy-scaled-1-1536x1024.jpg 1536w, https:\/\/www.hashtag.al\/wp-content\/uploads\/2026\/04\/AFP__20250605__49DF7KE__v1__HighRes__UsGermanyPoliticsDiplomacy-scaled-1-2048x1366.jpg 2048w\" sizes=\"auto, (max-width: 2560px) 100vw, 2560px\" \/><\/p>\n<p><span style=\"color: #000000;\">Presidenti amerikan Trump i \u00ebsht\u00eb p\u00ebrgjigjur kancelarit gjerman Merz, i cili nj\u00eb dit\u00eb m\u00eb par\u00eb tha se shefi i Sht\u00ebpis\u00eb s\u00eb Bardh\u00eb po turp\u00ebrohet n\u00eb negociatat me Iranin. <\/span><\/p>\n<p><span style=\"color: #000000;\">Trump shkruan se Merz nuk ia ka iden\u00eb se \u00e7far\u00eb po flet dhe me nj\u00eb udh\u00ebheq\u00ebs si kancelari, nuk \u00ebsht\u00eb \u00e7udi q\u00eb Gjermania ka shum\u00eb probleme ekonomike dhe jo vet\u00ebm.<\/span><\/p>\n<p><span style=\"color: #000000;\"><em>\u201cKancelari i Gjermanis\u00eb, Friedrich Merz, mendon se \u00ebsht\u00eb n\u00eb rregull q\u00eb Irani t\u00eb ket\u00eb nj\u00eb arm\u00eb b\u00ebrthamore. Ai nuk e di p\u00ebr \u00e7far\u00eb po flet! N\u00ebse Irani do t\u00eb kishte nj\u00eb arm\u00eb b\u00ebrthamore, e gjith\u00eb bota do t\u00eb mbahej peng. Un\u00eb po b\u00ebj di\u00e7ka me Iranin, tani, q\u00eb kombet e tjera, ose president\u00ebt, duhet ta kishin b\u00ebr\u00eb shum\u00eb koh\u00eb m\u00eb par\u00eb. Nuk \u00ebsht\u00eb \u00e7udi q\u00eb Gjermania po shkon kaq keq, si ekonomikisht, ashtu edhe ndryshe! Presidenti DONALD J. TRUMP.\u201d<\/em> &#8211; shkruan Trump n\u00eb Truth Social.<\/span><\/p>\n<p><img loading=\"lazy\" decoding=\"async\" class=\"aligncenter size-full wp-image-798647\" src=\"https:\/\/www.hashtag.al\/wp-content\/uploads\/2026\/04\/Screenshot-2026-04-28-214918.jpg\" alt=\"\" width=\"742\" height=\"332\" srcset=\"https:\/\/www.hashtag.al\/wp-content\/uploads\/2026\/04\/Screenshot-2026-04-28-214918.jpg 742w, https:\/\/www.hashtag.al\/wp-content\/uploads\/2026\/04\/Screenshot-2026-04-28-214918-300x134.jpg 300w\" sizes=\"auto, (max-width: 742px) 100vw, 742px\" \/><\/p>\n","protected":false,"gt_translate_keys":[{"key":"rendered","format":"html"}]},"excerpt":{"rendered":"<p>Presidenti amerikan Trump i \u00ebsht\u00eb p\u00ebrgjigjur kancelarit gjerman Merz, i cili nj\u00eb dit\u00eb m\u00eb par\u00eb tha se shefi i Sht\u00ebpis\u00eb s\u00eb Bardh\u00eb po turp\u00ebrohet n\u00eb negociatat me Iranin. Trump shkruan se Merz nuk ia ka iden\u00eb se \u00e7far\u00eb po flet dhe me nj\u00eb udh\u00ebheq\u00ebs si kancelari, nuk \u00ebsht\u00eb \u00e7udi q\u00eb Gjermania ka shum\u00eb probleme ekonomike [&hellip;]<\/p>\n","protected":false,"gt_translate_keys":[{"key":"rendered","format":"html"}]},"author":51,"featured_media":798646,"comment_status":"closed","ping_status":"open","sticky":false,"template":"","format":"standard","meta":{"footnotes":""},"categories":[53],"tags":[],"class_list":["post-798645","post","type-post","status-publish","format-standard","has-post-thumbnail","hentry","category-fast-foodi"],"gt_translate_keys":[{"key":"link","format":"url"}],"_links":{"self":[{"href":"https:\/\/www.hashtag.al\/index.php\/wp-json\/wp\/v2\/posts\/798645","targetHints":{"allow":["GET"]}}],"collection":[{"href":"https:\/\/www.hashtag.al\/index.php\/wp-json\/wp\/v2\/posts"}],"about":[{"href":"https:\/\/www.hashtag.al\/index.php\/wp-json\/wp\/v2\/types\/post"}],"author":[{"embeddable":true,"href":"https:\/\/www.hashtag.al\/index.php\/wp-json\/wp\/v2\/users\/51"}],"replies":[{"embeddable":true,"href":"https:\/\/www.hashtag.al\/index.php\/wp-json\/wp\/v2\/comments?post=798645"}],"version-history":[{"count":99999,"href":"https:\/\/www.hashtag.al\/index.php\/wp-json\/wp\/v2\/posts\/798645\/revisions"}],"predecessor-version":[{"id":798649,"href":"https:\/\/www.hashtag.al\/index.php\/wp-json\/wp\/v2\/posts\/798645\/revisions\/798649"}],"wp:featuredmedia":[{"embeddable":true,"href":"https:\/\/www.hashtag.al\/index.php\/wp-json\/wp\/v2\/media\/798646"}],"wp:attachment":[{"href":"https:\/\/www.hashtag.al\/index.php\/wp-json\/wp\/v2\/media?parent=798645"}],"wp:term":[{"taxonomy":"category","embeddable":true,"href":"https:\/\/www.hashtag.al\/index.php\/wp-json\/wp\/v2\/categories?post=798645"},{"taxonomy":"post_tag","embeddable":true,"href":"https:\/\/www.hashtag.al\/index.php\/wp-json\/wp\/v2\/tags?post=798645"}],"curies":[{"name":"wp","href":"https:\/\/api.w.org\/{rel}","templated":true}]}}