{"id":798636,"date":"2026-04-28T21:37:51","date_gmt":"2026-04-28T19:37:51","guid":{"rendered":"https:\/\/www.hashtag.al\/?p=798636"},"modified":"2026-04-28T21:39:15","modified_gmt":"2026-04-28T19:39:15","slug":"keshilltari-kryesor-i-fauci-t-paditet-nga-departamenti-i-drejtwsisw-si-bashkepunetor-ne-mbulimin-masiv-te-covid-it","status":"publish","type":"post","link":"https:\/\/www.hashtag.al\/index.php\/2026\/04\/28\/keshilltari-kryesor-i-fauci-t-paditet-nga-departamenti-i-drejtwsisw-si-bashkepunetor-ne-mbulimin-masiv-te-covid-it\/","title":{"rendered":"K\u00ebshilltari kryesor i Fauci-t paditet nga administrata Trump si bashk\u00ebpun\u00ebtor n\u00eb mbulimin masiv t\u00eb COVID-it","gt_translate_keys":[{"key":"rendered","format":"text"}]},"content":{"rendered":"<p><img loading=\"lazy\" decoding=\"async\" class=\"aligncenter size-full wp-image-798637\" src=\"https:\/\/www.hashtag.al\/wp-content\/uploads\/2026\/04\/WhatsApp-Image-2026-04-28-at-21.31.19-1.jpeg\" alt=\"\" width=\"1600\" height=\"900\" srcset=\"https:\/\/www.hashtag.al\/wp-content\/uploads\/2026\/04\/WhatsApp-Image-2026-04-28-at-21.31.19-1.jpeg 1600w, https:\/\/www.hashtag.al\/wp-content\/uploads\/2026\/04\/WhatsApp-Image-2026-04-28-at-21.31.19-1-300x169.jpeg 300w, https:\/\/www.hashtag.al\/wp-content\/uploads\/2026\/04\/WhatsApp-Image-2026-04-28-at-21.31.19-1-1024x576.jpeg 1024w, https:\/\/www.hashtag.al\/wp-content\/uploads\/2026\/04\/WhatsApp-Image-2026-04-28-at-21.31.19-1-768x432.jpeg 768w, https:\/\/www.hashtag.al\/wp-content\/uploads\/2026\/04\/WhatsApp-Image-2026-04-28-at-21.31.19-1-1536x864.jpeg 1536w\" sizes=\"auto, (max-width: 1600px) 100vw, 1600px\" \/><\/p>\n<p><span style=\"color: #000000;\">Departamenti i Drejt\u00ebsis\u00eb i Shteteve t\u00eb Bashkuara njoftoi t\u00eb mart\u00ebn se Dr. David Morens, dikur nj\u00eb ndihm\u00ebs i lart\u00eb i Dr. Anthony Fauci-t, \u00ebsht\u00eb paditur p\u00ebr rolin e tij n\u00eb fshehjen e t\u00eb dh\u00ebnave mbi origjin\u00ebn e pandemis\u00eb COVID-19.<\/span><\/p>\n<p><span style=\"color: #000000;\">Morens, sipas nj\u00eb njoftimi zyrtar t\u00eb DOJ, \u00ebsht\u00eb \u201cakuzuar p\u00ebr konspiracion kund\u00ebr Shteteve t\u00eb Bashkuara; shkat\u00ebrrim, ndryshim ose falsifikim t\u00eb dokumenteve n\u00eb hetime federale; fshehje, heqje ose d\u00ebmtim t\u00eb dokumenteve; si dhe p\u00ebr ndihm\u00eb dhe bashk\u00ebpunim n\u00eb k\u00ebto veprime\u201d.<\/span><\/p>\n<p><span style=\"color: #000000;\">Morens sh\u00ebrbeu si k\u00ebshilltar i lart\u00eb n\u00eb Zyr\u00ebn e Drejtorit t\u00eb NIAID-it (Instituti Komb\u00ebtar p\u00ebr Alergji dhe S\u00ebmundje Infektive) p\u00ebr 16 vjet, nga 2006 deri n\u00eb 2022 \u2014 ku Fauci ishte drejtor nga 1984 deri n\u00eb 2022.<\/span><\/p>\n<p><span style=\"color: #000000;\">Prokurori i P\u00ebrgjithsh\u00ebm n\u00eb detyr\u00eb Todd Blanche deklaroi n\u00eb lidhje me padin\u00eb:<\/span><\/p>\n<p><span style=\"color: #000000;\"><em>\u201cK\u00ebto akuza p\u00ebrfaq\u00ebsojn\u00eb nj\u00eb abuzim t\u00eb thell\u00eb t\u00eb besimit n\u00eb nj\u00eb koh\u00eb kur populli amerikan kishte m\u00eb shum\u00eb nevoj\u00eb \u2014 gjat\u00eb kulmit t\u00eb nj\u00eb pandemie globale. Si\u00e7 pretendohet n\u00eb aktakuz\u00eb, Dr. Morens dhe bashk\u00ebpun\u00ebtor\u00ebt e tij kan\u00eb fshehur q\u00ebllimisht informacione dhe kan\u00eb falsifikuar dokumente me q\u00ebllim shtypjen e teorive alternative mbi origjin\u00ebn e COVID-19. Zyrtar\u00ebt qeveritar\u00eb kan\u00eb detyrimin solemn t\u00eb ofrojn\u00eb fakte dhe k\u00ebshilla t\u00eb ndershme n\u00eb sh\u00ebrbim t\u00eb interesit publik \u2014 jo t\u00eb ndjekin agjenda personale apo ideologjike.\u201d<\/em><\/span><\/p>\n<p><span style=\"color: #000000;\">Drejtori i FBI-s\u00eb, Kash Patel, shtoi:<\/span><\/p>\n<p><span style=\"color: #000000;\"><em>\u201cShmangia e rregullave t\u00eb dokumentimit me q\u00ebllim shmangien e transparenc\u00ebs nuk do t\u00eb tolerohet nga kjo FBI. P\u00ebrve\u00e7se Morens dyshohet se ka fshehur komunikimet e tij, ai gjithashtu ka marr\u00eb p\u00ebrfitime p\u00ebr k\u00ebt\u00eb veprim. N\u00ebse keni marr\u00eb pjes\u00eb n\u00eb veprimtari kund\u00ebr Shteteve t\u00eb Bashkuara, ne nuk do t\u00eb ndalemi derisa t\u00eb p\u00ebrballeni me drejt\u00ebsin\u00eb.\u201d<\/em><\/span><\/p>\n<p><span style=\"color: #000000;\">N\u00eb NIAID, shum\u00eb nga informacionet q\u00eb kishin t\u00eb ashtuquajturit \u201cekspert\u00eb\u201d kalonin p\u00ebrmes kanaleve q\u00eb Morens i kontrollonte ose i kishte akses, dhe aktakuza pretendon se ai e p\u00ebrdori k\u00ebt\u00eb pozit\u00eb p\u00ebr t\u00eb manipuluar t\u00eb dh\u00ebnat q\u00eb m\u00eb pas u b\u00ebn\u00eb publike mbi COVID-19 dhe origjin\u00ebn e tij. Sipas akuzave, Morens e b\u00ebri k\u00ebt\u00eb pjes\u00ebrisht duke orientuar fondet e k\u00ebrkimit larg studimeve q\u00eb mund t\u00eb mb\u00ebshtesnin teori alternative.<\/span><\/p>\n<p><span style=\"color: #000000;\">Ai dhe t\u00eb tjer\u00eb thuhet se kan\u00eb bashk\u00ebpunuar p\u00ebr t\u00eb fshehur p\u00ebrpjekjet e tyre p\u00ebr manipulim t\u00eb t\u00eb dh\u00ebnave, p\u00ebr t\u00eb shmangur k\u00ebrkesat e Ligjit p\u00ebr Lirin\u00eb e Informimit (FOIA).<\/span><\/p>\n<p><span style=\"color: #000000;\">N\u00eb nj\u00eb email t\u00eb dat\u00ebs 24 shkurt 2021, Morens shkruante:<\/span><\/p>\n<p><span style=\"color: #000000;\"><em>\u201cKam m\u00ebsuar nga zonja jon\u00eb e FOIA-s si t\u2019i b\u00ebj email-et t\u00eb zhduken pasi t\u00eb m\u00eb k\u00ebrkohen me FOIA, por p\u00ebrpara se t\u00eb filloj\u00eb k\u00ebrkimi. Plus, kam fshir\u00eb shumic\u00ebn e email-eve t\u00eb m\u00ebparshme pasi i kam d\u00ebrguar n\u00eb Gmail.\u201d<\/em><\/span><\/p>\n<p><span style=\"color: #000000;\">N\u00eb prill 2021 ai shkruante:<\/span><\/p>\n<p><span style=\"color: #000000;\"><em>\u201cNuk ka shqet\u00ebsim p\u00ebr FOIA. Mund t\u2019i d\u00ebrgoj gj\u00ebrat tek Tony n\u00eb Gmail-in e tij privat, ose t\u2019ia jap n\u00eb pun\u00eb apo n\u00eb sht\u00ebpi. Ai \u00ebsht\u00eb mjaft i zgjuar p\u00ebr t\u00eb mos lejuar koleg\u00ebt t\u2019i d\u00ebrgojn\u00eb gj\u00ebra q\u00eb mund t\u00eb sjellin probleme.\u201d<\/em><\/span><\/p>\n<p><span style=\"color: #000000;\">N\u00eb nj\u00eb tjet\u00ebr email t\u00eb po atij viti, ai k\u00ebshillonte q\u00eb komunikimet t\u00eb d\u00ebrgoheshin vet\u00ebm n\u00eb gmail-in e tij p\u00ebr t\u00eb shmangur ruajtjen n\u00eb sistemet zyrtare.<\/span><\/p>\n<p><span style=\"color: #000000;\">Edhe n\u00eb qershor 2020, Morens shkruante:<\/span><\/p>\n<p><span style=\"color: #000000;\"><em>\u201cT\u00eb gjith\u00eb jemi mjaft t\u00eb zgjuar p\u00ebr t\u00eb mos l\u00ebn\u00eb gjurm\u00eb t\u00eb rrezikshme, dhe n\u00ebse do t\u00eb kishim, nuk do t\u2019i vendosnim n\u00eb email, dhe n\u00ebse i gjejm\u00eb, do t\u2019i fshinim.\u201d<\/em><\/span><\/p>\n<p><span style=\"color: #000000;\">Sipas njoftimit t\u00eb DOJ, Morens mund t\u00eb d\u00ebnohet deri n\u00eb 5 vjet burg p\u00ebr konspiracion kund\u00ebr SHBA-s\u00eb, deri n\u00eb 20 vjet p\u00ebr \u00e7do akuz\u00eb p\u00ebr shkat\u00ebrrim ose falsifikim dokumentesh, si dhe deri n\u00eb 3 vjet p\u00ebr \u00e7do akuz\u00eb p\u00ebr fshehje ose shkat\u00ebrrim dokumentesh.<\/span><\/p>\n<p><span style=\"color: #000000;\">\u00c7\u00ebshtja \u00ebsht\u00eb hetuar nga FBI n\u00eb bashk\u00ebpunim me Zyr\u00ebn e Inspektorit t\u00eb P\u00ebrgjithsh\u00ebm t\u00eb Departamentit t\u00eb Sh\u00ebndet\u00ebsis\u00eb dhe Sh\u00ebrbimeve Njer\u00ebzore dhe do t\u00eb ndiqet penalisht nga prokuror\u00ebt federal\u00eb p\u00ebr Distriktin e Maryland-it.<\/span><\/p>\n<p><span style=\"color: #000000;\"><span style=\"color: #ff0000;\"><strong>VINI RE<\/strong><\/span>: Ky material \u00ebsht\u00eb pron\u00ebsi intelektuale e <span style=\"color: #0000ff;\"><a style=\"color: #0000ff;\" href=\"https:\/\/www.dailywire.com\/news\/top-fauci-adviser-indicted-as-co-conspirator-in-massive-covid-cover-up?fbclid=IwY2xjawRd6oxleHRuA2FlbQIxMABicmlkETFIVU5rQm5ITkFaUEk4YWU4c3J0YwZhcHBfaWQQMjIyMDM5MTc4ODIwMDg5MgABHmA6ivz-e9l5-xu-aKtBWHWboNaTghJG1-ykjiEOsO9m3OeWo4xriuEymKpV_aem_Uh77sznNgnXfvpxFAKM8zw\">Daily Wire<\/a><\/span><\/span><\/p>\n","protected":false,"gt_translate_keys":[{"key":"rendered","format":"html"}]},"excerpt":{"rendered":"<p>Departamenti i Drejt\u00ebsis\u00eb i Shteteve t\u00eb Bashkuara njoftoi t\u00eb mart\u00ebn se Dr. David Morens, dikur nj\u00eb ndihm\u00ebs i lart\u00eb i Dr. Anthony Fauci-t, \u00ebsht\u00eb paditur p\u00ebr rolin e tij n\u00eb fshehjen e t\u00eb dh\u00ebnave mbi origjin\u00ebn e pandemis\u00eb COVID-19. Morens, sipas nj\u00eb njoftimi zyrtar t\u00eb DOJ, \u00ebsht\u00eb \u201cakuzuar p\u00ebr konspiracion kund\u00ebr Shteteve t\u00eb Bashkuara; shkat\u00ebrrim, [&hellip;]<\/p>\n","protected":false,"gt_translate_keys":[{"key":"rendered","format":"html"}]},"author":51,"featured_media":798637,"comment_status":"closed","ping_status":"open","sticky":false,"template":"","format":"standard","meta":{"footnotes":""},"categories":[22],"tags":[],"class_list":["post-798636","post","type-post","status-publish","format-standard","has-post-thumbnail","hentry","category-ballina"],"gt_translate_keys":[{"key":"link","format":"url"}],"_links":{"self":[{"href":"https:\/\/www.hashtag.al\/index.php\/wp-json\/wp\/v2\/posts\/798636","targetHints":{"allow":["GET"]}}],"collection":[{"href":"https:\/\/www.hashtag.al\/index.php\/wp-json\/wp\/v2\/posts"}],"about":[{"href":"https:\/\/www.hashtag.al\/index.php\/wp-json\/wp\/v2\/types\/post"}],"author":[{"embeddable":true,"href":"https:\/\/www.hashtag.al\/index.php\/wp-json\/wp\/v2\/users\/51"}],"replies":[{"embeddable":true,"href":"https:\/\/www.hashtag.al\/index.php\/wp-json\/wp\/v2\/comments?post=798636"}],"version-history":[{"count":99999,"href":"https:\/\/www.hashtag.al\/index.php\/wp-json\/wp\/v2\/posts\/798636\/revisions"}],"predecessor-version":[{"id":798641,"href":"https:\/\/www.hashtag.al\/index.php\/wp-json\/wp\/v2\/posts\/798636\/revisions\/798641"}],"wp:featuredmedia":[{"embeddable":true,"href":"https:\/\/www.hashtag.al\/index.php\/wp-json\/wp\/v2\/media\/798637"}],"wp:attachment":[{"href":"https:\/\/www.hashtag.al\/index.php\/wp-json\/wp\/v2\/media?parent=798636"}],"wp:term":[{"taxonomy":"category","embeddable":true,"href":"https:\/\/www.hashtag.al\/index.php\/wp-json\/wp\/v2\/categories?post=798636"},{"taxonomy":"post_tag","embeddable":true,"href":"https:\/\/www.hashtag.al\/index.php\/wp-json\/wp\/v2\/tags?post=798636"}],"curies":[{"name":"wp","href":"https:\/\/api.w.org\/{rel}","templated":true}]}}