{"id":798622,"date":"2026-04-28T20:47:48","date_gmt":"2026-04-28T18:47:48","guid":{"rendered":"https:\/\/www.hashtag.al\/?p=798622"},"modified":"2026-04-28T20:48:30","modified_gmt":"2026-04-28T18:48:30","slug":"ndryshojne-kreret-e-kufirit-ne-disa-qarqe","status":"publish","type":"post","link":"https:\/\/www.hashtag.al\/index.php\/2026\/04\/28\/ndryshojne-kreret-e-kufirit-ne-disa-qarqe\/","title":{"rendered":"Ndryshojn\u00eb krer\u00ebt e Kufirit n\u00eb disa qarqe","gt_translate_keys":[{"key":"rendered","format":"text"}]},"content":{"rendered":"<p><img loading=\"lazy\" decoding=\"async\" class=\"aligncenter wp-image-798623 size-full\" src=\"https:\/\/www.hashtag.al\/wp-content\/uploads\/2026\/04\/hita.jpeg\" alt=\"\" width=\"1282\" height=\"665\" srcset=\"https:\/\/www.hashtag.al\/wp-content\/uploads\/2026\/04\/hita.jpeg 1282w, https:\/\/www.hashtag.al\/wp-content\/uploads\/2026\/04\/hita-300x156.jpeg 300w, https:\/\/www.hashtag.al\/wp-content\/uploads\/2026\/04\/hita-1024x531.jpeg 1024w, https:\/\/www.hashtag.al\/wp-content\/uploads\/2026\/04\/hita-768x398.jpeg 768w, https:\/\/www.hashtag.al\/wp-content\/uploads\/2026\/04\/hita-1280x665.jpeg 1280w\" sizes=\"auto, (max-width: 1282px) 100vw, 1282px\" \/><\/p>\n<p><span style=\"color: #000000;\">T\u00eb tjera ndryshime ka pasur n\u00eb strukturat drejtuese t\u00eb Policis\u00eb s\u00eb Shtetit. Arb\u00ebr Zemani \u00ebsht\u00eb em\u00ebruar drejtor i Kufirit n\u00eb Vlor\u00eb, nd\u00ebrsa drejtuesi i m\u00ebparsh\u00ebm i k\u00ebtij institucioni \u00ebsht\u00eb transferuar specialist n\u00eb Drejtorin\u00eb e Antiterrorit.<\/span><\/p>\n<p><span style=\"color: #000000;\">Agim Basha, i ardhur nga Akademia e Siguris\u00eb, ka marr\u00eb detyr\u00ebn e drejtorit t\u00eb Kufirit n\u00eb Shkod\u00ebr. Altin Lila \u00ebsht\u00eb vendosur n\u00eb krye t\u00eb drejtoris\u00eb s\u00eb Kufirit n\u00eb Durr\u00ebs, nd\u00ebrsa paraardh\u00ebsi i tij, Ermal Lila, \u00ebsht\u00eb em\u00ebruar specialist n\u00eb Policin\u00eb e Shtetit.<\/span><\/p>\n<p><span style=\"color: #000000;\">Ndryshime jan\u00eb b\u00ebr\u00eb edhe n\u00eb strukturat e Policis\u00eb s\u00eb Tiran\u00ebs, ku Alfred Cenaj \u00ebsht\u00eb em\u00ebruar shef i Komisariatit t\u00eb Policis\u00eb Nr. 2.<\/span><\/p>\n","protected":false,"gt_translate_keys":[{"key":"rendered","format":"html"}]},"excerpt":{"rendered":"<p>T\u00eb tjera ndryshime ka pasur n\u00eb strukturat drejtuese t\u00eb Policis\u00eb s\u00eb Shtetit. Arb\u00ebr Zemani \u00ebsht\u00eb em\u00ebruar drejtor i Kufirit n\u00eb Vlor\u00eb, nd\u00ebrsa drejtuesi i m\u00ebparsh\u00ebm i k\u00ebtij institucioni \u00ebsht\u00eb transferuar specialist n\u00eb Drejtorin\u00eb e Antiterrorit. Agim Basha, i ardhur nga Akademia e Siguris\u00eb, ka marr\u00eb detyr\u00ebn e drejtorit t\u00eb Kufirit n\u00eb Shkod\u00ebr. Altin Lila \u00ebsht\u00eb [&hellip;]<\/p>\n","protected":false,"gt_translate_keys":[{"key":"rendered","format":"html"}]},"author":51,"featured_media":798623,"comment_status":"closed","ping_status":"open","sticky":false,"template":"","format":"standard","meta":{"footnotes":""},"categories":[65],"tags":[],"class_list":["post-798622","post","type-post","status-publish","format-standard","has-post-thumbnail","hentry","category-lajme"],"gt_translate_keys":[{"key":"link","format":"url"}],"_links":{"self":[{"href":"https:\/\/www.hashtag.al\/index.php\/wp-json\/wp\/v2\/posts\/798622","targetHints":{"allow":["GET"]}}],"collection":[{"href":"https:\/\/www.hashtag.al\/index.php\/wp-json\/wp\/v2\/posts"}],"about":[{"href":"https:\/\/www.hashtag.al\/index.php\/wp-json\/wp\/v2\/types\/post"}],"author":[{"embeddable":true,"href":"https:\/\/www.hashtag.al\/index.php\/wp-json\/wp\/v2\/users\/51"}],"replies":[{"embeddable":true,"href":"https:\/\/www.hashtag.al\/index.php\/wp-json\/wp\/v2\/comments?post=798622"}],"version-history":[{"count":99999,"href":"https:\/\/www.hashtag.al\/index.php\/wp-json\/wp\/v2\/posts\/798622\/revisions"}],"predecessor-version":[{"id":798625,"href":"https:\/\/www.hashtag.al\/index.php\/wp-json\/wp\/v2\/posts\/798622\/revisions\/798625"}],"wp:featuredmedia":[{"embeddable":true,"href":"https:\/\/www.hashtag.al\/index.php\/wp-json\/wp\/v2\/media\/798623"}],"wp:attachment":[{"href":"https:\/\/www.hashtag.al\/index.php\/wp-json\/wp\/v2\/media?parent=798622"}],"wp:term":[{"taxonomy":"category","embeddable":true,"href":"https:\/\/www.hashtag.al\/index.php\/wp-json\/wp\/v2\/categories?post=798622"},{"taxonomy":"post_tag","embeddable":true,"href":"https:\/\/www.hashtag.al\/index.php\/wp-json\/wp\/v2\/tags?post=798622"}],"curies":[{"name":"wp","href":"https:\/\/api.w.org\/{rel}","templated":true}]}}