{"id":798616,"date":"2026-04-28T20:04:22","date_gmt":"2026-04-28T18:04:22","guid":{"rendered":"https:\/\/www.hashtag.al\/?p=798616"},"modified":"2026-04-28T20:09:13","modified_gmt":"2026-04-28T18:09:13","slug":"tabaku-kritika-ne-degjesen-per-territorialen-bashkite-smund-te-jene-ndermarrje-punesimi","status":"publish","type":"post","link":"https:\/\/www.hashtag.al\/index.php\/2026\/04\/28\/tabaku-kritika-ne-degjesen-per-territorialen-bashkite-smund-te-jene-ndermarrje-punesimi\/","title":{"rendered":"Tabaku kritika n\u00eb d\u00ebgjes\u00ebn p\u00ebr Territorialen: Bashkit\u00eb s\u2019mund t\u00eb jen\u00eb nd\u00ebrmarrje pun\u00ebsimi","gt_translate_keys":[{"key":"rendered","format":"text"}]},"content":{"rendered":"<p><img loading=\"lazy\" decoding=\"async\" class=\"aligncenter size-full wp-image-798617\" src=\"https:\/\/www.hashtag.al\/wp-content\/uploads\/2026\/04\/tabaku-2-e1777399452701.jpg\" alt=\"\" width=\"780\" height=\"440\" srcset=\"https:\/\/www.hashtag.al\/wp-content\/uploads\/2026\/04\/tabaku-2-e1777399452701.jpg 780w, https:\/\/www.hashtag.al\/wp-content\/uploads\/2026\/04\/tabaku-2-e1777399452701-300x169.jpg 300w, https:\/\/www.hashtag.al\/wp-content\/uploads\/2026\/04\/tabaku-2-e1777399452701-768x433.jpg 768w\" sizes=\"auto, (max-width: 780px) 100vw, 780px\" \/><\/p>\n<p><span style=\"color: #000000;\">Deputetja e Partis\u00eb Demokratike, Jorida Tabaku, shprehu shqet\u00ebsime lidhur me funksionimin aktual t\u00eb pushtetit vendor n\u00eb Shqip\u00ebri.<\/span><\/p>\n<p><span style=\"color: #000000;\">Si an\u00ebtare e Komisionit Parlamentar p\u00ebr Reform\u00ebn Territoriale, ajo i shprehu k\u00ebto q\u00ebndrime gjat\u00eb nj\u00eb d\u00ebgjese t\u00eb k\u00ebtij komisioni, duke iu referuar edhe p\u00ebrvoj\u00ebs s\u00eb saj n\u00eb reform\u00ebn territoriale t\u00eb vitit 2014 dhe rolit t\u00eb m\u00ebparsh\u00ebm si n\u00ebnkryetare e Bashkis\u00eb s\u00eb Tiran\u00ebs.<\/span><\/p>\n<p><span style=\"color: #000000;\">Sipas Tabakut, problematikat aktuale burojn\u00eb nga m\u00ebnyra si \u00ebsht\u00eb konceptuar reforma, t\u00eb cil\u00ebn ajo e cil\u00ebsoi t\u00eb nd\u00ebrtuar mbi baza politike dhe jo funksionale. Ajo argumentoi se kjo qasje ka sjell\u00eb pabarazi dhe munges\u00eb eficience n\u00eb nivel vendor.<\/span><\/p>\n<p><span style=\"color: #000000;\">Deputetja theksoi gjithashtu se pushteti vendor sot karakterizohet nga munges\u00eb p\u00ebrfaq\u00ebsimi real dhe nj\u00eb centralizim i lart\u00eb financiar. Sipas saj, 61% e fondeve q\u00eb shp\u00ebrndahen nga qeveria qendrore p\u00ebrqendrohen n\u00eb vet\u00ebm 10 bashki, duke krijuar diferenca t\u00eb m\u00ebdha mes nj\u00ebsive vendore.<\/span><\/p>\n<p><span style=\"color: #000000;\">Nj\u00eb tjet\u00ebr kritik\u00eb lidhej me m\u00ebnyr\u00ebn e p\u00ebrdorimit t\u00eb t\u00eb ardhurave nga bashkit\u00eb. Tabaku n\u00ebnvizoi se nj\u00eb pjes\u00eb e konsiderueshme e rritjes s\u00eb t\u00eb ardhurave shkon p\u00ebr paga dhe jo p\u00ebr sh\u00ebrbime publike. \u201cBashkit\u00eb nuk mund t\u00eb jen\u00eb nd\u00ebrmarrje pun\u00ebsimi, por institucione q\u00eb ofrojn\u00eb sh\u00ebrbime\u201d, u shpreh ajo, duke shtuar se pesha e pagave n\u00eb buxhetet vendore \u00ebsht\u00eb rritur ndjesh\u00ebm.<\/span><\/p>\n<p><span style=\"color: #000000;\">N\u00eb p\u00ebrfundim, ajo k\u00ebrkoi nj\u00eb reform\u00eb t\u00eb re q\u00eb t\u00eb garantoj\u00eb decentralizim real, duke u dh\u00ebn\u00eb bashkive m\u00eb shum\u00eb kompetenca dhe kontroll mbi t\u00eb ardhurat q\u00eb gjenerohen n\u00eb territorin e tyre. Tabaku theksoi se kriteri kryesor nuk duhet t\u00eb jet\u00eb madh\u00ebsia e bashkive, por aft\u00ebsia p\u00ebr t\u2019iu p\u00ebrgjigjur nevojave t\u00eb qytetar\u00ebve: <em>\u201cBashki m\u00eb t\u00eb m\u00ebdha nuk do t\u00eb thot\u00eb bashki m\u00eb t\u00eb forta apo m\u00eb pran\u00eb qytetar\u00ebve. Shqip\u00ebria ka nevoj\u00eb p\u00ebr bashki europiane \u2013 dhe sot nuk i ka\u201d,<\/em> p\u00ebrfundoi ajo.<\/span><\/p>\n","protected":false,"gt_translate_keys":[{"key":"rendered","format":"html"}]},"excerpt":{"rendered":"<p>Deputetja e Partis\u00eb Demokratike, Jorida Tabaku, shprehu shqet\u00ebsime lidhur me funksionimin aktual t\u00eb pushtetit vendor n\u00eb Shqip\u00ebri. Si an\u00ebtare e Komisionit Parlamentar p\u00ebr Reform\u00ebn Territoriale, ajo i shprehu k\u00ebto q\u00ebndrime gjat\u00eb nj\u00eb d\u00ebgjese t\u00eb k\u00ebtij komisioni, duke iu referuar edhe p\u00ebrvoj\u00ebs s\u00eb saj n\u00eb reform\u00ebn territoriale t\u00eb vitit 2014 dhe rolit t\u00eb m\u00ebparsh\u00ebm si n\u00ebnkryetare [&hellip;]<\/p>\n","protected":false,"gt_translate_keys":[{"key":"rendered","format":"html"}]},"author":51,"featured_media":798617,"comment_status":"closed","ping_status":"open","sticky":false,"template":"","format":"standard","meta":{"footnotes":""},"categories":[65],"tags":[],"class_list":["post-798616","post","type-post","status-publish","format-standard","has-post-thumbnail","hentry","category-lajme"],"gt_translate_keys":[{"key":"link","format":"url"}],"_links":{"self":[{"href":"https:\/\/www.hashtag.al\/index.php\/wp-json\/wp\/v2\/posts\/798616","targetHints":{"allow":["GET"]}}],"collection":[{"href":"https:\/\/www.hashtag.al\/index.php\/wp-json\/wp\/v2\/posts"}],"about":[{"href":"https:\/\/www.hashtag.al\/index.php\/wp-json\/wp\/v2\/types\/post"}],"author":[{"embeddable":true,"href":"https:\/\/www.hashtag.al\/index.php\/wp-json\/wp\/v2\/users\/51"}],"replies":[{"embeddable":true,"href":"https:\/\/www.hashtag.al\/index.php\/wp-json\/wp\/v2\/comments?post=798616"}],"version-history":[{"count":99999,"href":"https:\/\/www.hashtag.al\/index.php\/wp-json\/wp\/v2\/posts\/798616\/revisions"}],"predecessor-version":[{"id":798618,"href":"https:\/\/www.hashtag.al\/index.php\/wp-json\/wp\/v2\/posts\/798616\/revisions\/798618"}],"wp:featuredmedia":[{"embeddable":true,"href":"https:\/\/www.hashtag.al\/index.php\/wp-json\/wp\/v2\/media\/798617"}],"wp:attachment":[{"href":"https:\/\/www.hashtag.al\/index.php\/wp-json\/wp\/v2\/media?parent=798616"}],"wp:term":[{"taxonomy":"category","embeddable":true,"href":"https:\/\/www.hashtag.al\/index.php\/wp-json\/wp\/v2\/categories?post=798616"},{"taxonomy":"post_tag","embeddable":true,"href":"https:\/\/www.hashtag.al\/index.php\/wp-json\/wp\/v2\/tags?post=798616"}],"curies":[{"name":"wp","href":"https:\/\/api.w.org\/{rel}","templated":true}]}}