{"id":798602,"date":"2026-04-28T18:38:09","date_gmt":"2026-04-28T16:38:09","guid":{"rendered":"https:\/\/www.hashtag.al\/?p=798602"},"modified":"2026-04-28T18:38:41","modified_gmt":"2026-04-28T16:38:41","slug":"peleshi-nga-dublini-rruga-e-shqiperise-drejt-bashkimit-europian-eshte-e-pakthyeshme","status":"publish","type":"post","link":"https:\/\/www.hashtag.al\/index.php\/2026\/04\/28\/peleshi-nga-dublini-rruga-e-shqiperise-drejt-bashkimit-europian-eshte-e-pakthyeshme\/","title":{"rendered":"Peleshi nga Dublini: Rruga e Shqip\u00ebris\u00eb drejt Bashkimit Europian \u00ebsht\u00eb e pakthyeshme","gt_translate_keys":[{"key":"rendered","format":"text"}]},"content":{"rendered":"<p><span style=\"color: #000000;\"><a style=\"color: #000000;\" href=\"https:\/\/www.hashtag.al\/index.php\/2026\/04\/28\/peleshi-nga-dublini-rruga-e-shqiperise-drejt-bashkimit-europian-eshte-e-pakthyeshme\/1777391778_nikopeleshi\/\" rel=\"attachment wp-att-798603\"><img loading=\"lazy\" decoding=\"async\" class=\"alignnone size-full wp-image-798603\" src=\"https:\/\/www.hashtag.al\/wp-content\/uploads\/2026\/04\/1777391778_nikopeleshi.jpg\" alt=\"\" width=\"780\" height=\"440\" srcset=\"https:\/\/www.hashtag.al\/wp-content\/uploads\/2026\/04\/1777391778_nikopeleshi.jpg 780w, https:\/\/www.hashtag.al\/wp-content\/uploads\/2026\/04\/1777391778_nikopeleshi-300x169.jpg 300w, https:\/\/www.hashtag.al\/wp-content\/uploads\/2026\/04\/1777391778_nikopeleshi-768x433.jpg 768w\" sizes=\"auto, (max-width: 780px) 100vw, 780px\" \/><\/a><\/span><\/p>\n<p><span style=\"color: #000000;\">Kreu i Kuvendit Niko Peleshi, ka zhvilluar nj\u00eb takim n\u00eb Parlamentin e Irland\u00ebs n\u00eb Dublin, ku n\u00eb fokus ka qen\u00eb procesi i integrimit t\u00eb Shqip\u00ebris\u00eb n\u00eb Bashkimin Europian.<\/span><\/p>\n<p><span style=\"color: #000000;\">Peleshi ka ndar\u00eb detaje nga takimi n\u00eb rrjetet sociale, ku \u00ebsht\u00eb takuar me Barry Ward dhe an\u00ebtar\u00eb t\u00eb Komisionit p\u00ebr \u00c7\u00ebshtjet e Bashkimit Europian.<\/span><\/p>\n<p><span style=\"color: #000000;\">Sipas tij, b\u00ebhet fjal\u00eb p\u00ebr nj\u00eb takim t\u00eb vlefsh\u00ebm pune dhe shk\u00ebmbimi mendimesh mbi arritjet dhe sfidat e procesit t\u00eb an\u00ebtar\u00ebsimit t\u00eb Shqip\u00ebris\u00eb n\u00eb BE.<\/span><\/p>\n<p><span style=\"color: #000000;\">Ai theksoi gjithashtu r\u00ebnd\u00ebsin\u00eb e mb\u00ebshtetjes nga Irlanda, sidomos n\u00eb kuad\u00ebr t\u00eb Presidenc\u00ebs s\u00eb K\u00ebshilli i Bashkimit Europian q\u00eb vendi do t\u00eb mbaj\u00eb n\u00eb periudh\u00ebn korrik-dhjetor 2026.<\/span><\/p>\n<p><span style=\"color: #000000;\"><em>\u201cN\u00eb Parlamentin e Irland\u00ebs, me Barry Ward dhe an\u00ebtar\u00ebt e Komisionit p\u00ebr \u00c7\u00ebshtjet e Bashkimit Europian.\u00a0 Nj\u00eb takim i vlefsh\u00ebm pune dhe shk\u00ebmbimi mendimesh mbi arritjet dhe sfidat e procesit t\u00eb an\u00ebtar\u00ebsimit t\u00eb Shqip\u00ebris\u00eb n\u00eb BE, si dhe mbi vijimin e mb\u00ebshtetjes nga Irlanda, ve\u00e7an\u00ebrisht n\u00eb kuad\u00ebr t\u00eb Presidenc\u00ebs s\u00eb saj t\u00eb K\u00ebshillit t\u00eb Bashkimit Europian, gjat\u00eb periudh\u00ebs korrik-dhjetor 2026. Progresi yn\u00eb i duksh\u00ebm na jep besim se rruga drejt an\u00ebtar\u00ebsimit \u00ebsht\u00eb e pakthyeshme\u201d,<\/em> shprehet Peleshi n\u00eb postimin e tij.<\/span><\/p>\n","protected":false,"gt_translate_keys":[{"key":"rendered","format":"html"}]},"excerpt":{"rendered":"<p>Kreu i Kuvendit Niko Peleshi, ka zhvilluar nj\u00eb takim n\u00eb Parlamentin e Irland\u00ebs n\u00eb Dublin, ku n\u00eb fokus ka qen\u00eb procesi i integrimit t\u00eb Shqip\u00ebris\u00eb n\u00eb Bashkimin Europian. Peleshi ka ndar\u00eb detaje nga takimi n\u00eb rrjetet sociale, ku \u00ebsht\u00eb takuar me Barry Ward dhe an\u00ebtar\u00eb t\u00eb Komisionit p\u00ebr \u00c7\u00ebshtjet e Bashkimit Europian. Sipas tij, b\u00ebhet [&hellip;]<\/p>\n","protected":false,"gt_translate_keys":[{"key":"rendered","format":"html"}]},"author":32,"featured_media":798603,"comment_status":"closed","ping_status":"open","sticky":false,"template":"","format":"standard","meta":{"footnotes":""},"categories":[65],"tags":[],"class_list":["post-798602","post","type-post","status-publish","format-standard","has-post-thumbnail","hentry","category-lajme"],"gt_translate_keys":[{"key":"link","format":"url"}],"_links":{"self":[{"href":"https:\/\/www.hashtag.al\/index.php\/wp-json\/wp\/v2\/posts\/798602","targetHints":{"allow":["GET"]}}],"collection":[{"href":"https:\/\/www.hashtag.al\/index.php\/wp-json\/wp\/v2\/posts"}],"about":[{"href":"https:\/\/www.hashtag.al\/index.php\/wp-json\/wp\/v2\/types\/post"}],"author":[{"embeddable":true,"href":"https:\/\/www.hashtag.al\/index.php\/wp-json\/wp\/v2\/users\/32"}],"replies":[{"embeddable":true,"href":"https:\/\/www.hashtag.al\/index.php\/wp-json\/wp\/v2\/comments?post=798602"}],"version-history":[{"count":99999,"href":"https:\/\/www.hashtag.al\/index.php\/wp-json\/wp\/v2\/posts\/798602\/revisions"}],"predecessor-version":[{"id":798605,"href":"https:\/\/www.hashtag.al\/index.php\/wp-json\/wp\/v2\/posts\/798602\/revisions\/798605"}],"wp:featuredmedia":[{"embeddable":true,"href":"https:\/\/www.hashtag.al\/index.php\/wp-json\/wp\/v2\/media\/798603"}],"wp:attachment":[{"href":"https:\/\/www.hashtag.al\/index.php\/wp-json\/wp\/v2\/media?parent=798602"}],"wp:term":[{"taxonomy":"category","embeddable":true,"href":"https:\/\/www.hashtag.al\/index.php\/wp-json\/wp\/v2\/categories?post=798602"},{"taxonomy":"post_tag","embeddable":true,"href":"https:\/\/www.hashtag.al\/index.php\/wp-json\/wp\/v2\/tags?post=798602"}],"curies":[{"name":"wp","href":"https:\/\/api.w.org\/{rel}","templated":true}]}}