{"id":798590,"date":"2026-04-28T18:22:27","date_gmt":"2026-04-28T16:22:27","guid":{"rendered":"https:\/\/www.hashtag.al\/?p=798590"},"modified":"2026-04-28T18:22:37","modified_gmt":"2026-04-28T16:22:37","slug":"deklaratat-per-shqiptaret-e-maqedonise-se-veriut-opozita-kerkon-seance-urgjente-me-ministrin-ferit-hoxha-ne-komisionin-e-jashtem","status":"publish","type":"post","link":"https:\/\/www.hashtag.al\/index.php\/2026\/04\/28\/deklaratat-per-shqiptaret-e-maqedonise-se-veriut-opozita-kerkon-seance-urgjente-me-ministrin-ferit-hoxha-ne-komisionin-e-jashtem\/","title":{"rendered":"Deklaratat p\u00ebr shqiptar\u00ebt e Maqedonis\u00eb s\u00eb Veriut, opozita k\u00ebrkon seanc\u00eb urgjente me ministrin Ferit Hoxha n\u00eb Komisionin e Jasht\u00ebm","gt_translate_keys":[{"key":"rendered","format":"text"}]},"content":{"rendered":"<p><span style=\"color: #000000;\"><a style=\"color: #000000;\" href=\"https:\/\/www.hashtag.al\/index.php\/2026\/04\/28\/deklaratat-per-shqiptaret-e-maqedonise-se-veriut-opozita-kerkon-seance-urgjente-me-ministrin-ferit-hoxha-ne-komisionin-e-jashtem\/komisioni-i-jasjhtem-1536x1024\/\" rel=\"attachment wp-att-798592\"><img loading=\"lazy\" decoding=\"async\" class=\"alignnone size-full wp-image-798592\" src=\"https:\/\/www.hashtag.al\/wp-content\/uploads\/2026\/04\/komisioni-i-jasjhtem-1536x1024-1.jpg\" alt=\"\" width=\"1536\" height=\"1024\" srcset=\"https:\/\/www.hashtag.al\/wp-content\/uploads\/2026\/04\/komisioni-i-jasjhtem-1536x1024-1.jpg 1536w, https:\/\/www.hashtag.al\/wp-content\/uploads\/2026\/04\/komisioni-i-jasjhtem-1536x1024-1-300x200.jpg 300w, https:\/\/www.hashtag.al\/wp-content\/uploads\/2026\/04\/komisioni-i-jasjhtem-1536x1024-1-1024x683.jpg 1024w, https:\/\/www.hashtag.al\/wp-content\/uploads\/2026\/04\/komisioni-i-jasjhtem-1536x1024-1-768x512.jpg 768w\" sizes=\"auto, (max-width: 1536px) 100vw, 1536px\" \/><\/a><\/span><\/p>\n<p><span style=\"color: #000000;\">An\u00ebtar\u00ebt e opozit\u00ebs n\u00eb Komisionin e Jasht\u00ebm kan\u00eb k\u00ebrkuar paraqitjen urgjente t\u00eb ministrit t\u00eb Jasht\u00ebm, Ferit Hoxha, p\u00ebr t\u00eb dh\u00ebn\u00eb shpjegime p\u00ebr dy incidente t\u00eb r\u00ebnda diplomatike.<\/span><\/p>\n<p><span style=\"color: #000000;\">Deputet\u00ebt demokrat\u00eb n\u00eb k\u00ebrkes\u00eb evidentojn\u00eb nj\u00eb komunikim me diplomat\u00eb t\u00eb Republik\u00ebs s\u00eb Shqip\u00ebris\u00eb, ku ministri Hoxha ka udh\u00ebzuar q\u00eb znj. Donika Gervalla (Ministre e Drejt\u00ebsis\u00eb dhe ish-ministre e Pun\u00ebve t\u00eb Jashtme t\u00eb Kosov\u00ebs) t\u2019i pamund\u00ebsohet \u00e7do komunikim dhe vizit\u00eb me ministra t\u00eb tjer\u00eb t\u00eb Republik\u00ebs s\u00eb Shqip\u00ebris\u00eb. Rasti i dyt\u00eb \u00ebsht\u00eb ai i fyerjes q\u00eb Ministri i Jasht\u00ebm u b\u00ebri shqiptar\u00ebve t\u00eb Maqedonis\u00eb s\u00eb Veriut.<\/span><\/p>\n<p>&nbsp;<\/p>\n<p><span style=\"color: #000000;\"><em>Grupi Parlamentar i Partis\u00eb Demokratike<\/em><\/span><\/p>\n<p><span style=\"color: #000000;\"><em>\u00a0<\/em>Nr. ______ Prot.\u00a0\u00a0\u00a0\u00a0\u00a0\u00a0\u00a0\u00a0\u00a0\u00a0\u00a0\u00a0\u00a0\u00a0\u00a0\u00a0\u00a0\u00a0\u00a0\u00a0\u00a0\u00a0\u00a0\u00a0\u00a0\u00a0\u00a0\u00a0\u00a0\u00a0\u00a0\u00a0\u00a0\u00a0\u00a0\u00a0\u00a0\u00a0\u00a0\u00a0\u00a0\u00a0\u00a0\u00a0\u00a0\u00a0\u00a0\u00a0\u00a0\u00a0\u00a0\u00a0\u00a0\u00a0\u00a0\u00a0\u00a0\u00a0\u00a0\u00a0\u00a0\u00a0\u00a0\u00a0\u00a0\u00a0\u00a0\u00a0\u00a0\u00a0\u00a0\u00a0\u00a0\u00a0\u00a0\u00a0\u00a0\u00a0 Tiran\u00eb, m\u00eb____.____.2026<\/span><\/p>\n<p>&nbsp;<\/p>\n<p><span style=\"color: #000000;\">\u00a0L\u00ebnda: \u00a0\u00a0\u00a0\u00a0\u00a0\u00a0\u00a0\u00a0\u00a0\u00a0\u00a0\u00a0\u00a0\u00a0\u00a0\u00a0\u00a0\u00a0\u00a0\u00a0\u00a0 K\u00ebrkes\u00eb p\u00ebr paraqitjen urgjente t\u00eb Ministrit t\u00eb Europ\u00ebs dhe Pun\u00ebve t\u00eb Jashtme, z. Ferit Hoxha.<\/span><\/p>\n<p><span style=\"color: #000000;\">Drejtuar:\u00a0\u00a0\u00a0\u00a0\u00a0\u00a0\u00a0\u00a0\u00a0 \u00a0\u00a0\u00a0\u00a0\u00a0\u00a0\u00a0\u00a0\u00a0Z. IGLI HASANI<\/span><\/p>\n<p><span style=\"color: #000000;\">Kryetar i Komisionit p\u00ebr Europ\u00ebn dhe Pun\u00ebt e Jashtme<\/span><\/p>\n<p><span style=\"color: #000000;\">I nderuar Zoti Kryetar,<\/span><\/p>\n<p><span style=\"color: #000000;\">Ne nj\u00eb grup deputet\u00ebsh, an\u00ebtar\u00eb t\u00eb Komisionit p\u00ebr Europ\u00ebn dhe Pun\u00ebt e Jashtme, k\u00ebrkojm\u00eb paraqitjen urgjente t\u00eb Ministrit t\u00eb Europ\u00ebs dhe Pun\u00ebve t\u00eb Jashtme, z. Ferit Hoxha p\u00ebrpara k\u00ebtij Komisioni, bazuar n\u00eb detyrimin kushtetues dhe ligjor t\u00eb Kuvendit p\u00ebr kontrollin e veprimtaris\u00eb s\u00eb pushtetit ekzekutiv.<\/span><\/p>\n<p><span style=\"color: #000000;\">Bazuar n\u00eb informacione t\u00eb publikuara n\u00eb media Ministri Hoxha ka shkaktuar, n\u00eb m\u00ebnyr\u00eb t\u00eb p\u00ebrs\u00ebritur, dy incidente diplomatike t\u00eb r\u00ebnda q\u00eb k\u00ebrkojn\u00eb reagimin e menj\u00ebhersh\u00ebm t\u00eb k\u00ebtij komisioni.<\/span><\/p>\n<p><span style=\"color: #000000;\">Incidenti i pare:<\/span><\/p>\n<p><span style=\"color: #000000;\">N\u00eb nj\u00eb komunikim me diplomat\u00eb t\u00eb Republik\u00ebs s\u00eb Shqip\u00ebris\u00eb, ministri Hoxha ka udh\u00ebzuar q\u00eb znj. Donika G\u00ebrvalla (Ministre e Drejt\u00ebsis\u00eb, dhe ish-Ministre e Pun\u00ebve t\u00eb Jashtme t\u00eb Kosov\u00ebs), t\u2019i pamund\u00ebsohet \u00e7do komunikim dhe vizit\u00eb me ministra t\u00eb tjer\u00eb t\u00eb Republik\u00ebs s\u00eb Shqip\u00ebris\u00eb.<\/span><\/p>\n<p><span style=\"color: #000000;\">Nj\u00eb q\u00ebndrim i till\u00eb p\u00ebrb\u00ebn nj\u00eb akt t\u00eb paprecedent\u00eb, cenim t\u00eb drejtp\u00ebrdrejt\u00eb t\u00eb frym\u00ebs s\u00eb bashk\u00ebpunimit nd\u00ebrshqiptar, dhe d\u00ebmtim t\u00eb marr\u00ebdh\u00ebnieve nd\u00ebrshtet\u00ebrore Shqip\u00ebri-Kosov\u00eb, q\u00eb i sh\u00ebrben vet\u00ebm kund\u00ebrshtar\u00ebve t\u00eb interesave tona komb\u00ebtare n\u00eb rajon dhe n\u00eb aren\u00ebn nd\u00ebrkomb\u00ebtare.<\/span><\/p>\n<p><span style=\"color: #000000;\">Askush nuk e ka mohuar publikisht k\u00ebt\u00eb fakt. Heshtja e ministrit p\u00ebrball\u00eb k\u00ebtyre njoftimeve e b\u00ebn at\u00eb p\u00ebrgjegj\u00ebs p\u00ebr pasojat diplomatike, aq m\u00eb keq kur k\u00ebto qendrime Ministri ia transmeton drejtp\u00ebrdrejt trup\u00ebs son\u00eb diplomatike, e cila vendoset n\u00ebn presion politik p\u00ebr t\u00eb vepruar n\u00eb shkelje t\u00eb betimit t\u00eb diplomatit.<\/span><\/p>\n<p><span style=\"color: #000000;\">Incidenti i dyt\u00eb:<\/span><\/p>\n<p><span style=\"color: #000000;\">Rreth tre dit\u00eb m\u00eb par\u00eb, n\u00eb nj\u00eb grup komunikimi me ambasador\u00ebt shqiptar\u00eb, ministri Hoxha ka p\u00ebrdorur shprehjen \u201cidiot\u00eb\u201d si nj\u00eb cil\u00ebsim fyes p\u00ebr shqiptar\u00ebt e Maqedonis\u00eb s\u00eb Veriut.<\/span><\/p>\n<p><span style=\"color: #000000;\">Nj\u00eb gjuh\u00eb e till\u00eb, e p\u00ebrdorur nga kreu i diplomacis\u00eb shqiptare p\u00ebr bashk\u00ebkomb\u00ebsit tan\u00eb n\u00eb Maqedonin\u00eb e Veriut, \u00ebsht\u00eb thell\u00ebsisht fyese, n\u00eb kund\u00ebrshtim me \u00e7do standard t\u00eb komunikimit diplomatik, dhe d\u00ebshmon paaft\u00ebsi t\u00eb theksuar p\u00ebr t\u00eb p\u00ebrfaq\u00ebsuar interesat e mbrojtjes s\u00eb t\u00eb drejtave t\u00eb shqiptar\u00ebve atje, si dhe d\u00ebmton besimin q\u00eb duhet t\u00eb ket\u00eb trupa diplomatike shqiptare tek drejtuesi i tyre.<\/span><\/p>\n<p><span style=\"color: #000000;\">Ministri i Pun\u00ebve t\u00eb Jashtme, n\u00eb \u00e7do vend evropian (mjedis q\u00eb z. Hoxha e njeh shum\u00eb mir\u00eb prej vitesh) do t\u00eb ishte t\u00ebrhequr menj\u00ebher\u00eb nga detyra pas dy incidenteve t\u00eb nj\u00ebpasnj\u00ebshme diplomatike t\u00eb k\u00ebtij niveli. Jo sepse nuk do t\u00eb kishte mb\u00ebshtetje politike, por sepse d\u00ebmi i shkaktuar marr\u00ebdh\u00ebnieve nd\u00ebrshtet\u00ebrore dhe interesit komb\u00ebtar do ta b\u00ebnte t\u00eb pamundur vijimin e mandatit t\u00eb tij.<\/span><\/p>\n<p><span style=\"color: #000000;\">P\u00ebrkund\u00ebr pritm\u00ebrive q\u00eb ministri Hoxha t\u00eb sillte nj\u00eb standard tjet\u00ebr komunikimi dhe nj\u00eb kultur\u00eb tjet\u00ebr profesionale, n\u00eb vend t\u00eb nd\u00ebrtimit t\u00eb urave, ai ka shkaktuar fraktura diplomatike qoft\u00eb me institucionet e Kosov\u00ebs dhe me vet\u00eb ministren G\u00ebrvalla, qoft\u00eb me shqiptar\u00ebt e Maqedonis\u00eb s\u00eb Veriut dhe p\u00ebrfaq\u00ebsuesit e tyre politik\u00eb.<\/span><\/p>\n<p><span style=\"color: #000000;\">Helmimi i marr\u00ebdh\u00ebnieve, ve\u00e7an\u00ebrisht n\u00eb form\u00ebn e udh\u00ebzimeve dhe q\u00ebndrimeve t\u00eb shprehura para trup\u00ebs diplomatike shqiptare, nuk mund t\u00eb tolerohet. \u00cbsht\u00eb n\u00eb kund\u00ebrshtim t\u00eb hapur me interesin shtet\u00ebror dhe komb\u00ebtar shqiptar.<\/span><\/p>\n<p><span style=\"color: #000000;\">N\u00eb mb\u00ebshtetje t\u00eb k\u00ebtyre fakteve t\u00eb lartp\u00ebrmendura, ne k\u00ebrkojm\u00eb nga Komisioni Parlamentar p\u00ebr Europ\u00ebn dhe Politik\u00ebn e Jashtme:<\/span><\/p>\n<ol>\n<li><span style=\"color: #000000;\">Thirrjen e menj\u00ebhershme t\u00eb ministrit Ferit Hoxha p\u00ebrpara komisionit, p\u00ebr t\u00eb dh\u00ebn\u00eb llogari p\u00ebr k\u00ebto dy incidente.<\/span><\/li>\n<li><span style=\"color: #000000;\">K\u00ebrkimin e nj\u00eb apologiie publike nga ministri:<\/span><\/li>\n<\/ol>\n<ul>\n<li><span style=\"color: #000000;\">Drejtuar shqiptar\u00ebve t\u00eb Maqedonis\u00eb s\u00eb Veriut p\u00ebr cil\u00ebsimin fyes \u201cidiot\u00eb\u201d.<\/span><\/li>\n<li><span style=\"color: #000000;\">Drejtuar ministres Donika G\u00ebrvalla dhe institucioneve t\u00eb Kosov\u00ebs p\u00ebr q\u00ebndrimin fyese dhe kufizues.<\/span><\/li>\n<\/ul>\n<ol start=\"3\">\n<li><span style=\"color: #000000;\">K\u00ebrkes\u00ebn p\u00ebr dor\u00ebheqjeje t\u00eb ministrit Hoxha, duke qen\u00eb se d\u00ebmi diplomatik i shkaktuar e b\u00ebn t\u00eb pamundur vijimin me besueshm\u00ebri t\u00eb funksionit t\u00eb tij.<\/span><\/li>\n<li><span style=\"color: #000000;\">Raportimin e konkluzioneve t\u00eb k\u00ebsaj procedure para Kuvendit, p\u00ebrfshir\u00eb vler\u00ebsimin n\u00ebse veprimet e ministrit p\u00ebrb\u00ebjn\u00eb shkelje t\u00eb detyr\u00ebs.<\/span><\/li>\n<\/ol>\n<p><span style=\"color: #000000;\">Nuk ka interes m\u00eb t\u00eb lart\u00eb komb\u00ebtar se ruajtja e marr\u00ebdh\u00ebnieve strategjike me Kosov\u00ebn dhe mbrojtja e t\u00eb drejtave dhe dinjitetit t\u00eb shqiptar\u00ebve n\u00eb Maqedonin\u00eb e Veriut. Ministri Hoxha, me fjal\u00ebt dhe udh\u00ebzimet e tij, ka punuar kund\u00ebr k\u00ebtyre interesave. Ai nuk mund t\u00eb vijoj\u00eb m\u00eb n\u00eb k\u00ebt\u00eb detyr\u00eb.<\/span><\/p>\n<p><span style=\"color: #000000;\">Duke ju fal\u00ebnderuar p\u00ebr bashk\u00ebpunimin.<\/span><\/p>\n<p>&nbsp;<\/p>\n<p><span style=\"color: #000000;\">\u00a0D E P U T E T \u00cb T<\/span><\/p>\n<p>&nbsp;<\/p>\n","protected":false,"gt_translate_keys":[{"key":"rendered","format":"html"}]},"excerpt":{"rendered":"<p>An\u00ebtar\u00ebt e opozit\u00ebs n\u00eb Komisionin e Jasht\u00ebm kan\u00eb k\u00ebrkuar paraqitjen urgjente t\u00eb ministrit t\u00eb Jasht\u00ebm, Ferit Hoxha, p\u00ebr t\u00eb dh\u00ebn\u00eb shpjegime p\u00ebr dy incidente t\u00eb r\u00ebnda diplomatike. Deputet\u00ebt demokrat\u00eb n\u00eb k\u00ebrkes\u00eb evidentojn\u00eb nj\u00eb komunikim me diplomat\u00eb t\u00eb Republik\u00ebs s\u00eb Shqip\u00ebris\u00eb, ku ministri Hoxha ka udh\u00ebzuar q\u00eb znj. Donika Gervalla (Ministre e Drejt\u00ebsis\u00eb dhe ish-ministre e [&hellip;]<\/p>\n","protected":false,"gt_translate_keys":[{"key":"rendered","format":"html"}]},"author":32,"featured_media":798592,"comment_status":"closed","ping_status":"open","sticky":false,"template":"","format":"standard","meta":{"footnotes":""},"categories":[65,1],"tags":[],"class_list":["post-798590","post","type-post","status-publish","format-standard","has-post-thumbnail","hentry","category-lajme","category-uncategorized"],"gt_translate_keys":[{"key":"link","format":"url"}],"_links":{"self":[{"href":"https:\/\/www.hashtag.al\/index.php\/wp-json\/wp\/v2\/posts\/798590","targetHints":{"allow":["GET"]}}],"collection":[{"href":"https:\/\/www.hashtag.al\/index.php\/wp-json\/wp\/v2\/posts"}],"about":[{"href":"https:\/\/www.hashtag.al\/index.php\/wp-json\/wp\/v2\/types\/post"}],"author":[{"embeddable":true,"href":"https:\/\/www.hashtag.al\/index.php\/wp-json\/wp\/v2\/users\/32"}],"replies":[{"embeddable":true,"href":"https:\/\/www.hashtag.al\/index.php\/wp-json\/wp\/v2\/comments?post=798590"}],"version-history":[{"count":99999,"href":"https:\/\/www.hashtag.al\/index.php\/wp-json\/wp\/v2\/posts\/798590\/revisions"}],"predecessor-version":[{"id":798601,"href":"https:\/\/www.hashtag.al\/index.php\/wp-json\/wp\/v2\/posts\/798590\/revisions\/798601"}],"wp:featuredmedia":[{"embeddable":true,"href":"https:\/\/www.hashtag.al\/index.php\/wp-json\/wp\/v2\/media\/798592"}],"wp:attachment":[{"href":"https:\/\/www.hashtag.al\/index.php\/wp-json\/wp\/v2\/media?parent=798590"}],"wp:term":[{"taxonomy":"category","embeddable":true,"href":"https:\/\/www.hashtag.al\/index.php\/wp-json\/wp\/v2\/categories?post=798590"},{"taxonomy":"post_tag","embeddable":true,"href":"https:\/\/www.hashtag.al\/index.php\/wp-json\/wp\/v2\/tags?post=798590"}],"curies":[{"name":"wp","href":"https:\/\/api.w.org\/{rel}","templated":true}]}}