{"id":798582,"date":"2026-04-28T17:12:50","date_gmt":"2026-04-28T15:12:50","guid":{"rendered":"https:\/\/www.hashtag.al\/?p=798582"},"modified":"2026-04-28T17:13:09","modified_gmt":"2026-04-28T15:13:09","slug":"emiratet-largohen-nga-opec-goditje-per-tregun-global-te-naftes-mes-krizes-nga-lufta-me-iranin","status":"publish","type":"post","link":"https:\/\/www.hashtag.al\/index.php\/2026\/04\/28\/emiratet-largohen-nga-opec-goditje-per-tregun-global-te-naftes-mes-krizes-nga-lufta-me-iranin\/","title":{"rendered":"Emiratet largohen nga OPEC, goditje p\u00ebr tregun global t\u00eb naft\u00ebs mes kriz\u00ebs nga lufta me Iranin","gt_translate_keys":[{"key":"rendered","format":"text"}]},"content":{"rendered":"<p><span style=\"color: #000000;\"><a style=\"color: #000000;\" href=\"https:\/\/www.hashtag.al\/index.php\/2026\/04\/28\/emiratet-largohen-nga-opec-goditje-per-tregun-global-te-naftes-mes-krizes-nga-lufta-me-iranin\/screenshot-2026-04-28-081125\/\" rel=\"attachment wp-att-798583\"><img loading=\"lazy\" decoding=\"async\" class=\"alignnone size-full wp-image-798583\" src=\"https:\/\/www.hashtag.al\/wp-content\/uploads\/2026\/04\/Screenshot-2026-04-28-081125.png\" alt=\"\" width=\"862\" height=\"470\" srcset=\"https:\/\/www.hashtag.al\/wp-content\/uploads\/2026\/04\/Screenshot-2026-04-28-081125.png 862w, https:\/\/www.hashtag.al\/wp-content\/uploads\/2026\/04\/Screenshot-2026-04-28-081125-300x164.png 300w, https:\/\/www.hashtag.al\/wp-content\/uploads\/2026\/04\/Screenshot-2026-04-28-081125-768x419.png 768w\" sizes=\"auto, (max-width: 862px) 100vw, 862px\" \/><\/a><\/span><\/p>\n<p><span style=\"color: #000000;\">Emiratet e Bashkuara Arabe kan\u00eb vendosur t\u00eb largohen nga Organizata e Vendeve Eksportuese t\u00eb Naft\u00ebs (OPEC) dhe aleanca OPEC+ duke filluar nga 1 maji, n\u00eb nj\u00eb vendim q\u00eb konsiderohet nj\u00eb goditje e r\u00ebnd\u00eb p\u00ebr grupin e prodhuesve global\u00eb t\u00eb naft\u00ebs dhe nj\u00eb sinjal i qart\u00eb i p\u00ebr\u00e7arjeve n\u00eb Gjirin Persik.<\/span><\/p>\n<p><span style=\"color: #000000;\">Vendimi vjen n\u00eb nj\u00eb moment kritik, kur kriza globale e energjis\u00eb \u00ebsht\u00eb p\u00ebrshkall\u00ebzuar nga lufta me Iranin dhe tensionet n\u00eb Ngushtica e Hormuzit, nj\u00eb korridor jetik p\u00ebr transportin e naft\u00ebs dhe gazit n\u00eb bot\u00eb.<\/span><\/p>\n<p><span style=\"color: #000000;\">Ministri i Energjis\u00eb i Emirateve, Suhail Mohamed al-Mazrouei, deklaroi p\u00ebr <span style=\"color: #0000ff;\"><a style=\"color: #0000ff;\" href=\"https:\/\/www.reuters.com\/markets\/commodities\/uae-says-it-quits-opec-opec-statement-2026-04-28\/\">Reuters<\/a><\/span> se vendimi \u00ebsht\u00eb strategjik dhe \u00ebsht\u00eb marr\u00eb pas nj\u00eb analize t\u00eb kujdesshme t\u00eb politikave aktuale dhe t\u00eb ardhshme t\u00eb prodhimit.<\/span><\/p>\n<p><span style=\"color: #000000;\"><em>&#8220;Ky \u00ebsht\u00eb nj\u00eb vendim politik, i marr\u00eb pas nj\u00eb vler\u00ebsimi t\u00eb kujdessh\u00ebm t\u00eb politikave tona t\u00eb prodhimit&#8221;<\/em>, u shpreh ai, duke theksuar se vendi nuk ka konsultuar paraprakisht me Arabin\u00eb Saudite apo an\u00ebtar\u00eb t\u00eb tjer\u00eb t\u00eb OPEC.<\/span><\/p>\n<p><span style=\"color: #000000;\">Dalja e Emirateve, nj\u00eb nga prodhuesit m\u00eb t\u00eb m\u00ebdhenj n\u00eb kuad\u00ebr t\u00eb OPEC+, pritet t\u00eb dob\u00ebsoj\u00eb ndikimin e grupit, i cili deri para kriz\u00ebs kontrollonte gati gjysm\u00ebn e prodhimit global t\u00eb naft\u00ebs. <\/span><\/p>\n<p><span style=\"color: #000000;\">Sipas t\u00eb dh\u00ebnave t\u00eb Agjencia Nd\u00ebrkomb\u00ebtare e Energjis\u00eb, pjesa e OPEC+ n\u00eb prodhimin global ka r\u00ebn\u00eb nga rreth 48% n\u00eb shkurt n\u00eb 44% n\u00eb mars, me pritshm\u00ebri p\u00ebr r\u00ebnie t\u00eb m\u00ebtejshme.<\/span><\/p>\n<p><span style=\"color: #000000;\">Konflikti me Iranin ka kufizuar ndjesh\u00ebm eksportet e vendeve t\u00eb Gjirit, pasi k\u00ebrc\u00ebnimet dhe sulmet ndaj anijeve kan\u00eb v\u00ebshtir\u00ebsuar kalimin n\u00ebp\u00ebr Ngushtic\u00ebn e Hormuzit, nga ku kalon rreth nj\u00eb e pesta e furnizimit global me naft\u00eb dhe gaz t\u00eb l\u00ebngsh\u00ebm.<\/span><\/p>\n<p><span style=\"color: #000000;\">Megjithat\u00eb, sipas ministrit Mazrouei, largimi i Emirateve nuk pritet t\u00eb ket\u00eb ndikim t\u00eb menj\u00ebhersh\u00ebm t\u00eb madh n\u00eb treg p\u00ebr shkak t\u00eb k\u00ebtyre kufizimeve logjistike, por n\u00eb planin afatgjat\u00eb mund t\u2019i jap\u00eb vendit mund\u00ebsi t\u00eb fitoj\u00eb m\u00eb shum\u00eb pjes\u00eb tregu kur situata gjeopolitike t\u00eb stabilizohet.<\/span><\/p>\n<p><span style=\"color: #000000;\">Vendimi shihet gjithashtu si nj\u00eb zhvillim me p\u00ebrfitime politike p\u00ebr Donald Trump, i cili prej koh\u00ebsh ka kritikuar OPEC-un p\u00ebr ndikimin n\u00eb rritjen e \u00e7mimeve t\u00eb naft\u00ebs, duke e akuzuar organizat\u00ebn se <em>\u201cshfryt\u00ebzon pjes\u00ebn tjet\u00ebr t\u00eb bot\u00ebs\u201d<\/em>.<\/span><\/p>\n<p><span style=\"color: #000000;\">N\u00eb sfondin e k\u00ebtij vendimi, lider\u00ebt e vendeve t\u00eb Gjirit jan\u00eb mbledhur n\u00eb Arabin\u00eb Saudite p\u00ebr t\u00eb diskutuar p\u00ebrgjigjen ndaj sulmeve t\u00eb vazhdueshme iraniane me raketa dhe dron\u00eb, nd\u00ebrsa tregu global i energjis\u00eb mbetet n\u00ebn presion p\u00ebr shkak t\u00eb kapaciteteve t\u00eb kufizuara rezerv\u00eb.<\/span><\/p>\n<p><span style=\"color: #000000;\">Duke operuar jasht\u00eb OPEC dhe OPEC+, Emiratet synojn\u00eb t\u00eb shfryt\u00ebzojn\u00eb m\u00eb plot\u00ebsisht kapacitetet e tyre si furnizues i naft\u00ebs me kosto t\u00eb ul\u00ebt dhe me emetime m\u00eb t\u00eb reduktuara, duke u pozicionuar p\u00ebr t\u00eb p\u00ebrmbushur k\u00ebrkes\u00ebn n\u00eb rritje globale p\u00ebr energji n\u00eb vitet n\u00eb vijim.<\/span><\/p>\n","protected":false,"gt_translate_keys":[{"key":"rendered","format":"html"}]},"excerpt":{"rendered":"<p>Emiratet e Bashkuara Arabe kan\u00eb vendosur t\u00eb largohen nga Organizata e Vendeve Eksportuese t\u00eb Naft\u00ebs (OPEC) dhe aleanca OPEC+ duke filluar nga 1 maji, n\u00eb nj\u00eb vendim q\u00eb konsiderohet nj\u00eb goditje e r\u00ebnd\u00eb p\u00ebr grupin e prodhuesve global\u00eb t\u00eb naft\u00ebs dhe nj\u00eb sinjal i qart\u00eb i p\u00ebr\u00e7arjeve n\u00eb Gjirin Persik. Vendimi vjen n\u00eb nj\u00eb moment [&hellip;]<\/p>\n","protected":false,"gt_translate_keys":[{"key":"rendered","format":"html"}]},"author":32,"featured_media":798583,"comment_status":"closed","ping_status":"open","sticky":false,"template":"","format":"standard","meta":{"footnotes":""},"categories":[6],"tags":[],"class_list":["post-798582","post","type-post","status-publish","format-standard","has-post-thumbnail","hentry","category-nderkombetare"],"gt_translate_keys":[{"key":"link","format":"url"}],"_links":{"self":[{"href":"https:\/\/www.hashtag.al\/index.php\/wp-json\/wp\/v2\/posts\/798582","targetHints":{"allow":["GET"]}}],"collection":[{"href":"https:\/\/www.hashtag.al\/index.php\/wp-json\/wp\/v2\/posts"}],"about":[{"href":"https:\/\/www.hashtag.al\/index.php\/wp-json\/wp\/v2\/types\/post"}],"author":[{"embeddable":true,"href":"https:\/\/www.hashtag.al\/index.php\/wp-json\/wp\/v2\/users\/32"}],"replies":[{"embeddable":true,"href":"https:\/\/www.hashtag.al\/index.php\/wp-json\/wp\/v2\/comments?post=798582"}],"version-history":[{"count":99999,"href":"https:\/\/www.hashtag.al\/index.php\/wp-json\/wp\/v2\/posts\/798582\/revisions"}],"predecessor-version":[{"id":798585,"href":"https:\/\/www.hashtag.al\/index.php\/wp-json\/wp\/v2\/posts\/798582\/revisions\/798585"}],"wp:featuredmedia":[{"embeddable":true,"href":"https:\/\/www.hashtag.al\/index.php\/wp-json\/wp\/v2\/media\/798583"}],"wp:attachment":[{"href":"https:\/\/www.hashtag.al\/index.php\/wp-json\/wp\/v2\/media?parent=798582"}],"wp:term":[{"taxonomy":"category","embeddable":true,"href":"https:\/\/www.hashtag.al\/index.php\/wp-json\/wp\/v2\/categories?post=798582"},{"taxonomy":"post_tag","embeddable":true,"href":"https:\/\/www.hashtag.al\/index.php\/wp-json\/wp\/v2\/tags?post=798582"}],"curies":[{"name":"wp","href":"https:\/\/api.w.org\/{rel}","templated":true}]}}