{"id":798571,"date":"2026-04-28T16:07:45","date_gmt":"2026-04-28T14:07:45","guid":{"rendered":"https:\/\/www.hashtag.al\/?p=798571"},"modified":"2026-04-28T16:08:12","modified_gmt":"2026-04-28T14:08:12","slug":"pese-te-plagosur-nga-te-shtenat-ne-zyren-e-sigurimeve-shoqerore-dhe-ne-gjykaten-e-apelit-ne-athine","status":"publish","type":"post","link":"https:\/\/www.hashtag.al\/index.php\/2026\/04\/28\/pese-te-plagosur-nga-te-shtenat-ne-zyren-e-sigurimeve-shoqerore-dhe-ne-gjykaten-e-apelit-ne-athine\/","title":{"rendered":"Pes\u00eb t\u00eb plagosur nga t\u00eb sht\u00ebnat n\u00eb zyr\u00ebn e sigurimeve shoq\u00ebrore dhe n\u00eb gjykat\u00ebn e apelit n\u00eb Athin\u00eb","gt_translate_keys":[{"key":"rendered","format":"text"}]},"content":{"rendered":"<p>&nbsp;<\/p>\n<p><span style=\"color: #000000;\"><a href=\"https:\/\/www.hashtag.al\/index.php\/2026\/04\/28\/pese-te-plagosur-nga-te-shtenat-ne-zyren-e-sigurimeve-shoqerore-dhe-ne-gjykaten-e-apelit-ne-athine\/thumbs_b_c_ff4faf94846fa9313cd51ea18679e77b\/\" rel=\"attachment wp-att-798572\"><img loading=\"lazy\" decoding=\"async\" class=\"alignnone size-full wp-image-798572\" src=\"https:\/\/www.hashtag.al\/wp-content\/uploads\/2026\/04\/thumbs_b_c_ff4faf94846fa9313cd51ea18679e77b.jpg\" alt=\"\" width=\"864\" height=\"486\" srcset=\"https:\/\/www.hashtag.al\/wp-content\/uploads\/2026\/04\/thumbs_b_c_ff4faf94846fa9313cd51ea18679e77b.jpg 864w, https:\/\/www.hashtag.al\/wp-content\/uploads\/2026\/04\/thumbs_b_c_ff4faf94846fa9313cd51ea18679e77b-300x169.jpg 300w, https:\/\/www.hashtag.al\/wp-content\/uploads\/2026\/04\/thumbs_b_c_ff4faf94846fa9313cd51ea18679e77b-768x432.jpg 768w\" sizes=\"auto, (max-width: 864px) 100vw, 864px\" \/><\/a><\/span><\/p>\n<p><span style=\"color: #000000;\">Pes\u00eb persona u plagos\u00ebn n\u00eb dy incidente t\u00eb ndara me arm\u00eb zjarri n\u00eb qend\u00ebr t\u00eb Athin\u00ebs, than\u00eb autoritetet, nd\u00ebrsa policia nisi nj\u00eb operacion p\u00ebr kapjen e nj\u00eb t\u00eb dyshuari t\u00eb moshuar, transmeton <span style=\"color: #0000ff;\"><a style=\"color: #0000ff;\" href=\"https:\/\/www.aa.com.tr\/sq\/bota\/pes%C3%AB-t%C3%AB-plagosur-nga-t%C3%AB-sht%C3%ABnat-n%C3%AB-zyr%C3%ABn-e-sigurimeve-shoq%C3%ABrore-dhe-n%C3%AB-gjykat%C3%ABn-e-apelit-n%C3%AB-athin%C3%AB\/3920367\">Anadolu.<\/a><\/span><\/span><\/p>\n<p><span style=\"color: #000000;\">Incidenti i par\u00eb ndodhi n\u00eb nj\u00eb zyr\u00eb t\u00eb sigurimeve shoq\u00ebrore t\u00eb operuar nga EFKA, ku nj\u00eb burr\u00eb 89-vje\u00e7ar dyshohet se hyri n\u00eb nd\u00ebrtes\u00eb dhe u ngjit n\u00eb katin e kat\u00ebrt, raportoi transmetuesi publik ERT.<\/span><\/p>\n<p><span style=\"color: #000000;\">Ai raportohet se q\u00eblloi me nj\u00eb arm\u00eb gjahu, duke plagosur nj\u00eb punonj\u00ebs q\u00eb merrte pjes\u00eb n\u00eb nj\u00eb program shtet\u00ebror pun\u00ebsimi.<\/span><\/p>\n<p><span style=\"color: #000000;\">Viktima p\u00ebsoi l\u00ebndime t\u00eb lehta n\u00eb k\u00ebmb\u00eb dhe u d\u00ebrgua n\u00eb spital, nd\u00ebrsa gjendja e tij u p\u00ebrshkrua si jasht\u00eb rrezikut p\u00ebr jet\u00ebn.<\/span><\/p>\n<p><span style=\"color: #000000;\">Menj\u00ebher\u00eb m\u00eb pas, i dyshuari besohet se udh\u00ebtoi me taksi drejt Gjykat\u00ebs s\u00eb Apelit n\u00eb Athin\u00eb, n\u00eb Loukareos, ku s\u00ebrish arriti n\u00eb katin e kat\u00ebrt dhe hapi zjarr, duke plagosur edhe kat\u00ebr persona t\u00eb tjer\u00eb.<\/span><\/p>\n<p><span style=\"color: #000000;\">T\u00eb gjitha viktimat raportohet se kan\u00eb p\u00ebsuar l\u00ebndime t\u00eb lehta.<\/span><\/p>\n<p><span style=\"color: #000000;\">Policia tha se i dyshuari e la arm\u00ebn n\u00eb vendin e incidentit t\u00eb dyt\u00eb p\u00ebrpara se t\u00eb arratisej.<\/span><\/p>\n<p><span style=\"color: #000000;\">Nj\u00eb operacion n\u00eb shkall\u00eb t\u00eb gjer\u00eb nga policia \u00ebsht\u00eb duke u zhvilluar p\u00ebr ta lokalizuar at\u00eb.<\/span><\/p>\n","protected":false,"gt_translate_keys":[{"key":"rendered","format":"html"}]},"excerpt":{"rendered":"<p>&nbsp; Pes\u00eb persona u plagos\u00ebn n\u00eb dy incidente t\u00eb ndara me arm\u00eb zjarri n\u00eb qend\u00ebr t\u00eb Athin\u00ebs, than\u00eb autoritetet, nd\u00ebrsa policia nisi nj\u00eb operacion p\u00ebr kapjen e nj\u00eb t\u00eb dyshuari t\u00eb moshuar, transmeton Anadolu. Incidenti i par\u00eb ndodhi n\u00eb nj\u00eb zyr\u00eb t\u00eb sigurimeve shoq\u00ebrore t\u00eb operuar nga EFKA, ku nj\u00eb burr\u00eb 89-vje\u00e7ar dyshohet se hyri [&hellip;]<\/p>\n","protected":false,"gt_translate_keys":[{"key":"rendered","format":"html"}]},"author":32,"featured_media":798572,"comment_status":"closed","ping_status":"open","sticky":false,"template":"","format":"standard","meta":{"footnotes":""},"categories":[6],"tags":[],"class_list":["post-798571","post","type-post","status-publish","format-standard","has-post-thumbnail","hentry","category-nderkombetare"],"gt_translate_keys":[{"key":"link","format":"url"}],"_links":{"self":[{"href":"https:\/\/www.hashtag.al\/index.php\/wp-json\/wp\/v2\/posts\/798571","targetHints":{"allow":["GET"]}}],"collection":[{"href":"https:\/\/www.hashtag.al\/index.php\/wp-json\/wp\/v2\/posts"}],"about":[{"href":"https:\/\/www.hashtag.al\/index.php\/wp-json\/wp\/v2\/types\/post"}],"author":[{"embeddable":true,"href":"https:\/\/www.hashtag.al\/index.php\/wp-json\/wp\/v2\/users\/32"}],"replies":[{"embeddable":true,"href":"https:\/\/www.hashtag.al\/index.php\/wp-json\/wp\/v2\/comments?post=798571"}],"version-history":[{"count":99999,"href":"https:\/\/www.hashtag.al\/index.php\/wp-json\/wp\/v2\/posts\/798571\/revisions"}],"predecessor-version":[{"id":798574,"href":"https:\/\/www.hashtag.al\/index.php\/wp-json\/wp\/v2\/posts\/798571\/revisions\/798574"}],"wp:featuredmedia":[{"embeddable":true,"href":"https:\/\/www.hashtag.al\/index.php\/wp-json\/wp\/v2\/media\/798572"}],"wp:attachment":[{"href":"https:\/\/www.hashtag.al\/index.php\/wp-json\/wp\/v2\/media?parent=798571"}],"wp:term":[{"taxonomy":"category","embeddable":true,"href":"https:\/\/www.hashtag.al\/index.php\/wp-json\/wp\/v2\/categories?post=798571"},{"taxonomy":"post_tag","embeddable":true,"href":"https:\/\/www.hashtag.al\/index.php\/wp-json\/wp\/v2\/tags?post=798571"}],"curies":[{"name":"wp","href":"https:\/\/api.w.org\/{rel}","templated":true}]}}