{"id":798566,"date":"2026-04-28T15:47:41","date_gmt":"2026-04-28T13:47:41","guid":{"rendered":"https:\/\/www.hashtag.al\/?p=798566"},"modified":"2026-04-28T15:48:14","modified_gmt":"2026-04-28T13:48:14","slug":"vrasja-e-dyfishte-ne-lezhe-zbulohet-i-braktisur-nje-nga-automjetet-e-perdorura-ne-atentat","status":"publish","type":"post","link":"https:\/\/www.hashtag.al\/index.php\/2026\/04\/28\/vrasja-e-dyfishte-ne-lezhe-zbulohet-i-braktisur-nje-nga-automjetet-e-perdorura-ne-atentat\/","title":{"rendered":"Vrasja e dyfisht\u00eb n\u00eb Lezh\u00eb, zbulohet i braktisur nj\u00eb nga automjetet e p\u00ebrdorura n\u00eb atentat","gt_translate_keys":[{"key":"rendered","format":"text"}]},"content":{"rendered":"<p><span style=\"color: #000000;\"><a href=\"https:\/\/www.hashtag.al\/index.php\/2026\/04\/28\/vrasja-e-dyfishte-ne-lezhe-zbulohet-i-braktisur-nje-nga-automjetet-e-perdorura-ne-atentat\/vash\/\" rel=\"attachment wp-att-798568\"><img loading=\"lazy\" decoding=\"async\" class=\"alignnone size-full wp-image-798568\" src=\"https:\/\/www.hashtag.al\/wp-content\/uploads\/2026\/04\/vash.webp\" alt=\"\" width=\"974\" height=\"559\" srcset=\"https:\/\/www.hashtag.al\/wp-content\/uploads\/2026\/04\/vash.webp 974w, https:\/\/www.hashtag.al\/wp-content\/uploads\/2026\/04\/vash-300x172.webp 300w, https:\/\/www.hashtag.al\/wp-content\/uploads\/2026\/04\/vash-768x441.webp 768w\" sizes=\"auto, (max-width: 974px) 100vw, 974px\" \/><\/a><\/span><\/p>\n<p><span style=\"color: #000000;\">Nj\u00eb automjet tip Volkswagen Golf 5 q\u00eb u p\u00ebrdor n\u00eb vrasjen e dyfisht\u00eb q\u00eb ndodhi t\u00eb diel\u00ebn n\u00eb Balldre t\u00eb Lezh\u00ebs \u00ebsht\u00eb gjetur i braktisur.<\/span><\/p>\n<p><span style=\"color: #000000;\">Raportohet se mjeti i p\u00ebrdorur n\u00eb vrasjen e Kreshnik dhe Gentjana Mujecit u gjet n\u00eb zon\u00ebn e Torovic\u00ebs.<\/span><\/p>\n<p><span style=\"color: #000000;\">Kujtjom\u00eb se n\u00eb ngjarjen e r\u00ebnd\u00eb kriminale u p\u00ebrdor edhe nj\u00eb automjet tjet\u00ebr, tip \u201cAudi\u201d.<\/span><\/p>\n","protected":false,"gt_translate_keys":[{"key":"rendered","format":"html"}]},"excerpt":{"rendered":"<p>Nj\u00eb automjet tip Volkswagen Golf 5 q\u00eb u p\u00ebrdor n\u00eb vrasjen e dyfisht\u00eb q\u00eb ndodhi t\u00eb diel\u00ebn n\u00eb Balldre t\u00eb Lezh\u00ebs \u00ebsht\u00eb gjetur i braktisur. Raportohet se mjeti i p\u00ebrdorur n\u00eb vrasjen e Kreshnik dhe Gentjana Mujecit u gjet n\u00eb zon\u00ebn e Torovic\u00ebs. Kujtjom\u00eb se n\u00eb ngjarjen e r\u00ebnd\u00eb kriminale u p\u00ebrdor edhe nj\u00eb automjet [&hellip;]<\/p>\n","protected":false,"gt_translate_keys":[{"key":"rendered","format":"html"}]},"author":32,"featured_media":798568,"comment_status":"closed","ping_status":"open","sticky":false,"template":"","format":"standard","meta":{"footnotes":""},"categories":[65],"tags":[],"class_list":["post-798566","post","type-post","status-publish","format-standard","has-post-thumbnail","hentry","category-lajme"],"gt_translate_keys":[{"key":"link","format":"url"}],"_links":{"self":[{"href":"https:\/\/www.hashtag.al\/index.php\/wp-json\/wp\/v2\/posts\/798566","targetHints":{"allow":["GET"]}}],"collection":[{"href":"https:\/\/www.hashtag.al\/index.php\/wp-json\/wp\/v2\/posts"}],"about":[{"href":"https:\/\/www.hashtag.al\/index.php\/wp-json\/wp\/v2\/types\/post"}],"author":[{"embeddable":true,"href":"https:\/\/www.hashtag.al\/index.php\/wp-json\/wp\/v2\/users\/32"}],"replies":[{"embeddable":true,"href":"https:\/\/www.hashtag.al\/index.php\/wp-json\/wp\/v2\/comments?post=798566"}],"version-history":[{"count":99999,"href":"https:\/\/www.hashtag.al\/index.php\/wp-json\/wp\/v2\/posts\/798566\/revisions"}],"predecessor-version":[{"id":798570,"href":"https:\/\/www.hashtag.al\/index.php\/wp-json\/wp\/v2\/posts\/798566\/revisions\/798570"}],"wp:featuredmedia":[{"embeddable":true,"href":"https:\/\/www.hashtag.al\/index.php\/wp-json\/wp\/v2\/media\/798568"}],"wp:attachment":[{"href":"https:\/\/www.hashtag.al\/index.php\/wp-json\/wp\/v2\/media?parent=798566"}],"wp:term":[{"taxonomy":"category","embeddable":true,"href":"https:\/\/www.hashtag.al\/index.php\/wp-json\/wp\/v2\/categories?post=798566"},{"taxonomy":"post_tag","embeddable":true,"href":"https:\/\/www.hashtag.al\/index.php\/wp-json\/wp\/v2\/tags?post=798566"}],"curies":[{"name":"wp","href":"https:\/\/api.w.org\/{rel}","templated":true}]}}