{"id":798543,"date":"2026-04-28T14:26:02","date_gmt":"2026-04-28T12:26:02","guid":{"rendered":"https:\/\/www.hashtag.al\/?p=798543"},"modified":"2026-04-28T14:26:02","modified_gmt":"2026-04-28T12:26:02","slug":"gjkko-pranon-kerkesen-ilir-beqaj-do-te-qendroje-jashte-kafazit-ne-sallen-e-gjyqit","status":"publish","type":"post","link":"https:\/\/www.hashtag.al\/index.php\/2026\/04\/28\/gjkko-pranon-kerkesen-ilir-beqaj-do-te-qendroje-jashte-kafazit-ne-sallen-e-gjyqit\/","title":{"rendered":"GJKKO pranon k\u00ebrkes\u00ebn, Ilir Beqaj do t\u00eb q\u00ebndroj\u00eb jasht\u00eb kafazit n\u00eb sall\u00ebn e gjyqit","gt_translate_keys":[{"key":"rendered","format":"text"}]},"content":{"rendered":"<p><span style=\"color: #000000;\"><a href=\"https:\/\/www.hashtag.al\/index.php\/2026\/03\/31\/gjkko-shtyn-me-7-prill-kerkesen-e-beqajt-per-lirimin-nga-qelia\/ilir-beqaj-spak-675x450\/\" rel=\"attachment wp-att-793727\"><img loading=\"lazy\" decoding=\"async\" class=\"alignnone size-full wp-image-793727\" src=\"https:\/\/www.hashtag.al\/wp-content\/uploads\/2026\/03\/Ilir-Beqaj-SPAK-675x450-1.jpg\" alt=\"\" width=\"675\" height=\"450\" srcset=\"https:\/\/www.hashtag.al\/wp-content\/uploads\/2026\/03\/Ilir-Beqaj-SPAK-675x450-1.jpg 675w, https:\/\/www.hashtag.al\/wp-content\/uploads\/2026\/03\/Ilir-Beqaj-SPAK-675x450-1-300x200.jpg 300w\" sizes=\"auto, (max-width: 675px) 100vw, 675px\" \/><\/a><\/span><\/p>\n<p><span style=\"color: #000000;\">GJKKO ka pranuar k\u00ebrkes\u00ebn e ish-ministrit Ilir Beqaj p\u00ebr t\u2019u mbajtur jasht\u00eb kafazit n\u00eb sall\u00ebn e gjyqit gjat\u00eb zhvillimit t\u00eb seancave.<\/span><\/p>\n<p><span style=\"color: #000000;\">Sipas vendimit t\u00eb gjykat\u00ebs, ndryshimi i mas\u00ebs do t\u00eb hyj\u00eb n\u00eb fuqi nga seanca e radh\u00ebs, pasi t\u00eb kryhen procedurat p\u00ebrkat\u00ebse dhe t\u00eb njoftohet Drejtoria e P\u00ebrgjithshme e Burgjeve p\u00ebr t\u00eb marr\u00eb masat e nevojshme.<\/span><\/p>\n<p><span style=\"color: #000000;\">Vendimi vjen n\u00eb kuad\u00ebr t\u00eb k\u00ebrkesave p\u00ebr t\u00eb pandehurit gjat\u00eb proceseve gjyq\u00ebsore, nj\u00eb \u00e7\u00ebshtje q\u00eb ka qen\u00eb shpesh objekt debatesh nga disa t\u00eb pandehur.<\/span><\/p>\n","protected":false,"gt_translate_keys":[{"key":"rendered","format":"html"}]},"excerpt":{"rendered":"<p>GJKKO ka pranuar k\u00ebrkes\u00ebn e ish-ministrit Ilir Beqaj p\u00ebr t\u2019u mbajtur jasht\u00eb kafazit n\u00eb sall\u00ebn e gjyqit gjat\u00eb zhvillimit t\u00eb seancave. Sipas vendimit t\u00eb gjykat\u00ebs, ndryshimi i mas\u00ebs do t\u00eb hyj\u00eb n\u00eb fuqi nga seanca e radh\u00ebs, pasi t\u00eb kryhen procedurat p\u00ebrkat\u00ebse dhe t\u00eb njoftohet Drejtoria e P\u00ebrgjithshme e Burgjeve p\u00ebr t\u00eb marr\u00eb masat e [&hellip;]<\/p>\n","protected":false,"gt_translate_keys":[{"key":"rendered","format":"html"}]},"author":32,"featured_media":793727,"comment_status":"closed","ping_status":"open","sticky":false,"template":"","format":"standard","meta":{"footnotes":""},"categories":[65],"tags":[],"class_list":["post-798543","post","type-post","status-publish","format-standard","has-post-thumbnail","hentry","category-lajme"],"gt_translate_keys":[{"key":"link","format":"url"}],"_links":{"self":[{"href":"https:\/\/www.hashtag.al\/index.php\/wp-json\/wp\/v2\/posts\/798543","targetHints":{"allow":["GET"]}}],"collection":[{"href":"https:\/\/www.hashtag.al\/index.php\/wp-json\/wp\/v2\/posts"}],"about":[{"href":"https:\/\/www.hashtag.al\/index.php\/wp-json\/wp\/v2\/types\/post"}],"author":[{"embeddable":true,"href":"https:\/\/www.hashtag.al\/index.php\/wp-json\/wp\/v2\/users\/32"}],"replies":[{"embeddable":true,"href":"https:\/\/www.hashtag.al\/index.php\/wp-json\/wp\/v2\/comments?post=798543"}],"version-history":[{"count":99999,"href":"https:\/\/www.hashtag.al\/index.php\/wp-json\/wp\/v2\/posts\/798543\/revisions"}],"predecessor-version":[{"id":798544,"href":"https:\/\/www.hashtag.al\/index.php\/wp-json\/wp\/v2\/posts\/798543\/revisions\/798544"}],"wp:featuredmedia":[{"embeddable":true,"href":"https:\/\/www.hashtag.al\/index.php\/wp-json\/wp\/v2\/media\/793727"}],"wp:attachment":[{"href":"https:\/\/www.hashtag.al\/index.php\/wp-json\/wp\/v2\/media?parent=798543"}],"wp:term":[{"taxonomy":"category","embeddable":true,"href":"https:\/\/www.hashtag.al\/index.php\/wp-json\/wp\/v2\/categories?post=798543"},{"taxonomy":"post_tag","embeddable":true,"href":"https:\/\/www.hashtag.al\/index.php\/wp-json\/wp\/v2\/tags?post=798543"}],"curies":[{"name":"wp","href":"https:\/\/api.w.org\/{rel}","templated":true}]}}