{"id":798533,"date":"2026-04-28T12:52:02","date_gmt":"2026-04-28T10:52:02","guid":{"rendered":"https:\/\/www.hashtag.al\/?p=798533"},"modified":"2026-04-28T12:52:02","modified_gmt":"2026-04-28T10:52:02","slug":"tri-kerkesat-e-erion-veliajt-ndrecaj-thirrje-gjkko-se-hapni-provat-kafazin-dhe-kamerat","status":"publish","type":"post","link":"https:\/\/www.hashtag.al\/index.php\/2026\/04\/28\/tri-kerkesat-e-erion-veliajt-ndrecaj-thirrje-gjkko-se-hapni-provat-kafazin-dhe-kamerat\/","title":{"rendered":"&#8220;Tri k\u00ebrkesat e Erion Veliajt&#8221;\/ Ndrecaj thirrje GJKKO-s\u00eb: Hapni provat, kafazin dhe kamerat","gt_translate_keys":[{"key":"rendered","format":"text"}]},"content":{"rendered":"<p data-start=\"159\" data-end=\"345\"><span style=\"color: #000000;\"><img loading=\"lazy\" decoding=\"async\" class=\"aligncenter size-full wp-image-795418\" src=\"https:\/\/www.hashtag.al\/wp-content\/uploads\/2026\/04\/1771448548_17593386971758635907erionveliajnkshillbashkiak.jpeg\" alt=\"\" width=\"780\" height=\"440\" srcset=\"https:\/\/www.hashtag.al\/wp-content\/uploads\/2026\/04\/1771448548_17593386971758635907erionveliajnkshillbashkiak.jpeg 780w, https:\/\/www.hashtag.al\/wp-content\/uploads\/2026\/04\/1771448548_17593386971758635907erionveliajnkshillbashkiak-300x169.jpeg 300w, https:\/\/www.hashtag.al\/wp-content\/uploads\/2026\/04\/1771448548_17593386971758635907erionveliajnkshillbashkiak-768x433.jpeg 768w\" sizes=\"auto, (max-width: 780px) 100vw, 780px\" \/><\/span><\/p>\n<p data-start=\"159\" data-end=\"345\"><span style=\"color: #000000;\">Avokati i\u00a0<span class=\"hover:entity-accent entity-underline inline cursor-pointer align-baseline\"><span class=\"whitespace-normal\">Erion Veliaj<\/span><\/span>, Plarent Ndrecaj, ka reaguar p\u00ebrmes nj\u00eb postimi n\u00eb rrjetet sociale \u00a0pas seanc\u00ebs s\u00eb fundit gjyq\u00ebsore, duke ngritur shqet\u00ebsime mbi m\u00ebnyr\u00ebn e zhvillimit t\u00eb procesit gjyq\u00ebsor.<\/span><\/p>\n<p data-start=\"347\" data-end=\"548\"><span style=\"color: #000000;\">Ai thekson se mbrojtja ka k\u00ebrkuar q\u00eb n\u00eb sall\u00eb t\u00eb paraqiten 35 fashikuj me prova digjitale, t\u00eb cilat sipas tij nuk jan\u00eb hapur dhe nuk jan\u00eb shqyrtuar as nga gjykata, megjith\u00ebse mbi to \u00ebsht\u00eb marr\u00eb vendim.<\/span><\/p>\n<p data-start=\"550\" data-end=\"802\"><span style=\"color: #000000;\">Sipas Ndrecajt, k\u00ebrkesat p\u00ebr verifikimin dhe v\u00ebnien n\u00eb dispozicion t\u00eb provave jan\u00eb refuzuar, nd\u00ebrsa gjykata nuk ka kryer asnj\u00eb kontroll mbi p\u00ebrmbajtjen e tyre.<\/span><\/p>\n<p data-start=\"528\" data-end=\"757\"><span style=\"color: #000000;\">Ndrecaj thekson gjithashtu se \u00ebsht\u00eb refuzuar k\u00ebrkesa q\u00eb i pandehuri t\u00eb q\u00ebndroj\u00eb n\u00eb kushte dinjitoze, duke kund\u00ebrshtuar mbajtjen e tij n\u00eb kafazin prej xhami.\u00a0<\/span><\/p>\n<p><span style=\"color: #000000;\"><strong>Reagimi:<\/strong><\/span><\/p>\n<p><span style=\"color: #000000;\">Hapni provat. Hapni kafazin. Hapni kamerat. Tri k\u00ebrkesat e Erion Veliaj<\/span><\/p>\n<p><span style=\"color: #000000;\">T\u00eb nderuar p\u00ebrfaq\u00ebsues t\u00eb medias,<\/span><\/p>\n<p><span style=\"color: #000000;\">Seanca e djeshme ndaj Erion Veliajt nuk ishte thjesht nj\u00eb zhvillim i radh\u00ebs procedural, por nj\u00eb pasqyr\u00eb e qart\u00eb e situat\u00ebs dramatike n\u00eb t\u00eb cil\u00ebn \u00ebsht\u00eb mb\u00ebrthyer drejt\u00ebsia shqiptare.<\/span><\/p>\n<p><span style=\"color: #000000;\">Nga ana jon\u00eb u paraqit\u00ebn k\u00ebrkesa bazike p\u00ebr nj\u00eb proces t\u00eb rregullt ligjor. K\u00ebrkuam q\u00eb gjykata t\u00eb sillte n\u00eb sall\u00eb 35 fashikuj me prova digjitale (CD\/USB), t\u00eb cilat rezultojn\u00eb t\u00eb pahapura dhe t\u00eb konstatohej ky fakt n\u00eb seanc\u00eb: prova q\u00eb nuk jan\u00eb hapur, nuk jan\u00eb par\u00eb dhe nuk jan\u00eb vler\u00ebsuar as nga gjykata e seanc\u00ebs paraprake, megjith\u00ebse ajo ka marr\u00eb vendim mbi to.<\/span><\/p>\n<p><span style=\"color: #000000;\">K\u00ebrkuam gjithashtu q\u00eb k\u00ebto prova t\u00eb viheshin n\u00eb dispozicion t\u00eb mbrojtjes, pasi nuk jan\u00eb administruar kurr\u00eb prej saj, nd\u00ebrsa z. Veliaj jo vet\u00ebm q\u00eb nuk i ka marr\u00eb, por nuk ka asnj\u00eb mund\u00ebsi teknike t\u00eb njihet me to. <\/span><\/p>\n<p><span style=\"color: #000000;\">Reagimi i gjykat\u00ebs ishte trondit\u00ebs: e injoroi k\u00ebt\u00eb fakt, e konsideroi t\u00eb ezauruar koh\u00ebn e mbrojtjes p\u00ebr njohjen me aktet, refuzoi \u00e7do verifikim, nuk solli fashikujt, nuk konstatoi gjendjen e tyre dhe, nd\u00ebrkoh\u00eb, as vet\u00eb nuk i ka hapur dhe nuk \u00ebsht\u00eb njohur me to.<\/span><\/p>\n<p><span style=\"color: #000000;\">Absurdi vijoi me pranimin e gjykimit t\u00eb shkurtuar p\u00ebr nj\u00eb pjes\u00eb t\u00eb t\u00eb pandehurve, pra gjykimin mbi gjendjen aktuale t\u00eb akteve, n\u00eb nj\u00eb koh\u00eb kur nj\u00eb pjes\u00eb e tyre jan\u00eb t\u00eb pahapura dhe t\u00eb pashqyrtuara edhe nga vet\u00eb gjykata, \u00e7ka ngre pyetjen thelb\u00ebsore: mbi \u00e7far\u00eb baze u vler\u00ebsua se \u00e7\u00ebshtja mund t\u00eb zgjidhet \u201cn\u00eb gjendjen q\u00eb jan\u00eb aktet\u201d, kur vet\u00eb aktet nuk jan\u00eb hapur? <\/span><\/p>\n<p><span style=\"color: #000000;\">Nj\u00eb situat\u00eb kjo q\u00eb krijoi bindjen e qart\u00eb p\u00ebr nj\u00eb vendimmarrje t\u00eb paracaktuar p\u00ebr ndarjen e \u00e7\u00ebshtjes dhe \u201cheqjen nga dora\u201d t\u00eb rastit \u201ct\u00eb nxeht\u00eb\u201d Veliaj, bindje e p\u00ebrforcuar nga q\u00ebndrimet e prokuror\u00ebve, t\u00eb cil\u00ebt paralajm\u00ebruan se k\u00ebrkesat tona do trajtoheshin n\u00eb nj\u00eb proces tjet\u00ebr, pik\u00ebrisht si\u00e7 ndodhi.<\/span><\/p>\n<p><span style=\"color: #000000;\">N\u00eb t\u00eb nj\u00ebjt\u00ebn linj\u00eb, u refuzua pa asnj\u00eb argument dhe pa baz\u00eb ligjore k\u00ebrkesa p\u00ebr transmetimin e seancave, n\u00eb kund\u00ebrshtim t\u00eb hapur me Kushtetut\u00ebn dhe me praktik\u00ebn e Gjykat\u00ebs Kushtetuese. <\/span><\/p>\n<p><span style=\"color: #000000;\">Po ashtu, u refuzua e drejta e z. Veliaj p\u00ebr t\u00eb qen\u00eb n\u00eb kushte dinjitoze dhe t\u00eb barabarta me pal\u00ebn tjet\u00ebr, p\u00ebrmes eliminimit t\u00eb q\u00ebndrimit n\u00eb kafazin e xhamit, nj\u00eb k\u00ebrkes\u00eb q\u00eb u trajtua n\u00eb m\u00ebnyr\u00eb cinike dhe arrogante nga akuza, duke u krahasuar me nj\u00eb q\u00ebndrim n\u00eb \u201chotel me 5 yje\u201d.<\/span><\/p>\n<p><span style=\"color: #000000;\">Seanca e djeshme nuk ishte thjesht nj\u00eb diferenc\u00eb q\u00ebndrimesh proceduriale, por nj\u00eb kontrast i fort\u00eb midis nj\u00eb mbrojtjeje q\u00eb k\u00ebrkon standarde, profesionaliz\u00ebm dhe p\u00ebrgjegj\u00ebsi dhe nj\u00eb procesi q\u00eb i shmang standardet, Kushtetut\u00ebn dhe ligjin. <\/span><\/p>\n<p><span style=\"color: #000000;\">Ajo ekspozoi nj\u00eb rrezik real: nj\u00eb drejt\u00ebsi q\u00eb shmang p\u00ebrballjen me faktet dhe t\u00eb v\u00ebrtet\u00ebn, duke u kthyer nga organ i dh\u00ebnies s\u00eb drejt\u00ebsis\u00eb n\u00eb nj\u00eb mekaniz\u00ebm \u201cpaketim-ambalazhimi\u201d \u00e7\u00ebshtjesh, i shurdh\u00ebr ndaj argumentit dhe i verb\u00ebr ndaj ligjit.<\/span><\/p>\n<p><span style=\"color: #000000;\">Kjo nuk na dekurajon. P\u00ebrkundrazi, e rrit p\u00ebrgjegj\u00ebsin\u00eb ton\u00eb nga nj\u00eb detyr\u00eb profesionale n\u00eb nj\u00eb detyr\u00eb qytetare, p\u00ebr t\u00eb p\u00ebrdorur \u00e7do mjet ligjor dhe p\u00ebr ta rikthyer k\u00ebt\u00eb proces n\u00eb shinat e Kushtetut\u00ebs dhe standardeve evropiane. <\/span><\/p>\n<p><span style=\"color: #000000;\">Pa k\u00ebto kushte, \u00e7do p\u00ebrpjekje p\u00ebr t\u00eb hequr \u201cpataten e nxeht\u00eb\u201d apo p\u00ebr t\u00eb lar\u00eb duart si \u201cPonc Pilati\u201d do t\u00eb d\u00ebshtoj\u00eb dhe p\u00ebrgjegj\u00ebsia, dikur, diku, ndaj dikujt, do t\u00eb k\u00ebrkoj\u00eb adres\u00ebn e saj.<\/span><\/p>\n<p><span style=\"color: #000000;\">Faleminderit!<\/span><\/p>\n<p><span style=\"color: #000000;\">Av. Plarent Ndreca<\/span><br \/>\n<span style=\"color: #000000;\">Mbrojt\u00ebsi i z. Erion Veliaj\u00a0<\/span><\/p>\n","protected":false,"gt_translate_keys":[{"key":"rendered","format":"html"}]},"excerpt":{"rendered":"<p>Avokati i\u00a0Erion Veliaj, Plarent Ndrecaj, ka reaguar p\u00ebrmes nj\u00eb postimi n\u00eb rrjetet sociale \u00a0pas seanc\u00ebs s\u00eb fundit gjyq\u00ebsore, duke ngritur shqet\u00ebsime mbi m\u00ebnyr\u00ebn e zhvillimit t\u00eb procesit gjyq\u00ebsor. Ai thekson se mbrojtja ka k\u00ebrkuar q\u00eb n\u00eb sall\u00eb t\u00eb paraqiten 35 fashikuj me prova digjitale, t\u00eb cilat sipas tij nuk jan\u00eb hapur dhe nuk jan\u00eb shqyrtuar [&hellip;]<\/p>\n","protected":false,"gt_translate_keys":[{"key":"rendered","format":"html"}]},"author":49,"featured_media":795418,"comment_status":"closed","ping_status":"open","sticky":false,"template":"","format":"standard","meta":{"footnotes":""},"categories":[65],"tags":[],"class_list":["post-798533","post","type-post","status-publish","format-standard","has-post-thumbnail","hentry","category-lajme"],"gt_translate_keys":[{"key":"link","format":"url"}],"_links":{"self":[{"href":"https:\/\/www.hashtag.al\/index.php\/wp-json\/wp\/v2\/posts\/798533","targetHints":{"allow":["GET"]}}],"collection":[{"href":"https:\/\/www.hashtag.al\/index.php\/wp-json\/wp\/v2\/posts"}],"about":[{"href":"https:\/\/www.hashtag.al\/index.php\/wp-json\/wp\/v2\/types\/post"}],"author":[{"embeddable":true,"href":"https:\/\/www.hashtag.al\/index.php\/wp-json\/wp\/v2\/users\/49"}],"replies":[{"embeddable":true,"href":"https:\/\/www.hashtag.al\/index.php\/wp-json\/wp\/v2\/comments?post=798533"}],"version-history":[{"count":99999,"href":"https:\/\/www.hashtag.al\/index.php\/wp-json\/wp\/v2\/posts\/798533\/revisions"}],"predecessor-version":[{"id":798534,"href":"https:\/\/www.hashtag.al\/index.php\/wp-json\/wp\/v2\/posts\/798533\/revisions\/798534"}],"wp:featuredmedia":[{"embeddable":true,"href":"https:\/\/www.hashtag.al\/index.php\/wp-json\/wp\/v2\/media\/795418"}],"wp:attachment":[{"href":"https:\/\/www.hashtag.al\/index.php\/wp-json\/wp\/v2\/media?parent=798533"}],"wp:term":[{"taxonomy":"category","embeddable":true,"href":"https:\/\/www.hashtag.al\/index.php\/wp-json\/wp\/v2\/categories?post=798533"},{"taxonomy":"post_tag","embeddable":true,"href":"https:\/\/www.hashtag.al\/index.php\/wp-json\/wp\/v2\/tags?post=798533"}],"curies":[{"name":"wp","href":"https:\/\/api.w.org\/{rel}","templated":true}]}}