{"id":798530,"date":"2026-04-28T13:21:13","date_gmt":"2026-04-28T11:21:13","guid":{"rendered":"https:\/\/www.hashtag.al\/?p=798530"},"modified":"2026-04-28T13:21:41","modified_gmt":"2026-04-28T11:21:41","slug":"elbasan-banoret-e-skenderbej-ne-proteste-2-jave-pa-energji-elektrike-dhe-uje","status":"publish","type":"post","link":"https:\/\/www.hashtag.al\/index.php\/2026\/04\/28\/elbasan-banoret-e-skenderbej-ne-proteste-2-jave-pa-energji-elektrike-dhe-uje\/","title":{"rendered":"Elbasan\/ Banor\u00ebt e \u201cSk\u00ebnderbej\u201d n\u00eb protest\u00eb, 2 jav\u00eb pa energji elektrike dhe uj\u00eb","gt_translate_keys":[{"key":"rendered","format":"text"}]},"content":{"rendered":"<p><span style=\"color: #000000;\"><a href=\"https:\/\/www.hashtag.al\/index.php\/2026\/04\/28\/elbasan-banoret-e-skenderbej-ne-proteste-2-jave-pa-energji-elektrike-dhe-uje\/img_9419-2\/\" rel=\"attachment wp-att-798531\"><img loading=\"lazy\" decoding=\"async\" class=\"alignnone size-full wp-image-798531\" src=\"https:\/\/www.hashtag.al\/wp-content\/uploads\/2026\/04\/IMG_9419.jpeg\" alt=\"\" width=\"1536\" height=\"764\" srcset=\"https:\/\/www.hashtag.al\/wp-content\/uploads\/2026\/04\/IMG_9419.jpeg 1536w, https:\/\/www.hashtag.al\/wp-content\/uploads\/2026\/04\/IMG_9419-300x149.jpeg 300w, https:\/\/www.hashtag.al\/wp-content\/uploads\/2026\/04\/IMG_9419-1024x509.jpeg 1024w, https:\/\/www.hashtag.al\/wp-content\/uploads\/2026\/04\/IMG_9419-768x382.jpeg 768w\" sizes=\"auto, (max-width: 1536px) 100vw, 1536px\" \/><\/a><br \/>\nBanor\u00ebt e lagjes \u201cSk\u00ebnderbej\u201d n\u00eb Elbasan kan\u00eb protestuar k\u00ebt\u00eb t\u00eb mart\u00eb, duke denoncuar munges\u00ebn e energjis\u00eb elektrike dhe furnizimit me uj\u00eb prej rreth dy jav\u00ebsh, nj\u00eb situat\u00eb q\u00eb ka prekur rreth 300 familje.<\/span><\/p>\n<p><span style=\"color: #000000;\">Sipas banor\u00ebve, nd\u00ebrprerjet e energjis\u00eb kan\u00eb sjell\u00eb automatikisht edhe munges\u00eb uji n\u00eb sht\u00ebpi, duke e v\u00ebshtir\u00ebsuar jetes\u00ebn e p\u00ebrditshme dhe duke krijuar probleme serioze p\u00ebr higjien\u00ebn dhe sh\u00ebrbimet baz\u00eb.<\/span><\/p>\n<p><span style=\"color: #000000;\">Amvisat shprehen se e kan\u00eb t\u00eb pamundur gatimin dhe ruajtjen e ushqimeve, nd\u00ebrsa familjet me f\u00ebmij\u00eb dhe t\u00eb moshuar p\u00ebrballen me v\u00ebshtir\u00ebsi edhe m\u00eb t\u00eb m\u00ebdha. N\u00eb t\u00eb nj\u00ebjt\u00ebn koh\u00eb, bizneset e vogla n\u00eb zon\u00eb raportojn\u00eb humbje ekonomike p\u00ebr shkak t\u00eb prishjes s\u00eb produkteve ushqimore n\u00eb frigorifer\u00eb.<\/span><\/p>\n<p><span style=\"color: #000000;\">Banor\u00ebt thon\u00eb se jan\u00eb informuar se situata lidhet me punime n\u00eb rrjet dhe se nd\u00ebrprerjet mund t\u00eb zgjasin deri m\u00eb 4 maj, \u00e7ka sipas tyre e r\u00ebndon edhe m\u00eb shum\u00eb situat\u00ebn.<\/span><\/p>\n<p><span style=\"color: #000000;\">Nga ana tjet\u00ebr, Operatori i Shp\u00ebrndarjes s\u00eb Energjis\u00eb Elektrike (OSSH) ka b\u00ebr\u00eb t\u00eb ditur se nd\u00ebrprerja lidhet me punime n\u00eb n\u00ebnstacionin \u201cKombinati i Drurit\u201d, n\u00eb kuad\u00ebr t\u00eb nd\u00ebrtimit t\u00eb linj\u00ebs s\u00eb interkonjeksionit Bitola\u2013Elbasan\u2013Fier, nj\u00eb projekt strategjik p\u00ebr rrjetin energjetik. Sipas OSSH-s\u00eb, po merren masa p\u00ebr furnizim alternativ t\u00eb zon\u00ebs, nd\u00ebrsa nd\u00ebrprerjet do t\u00eb jen\u00eb t\u00eb p\u00ebrkohshme gjat\u00eb manovrimeve teknike.<\/span><\/p>\n<p><span style=\"color: #000000;\">Megjithat\u00eb, banor\u00ebt vijojn\u00eb t\u00eb k\u00ebrkojn\u00eb zgjidhje t\u00eb shpejt\u00eb dhe transparente, duke theksuar se situata aktuale \u00ebsht\u00eb b\u00ebr\u00eb e pap\u00ebrballueshme p\u00ebr jet\u00ebn e p\u00ebrditshme.<\/span><\/p>\n","protected":false,"gt_translate_keys":[{"key":"rendered","format":"html"}]},"excerpt":{"rendered":"<p>Banor\u00ebt e lagjes \u201cSk\u00ebnderbej\u201d n\u00eb Elbasan kan\u00eb protestuar k\u00ebt\u00eb t\u00eb mart\u00eb, duke denoncuar munges\u00ebn e energjis\u00eb elektrike dhe furnizimit me uj\u00eb prej rreth dy jav\u00ebsh, nj\u00eb situat\u00eb q\u00eb ka prekur rreth 300 familje. Sipas banor\u00ebve, nd\u00ebrprerjet e energjis\u00eb kan\u00eb sjell\u00eb automatikisht edhe munges\u00eb uji n\u00eb sht\u00ebpi, duke e v\u00ebshtir\u00ebsuar jetes\u00ebn e p\u00ebrditshme dhe duke krijuar [&hellip;]<\/p>\n","protected":false,"gt_translate_keys":[{"key":"rendered","format":"html"}]},"author":32,"featured_media":798531,"comment_status":"closed","ping_status":"open","sticky":false,"template":"","format":"standard","meta":{"footnotes":""},"categories":[65],"tags":[],"class_list":["post-798530","post","type-post","status-publish","format-standard","has-post-thumbnail","hentry","category-lajme"],"gt_translate_keys":[{"key":"link","format":"url"}],"_links":{"self":[{"href":"https:\/\/www.hashtag.al\/index.php\/wp-json\/wp\/v2\/posts\/798530","targetHints":{"allow":["GET"]}}],"collection":[{"href":"https:\/\/www.hashtag.al\/index.php\/wp-json\/wp\/v2\/posts"}],"about":[{"href":"https:\/\/www.hashtag.al\/index.php\/wp-json\/wp\/v2\/types\/post"}],"author":[{"embeddable":true,"href":"https:\/\/www.hashtag.al\/index.php\/wp-json\/wp\/v2\/users\/32"}],"replies":[{"embeddable":true,"href":"https:\/\/www.hashtag.al\/index.php\/wp-json\/wp\/v2\/comments?post=798530"}],"version-history":[{"count":99999,"href":"https:\/\/www.hashtag.al\/index.php\/wp-json\/wp\/v2\/posts\/798530\/revisions"}],"predecessor-version":[{"id":798536,"href":"https:\/\/www.hashtag.al\/index.php\/wp-json\/wp\/v2\/posts\/798530\/revisions\/798536"}],"wp:featuredmedia":[{"embeddable":true,"href":"https:\/\/www.hashtag.al\/index.php\/wp-json\/wp\/v2\/media\/798531"}],"wp:attachment":[{"href":"https:\/\/www.hashtag.al\/index.php\/wp-json\/wp\/v2\/media?parent=798530"}],"wp:term":[{"taxonomy":"category","embeddable":true,"href":"https:\/\/www.hashtag.al\/index.php\/wp-json\/wp\/v2\/categories?post=798530"},{"taxonomy":"post_tag","embeddable":true,"href":"https:\/\/www.hashtag.al\/index.php\/wp-json\/wp\/v2\/tags?post=798530"}],"curies":[{"name":"wp","href":"https:\/\/api.w.org\/{rel}","templated":true}]}}