{"id":798492,"date":"2026-04-28T09:39:55","date_gmt":"2026-04-28T07:39:55","guid":{"rendered":"https:\/\/www.hashtag.al\/?p=798492"},"modified":"2026-04-28T09:39:55","modified_gmt":"2026-04-28T07:39:55","slug":"vazhdon-seanca-per-presidentin-ne-kosove-palet-mbeten-te-ndara","status":"publish","type":"post","link":"https:\/\/www.hashtag.al\/index.php\/2026\/04\/28\/vazhdon-seanca-per-presidentin-ne-kosove-palet-mbeten-te-ndara\/","title":{"rendered":"Vazhdon seanca p\u00ebr presidentin n\u00eb Kosov\u00eb, pal\u00ebt mbeten t\u00eb ndara","gt_translate_keys":[{"key":"rendered","format":"text"}]},"content":{"rendered":"<p><span style=\"color: #000000;\"><img loading=\"lazy\" decoding=\"async\" class=\"aligncenter size-full wp-image-798493\" src=\"https:\/\/www.hashtag.al\/wp-content\/uploads\/2026\/04\/IMG_7837.jpeg\" alt=\"\" width=\"780\" height=\"500\" srcset=\"https:\/\/www.hashtag.al\/wp-content\/uploads\/2026\/04\/IMG_7837.jpeg 780w, https:\/\/www.hashtag.al\/wp-content\/uploads\/2026\/04\/IMG_7837-300x192.jpeg 300w, https:\/\/www.hashtag.al\/wp-content\/uploads\/2026\/04\/IMG_7837-768x492.jpeg 768w\" sizes=\"auto, (max-width: 780px) 100vw, 780px\" \/><br \/>\nSeanca p\u00ebr zgjedhjen e presidentit t\u00eb Kosov\u00ebs u nd\u00ebrpre mbr\u00ebm\u00eb p\u00ebr shkak t\u00eb munges\u00ebs s\u00eb kuorumit, nd\u00ebrsa pritet t\u00eb vazhdoj\u00eb sot n\u00eb or\u00ebn 10:00, mes p\u00ebrplasjeve t\u00eb forta politike p\u00ebr ligjshm\u00ebrin\u00eb e procesit.<\/span><\/p>\n<p><span style=\"color: #000000;\">N\u00eb raundin e par\u00eb t\u00eb votimit mor\u00ebn pjes\u00eb 64 deputet\u00eb. Kandidatja Feride Rushiti mori 63 vota, nd\u00ebrsa nj\u00eb vot\u00eb rezultoi e pavlefshme. Kandidatja tjet\u00ebr, Hatixhe Hoxha, nuk arriti t\u00eb siguroj\u00eb asnj\u00eb vot\u00eb.<\/span><\/p>\n<p><span style=\"color: #000000;\">Shefja e Grupit Parlamentar t\u00eb L\u00ebvizjes Vet\u00ebvendosje, Arb\u00ebrie Nagavci, deklaroi se propozimi i dy kandidateve erdhi n\u00eb munges\u00eb t\u00eb alternativave nga opozita.<\/span><\/p>\n<p><span style=\"color: #000000;\">\u201cN\u00eb munges\u00eb t\u00eb iniciativave nga partit\u00eb tjera, kemi vazhduar me dy nominime t\u00eb reja, me dy aktiviste, gra t\u00eb denja dhe profesioniste, n\u00eb m\u00ebnyr\u00eb q\u00eb t\u00eb vazhdojm\u00eb procesin dhe t\u00eb shmangim zgjedhje t\u00eb reja\u201d, tha Nagavci.<\/span><\/p>\n<p><span style=\"color: #000000;\">Ajo theksoi se seanca kishte kuorum p\u00ebr nisje.<\/span><\/p>\n<p><span style=\"color: #000000;\">\u00a0\u201cKemi pasur kuorum p\u00ebr t\u00eb filluar seanc\u00ebn e jasht\u00ebzakonshme, sepse seanca ftohet me 40 n\u00ebnshkrime. Ishin t\u00eb pranish\u00ebm m\u00eb shum\u00eb se 61 deputet\u00eb p\u00ebr t\u00eb filluar seanc\u00ebn\u201d, tha ajo.<\/span><\/p>\n<p><span style=\"color: #000000;\">Sipas saj, n\u00eb sall\u00eb ishin 64 deputet\u00eb dhe asnj\u00eb nga opozita nuk kishte njoftuar p\u00ebr munges\u00ebn.<\/span><\/p>\n<p><span style=\"color: #000000;\">\u201cU pa q\u00eb zonja Feride Rushiti kishte mb\u00ebshtetjen e deputet\u00ebve, me 63 vota nga deputet\u00ebt e pranish\u00ebm\u201d, shtoi ajo, duke i ftuar deputet\u00ebt opozitar\u00eb q\u00eb t\u00eb marrin pjes\u00eb n\u00eb vazhdimin e seanc\u00ebs.<\/span><\/p>\n<p><span style=\"color: #000000;\">N\u00eb an\u00ebn tjet\u00ebr, opozita e ka cil\u00ebsuar procesin si antikushtetues.<\/span><\/p>\n<p><span style=\"color: #000000;\">Kryetari i PDK-s\u00eb, Bedri Hamza, tha se zhvillimet p\u00ebrb\u00ebjn\u00eb \u201cpu\u00e7 kushtetues\u201d.<\/span><\/p>\n<p><span style=\"color: #000000;\">\u201cPo v\u00ebrehet q\u00eb kjo koh\u00eb vendin po e kalon n\u00eb nj\u00eb situat\u00eb bukur komplekse, por sonte mosserioziteti dhe pap\u00ebrgjegjshm\u00ebria e kan\u00eb mb\u00ebrritur kulmin. Ky \u00ebsht\u00eb nj\u00eb pu\u00e7 kushtetues\u201d, deklaroi ai.<\/span><\/p>\n<p><span style=\"color: #000000;\">Hamza insistoi se Kushtetuta k\u00ebrkon prezenc\u00ebn e 80 deputet\u00ebve p\u00ebr votim.<\/span><\/p>\n<p><span style=\"color: #000000;\">\u201cKushtetuta \u00ebsht\u00eb e qart\u00eb, duhet t\u00eb jen\u00eb 80 deputet\u00eb prezent\u00eb n\u00eb sall\u00eb dhe t\u00eb votojn\u00eb q\u00eb t\u00eb konsumohet raundi i par\u00eb\u201d, tha ai, duke shtuar se procedura \u00ebsht\u00eb zhvilluar n\u00eb kund\u00ebrshtim me rendin kushtetues.<\/span><\/p>\n<p><span style=\"color: #000000;\">Edhe kryetari i LDK-s\u00eb, Lumir Abdixhiku, kritikoi zhvillimet, duke i cil\u00ebsuar si t\u00eb r\u00ebnda p\u00ebr demokracin\u00eb, shkruan <span style=\"color: #0000ff;\"><em><a href=\"https:\/\/www.rtklive.com\/sq\/news-single.php?ID=723314\"><span style=\"color: #0000ff;\">RTK<\/span><\/a>.<\/em><\/span><\/span><\/p>\n<p><span style=\"color: #000000;\">\u201c\u00cbsht\u00eb nj\u00eb nat\u00eb bukur e r\u00ebnd\u00eb p\u00ebr Republik\u00ebn e Kosov\u00ebs\u2026 nj\u00eb rast pa precedent, jodemokratik dhe antikushtetues\u201d, tha ai.<\/span><\/p>\n<p><span style=\"color: #000000;\">Abdixhiku theksoi se zgjedhja e presidentit duhet t\u00eb b\u00ebhet p\u00ebrmes marr\u00ebveshjes politike.<\/span><\/p>\n<p><span style=\"color: #000000;\">\u201cE vetmja m\u00ebnyr\u00eb p\u00ebr t\u00eb zgjedhur presidentin \u00ebsht\u00eb n\u00ebp\u00ebrmjet nj\u00eb marr\u00ebveshjeje politike\u201d, u shpreh ai, duke b\u00ebr\u00eb t\u00eb ditur se LDK ka siguruar 15 n\u00ebnshkrime p\u00ebr kandidatin e saj.<\/span><\/p>\n<p><span style=\"color: #000000;\">Nd\u00ebrkoh\u00eb, shefi i grupit parlamentar t\u00eb AAK-s\u00eb, Besnik Tahiri, e cil\u00ebsoi seanc\u00ebn si \u201csulm ndaj Kushtetut\u00ebs\u201d.<\/span><\/p>\n<p><span style=\"color: #000000;\">\u201cKy akt sh\u00ebnon nj\u00eb nd\u00ebr shkeljet m\u00eb t\u00eb m\u00ebdha kushtetuese dhe nj\u00eb sulm t\u00eb drejtp\u00ebrdrejt\u00eb ndaj rendit kushtetues\u201d, deklaroi ai, duke e quajtur situat\u00ebn edhe \u201ctentim p\u00ebr grusht-shtet\u201d.<\/span><\/p>\n","protected":false,"gt_translate_keys":[{"key":"rendered","format":"html"}]},"excerpt":{"rendered":"<p>Seanca p\u00ebr zgjedhjen e presidentit t\u00eb Kosov\u00ebs u nd\u00ebrpre mbr\u00ebm\u00eb p\u00ebr shkak t\u00eb munges\u00ebs s\u00eb kuorumit, nd\u00ebrsa pritet t\u00eb vazhdoj\u00eb sot n\u00eb or\u00ebn 10:00, mes p\u00ebrplasjeve t\u00eb forta politike p\u00ebr ligjshm\u00ebrin\u00eb e procesit. N\u00eb raundin e par\u00eb t\u00eb votimit mor\u00ebn pjes\u00eb 64 deputet\u00eb. Kandidatja Feride Rushiti mori 63 vota, nd\u00ebrsa nj\u00eb vot\u00eb rezultoi e pavlefshme. [&hellip;]<\/p>\n","protected":false,"gt_translate_keys":[{"key":"rendered","format":"html"}]},"author":49,"featured_media":798493,"comment_status":"closed","ping_status":"open","sticky":false,"template":"","format":"standard","meta":{"footnotes":""},"categories":[149],"tags":[],"class_list":["post-798492","post","type-post","status-publish","format-standard","has-post-thumbnail","hentry","category-kosoverajon"],"gt_translate_keys":[{"key":"link","format":"url"}],"_links":{"self":[{"href":"https:\/\/www.hashtag.al\/index.php\/wp-json\/wp\/v2\/posts\/798492","targetHints":{"allow":["GET"]}}],"collection":[{"href":"https:\/\/www.hashtag.al\/index.php\/wp-json\/wp\/v2\/posts"}],"about":[{"href":"https:\/\/www.hashtag.al\/index.php\/wp-json\/wp\/v2\/types\/post"}],"author":[{"embeddable":true,"href":"https:\/\/www.hashtag.al\/index.php\/wp-json\/wp\/v2\/users\/49"}],"replies":[{"embeddable":true,"href":"https:\/\/www.hashtag.al\/index.php\/wp-json\/wp\/v2\/comments?post=798492"}],"version-history":[{"count":99999,"href":"https:\/\/www.hashtag.al\/index.php\/wp-json\/wp\/v2\/posts\/798492\/revisions"}],"predecessor-version":[{"id":798494,"href":"https:\/\/www.hashtag.al\/index.php\/wp-json\/wp\/v2\/posts\/798492\/revisions\/798494"}],"wp:featuredmedia":[{"embeddable":true,"href":"https:\/\/www.hashtag.al\/index.php\/wp-json\/wp\/v2\/media\/798493"}],"wp:attachment":[{"href":"https:\/\/www.hashtag.al\/index.php\/wp-json\/wp\/v2\/media?parent=798492"}],"wp:term":[{"taxonomy":"category","embeddable":true,"href":"https:\/\/www.hashtag.al\/index.php\/wp-json\/wp\/v2\/categories?post=798492"},{"taxonomy":"post_tag","embeddable":true,"href":"https:\/\/www.hashtag.al\/index.php\/wp-json\/wp\/v2\/tags?post=798492"}],"curies":[{"name":"wp","href":"https:\/\/api.w.org\/{rel}","templated":true}]}}