{"id":798488,"date":"2026-04-28T08:29:20","date_gmt":"2026-04-28T06:29:20","guid":{"rendered":"https:\/\/www.hashtag.al\/?p=798488"},"modified":"2026-04-28T08:30:51","modified_gmt":"2026-04-28T06:30:51","slug":"arrestohet-el-jardinero-nje-nga-kreret-kryesore-te-kartelit-me-te-fuqishem-ne-meksike","status":"publish","type":"post","link":"https:\/\/www.hashtag.al\/index.php\/2026\/04\/28\/arrestohet-el-jardinero-nje-nga-kreret-kryesore-te-kartelit-me-te-fuqishem-ne-meksike\/","title":{"rendered":"Arrestohet \u201cEl Jardinero\u201d, nj\u00eb nga krer\u00ebt kryesor\u00eb t\u00eb kartelit m\u00eb t\u00eb fuqish\u00ebm n\u00eb Meksik\u00eb","gt_translate_keys":[{"key":"rendered","format":"text"}]},"content":{"rendered":"<p><span style=\"color: #000000;\"><a href=\"https:\/\/www.hashtag.al\/index.php\/2026\/04\/28\/arrestohet-el-jardinero-nje-nga-kreret-kryesore-te-kartelit-me-te-fuqishem-ne-meksike\/img_9412\/\" rel=\"attachment wp-att-798489\"><img loading=\"lazy\" decoding=\"async\" class=\"alignnone size-full wp-image-798489\" src=\"https:\/\/www.hashtag.al\/wp-content\/uploads\/2026\/04\/IMG_9412.jpeg\" alt=\"\" width=\"1200\" height=\"900\" srcset=\"https:\/\/www.hashtag.al\/wp-content\/uploads\/2026\/04\/IMG_9412.jpeg 1200w, https:\/\/www.hashtag.al\/wp-content\/uploads\/2026\/04\/IMG_9412-300x225.jpeg 300w, https:\/\/www.hashtag.al\/wp-content\/uploads\/2026\/04\/IMG_9412-1024x768.jpeg 1024w, https:\/\/www.hashtag.al\/wp-content\/uploads\/2026\/04\/IMG_9412-768x576.jpeg 768w\" sizes=\"auto, (max-width: 1200px) 100vw, 1200px\" \/><\/a><br \/>\nForcat speciale meksikane kan\u00eb arrestuar Audias Flores, i njohur si \u201cEl Jardinero\u201d, nj\u00eb nga komandant\u00ebt kryesor\u00eb t\u00eb Kartelit Jalisco New Generation, gjat\u00eb nj\u00eb operacioni n\u00eb shtetin per\u00ebndimor t\u00eb Nayaritit, p\u00ebrcjell <span style=\"color: #0000ff;\"><a style=\"color: #0000ff;\" href=\"https:\/\/www.reuters.com\/world\/americas\/top-jalisco-cartel-leader-el-jardinero-arrested-mexico-minister-says-2026-04-27\/\">Reuters<\/a><\/span>.<\/span><\/p>\n<p><span style=\"color: #000000;\">Ministri i Siguris\u00eb n\u00eb Meksik\u00eb, Omar Garc\u00eda Harfuch, b\u00ebri t\u00eb ditur se Flores konsiderohej nj\u00eb figur\u00eb ky\u00e7e n\u00eb struktur\u00ebn e kartelit dhe nj\u00eb nga kandidat\u00ebt potencial\u00eb p\u00ebr t\u00eb pasuar liderin e vrar\u00eb Nemesio Oseguera, i njohur si \u201cEl Mencho\u201d.<\/span><\/p>\n<p><span style=\"color: #000000;\">Sipas autoriteteve, operacioni u zhvillua n\u00eb zon\u00ebn El Mirador, pran\u00eb qytetit turistik Puerto Vallarta, ku Flores ishte i rrethuar nga dhjet\u00ebra persona t\u00eb armatosur dhe mjete t\u00eb blinduara. Megjithat\u00eb, ai u kap teksa p\u00ebrpiqej t\u00eb fshihej, nd\u00ebrsa truprojat e tij u shp\u00ebrndan\u00eb p\u00ebr t\u00eb krijuar nj\u00eb diversion.<\/span><\/p>\n<p><span style=\"color: #000000;\">Autoritetet theksuan se operacioni u realizua \u201cme sakt\u00ebsi kirurgjikale\u201d dhe pa u q\u00eblluar asnj\u00eb plumb, pas rreth 19 muajsh survejimi dhe me p\u00ebrfshirjen e mbi 500 efektiv\u00ebve, helikopter\u00ebve dhe avion\u00ebve.<\/span><\/p>\n<p><span style=\"color: #000000;\">Flores k\u00ebrkohej nga autoritetet amerikane p\u00ebr ekstradim, nd\u00ebrsa p\u00ebr arrestimin e tij ishte vendosur nj\u00eb shp\u00ebrblim prej 5 milion\u00eb dollar\u00ebsh.<\/span><\/p>\n<p><span style=\"color: #000000;\">N\u00eb nj\u00eb operacion t\u00eb ndar\u00eb, autoritetet meksikane arrestuan edhe nj\u00eb bashk\u00ebpun\u00ebtor t\u00eb tij t\u00eb dyshuar p\u00ebr pastrim parash.<\/span><\/p>\n<p><span style=\"color: #000000;\">Ekspert\u00ebt e siguris\u00eb e konsiderojn\u00eb Flores nj\u00eb figur\u00eb shum\u00eb t\u00eb r\u00ebnd\u00ebsishme p\u00ebr aktivitetin e kartelit, duke kontrolluar rrjetet e prodhimit dhe trafikut t\u00eb drog\u00ebs, si dhe shp\u00ebrndarjen n\u00eb Shtetet e Bashkuara.<\/span><\/p>\n<p><span style=\"color: #000000;\">Arrestimi i tij shihet si nj\u00eb goditje e fort\u00eb ndaj kartelit, nd\u00ebrsa autoritetet meksikane vijojn\u00eb p\u00ebrpjekjet p\u00ebr t\u00eb luftuar krimin e organizuar n\u00eb vend.<\/span><\/p>\n","protected":false,"gt_translate_keys":[{"key":"rendered","format":"html"}]},"excerpt":{"rendered":"<p>Forcat speciale meksikane kan\u00eb arrestuar Audias Flores, i njohur si \u201cEl Jardinero\u201d, nj\u00eb nga komandant\u00ebt kryesor\u00eb t\u00eb Kartelit Jalisco New Generation, gjat\u00eb nj\u00eb operacioni n\u00eb shtetin per\u00ebndimor t\u00eb Nayaritit, p\u00ebrcjell Reuters. Ministri i Siguris\u00eb n\u00eb Meksik\u00eb, Omar Garc\u00eda Harfuch, b\u00ebri t\u00eb ditur se Flores konsiderohej nj\u00eb figur\u00eb ky\u00e7e n\u00eb struktur\u00ebn e kartelit dhe nj\u00eb nga [&hellip;]<\/p>\n","protected":false,"gt_translate_keys":[{"key":"rendered","format":"html"}]},"author":32,"featured_media":798489,"comment_status":"closed","ping_status":"open","sticky":false,"template":"","format":"standard","meta":{"footnotes":""},"categories":[22],"tags":[],"class_list":["post-798488","post","type-post","status-publish","format-standard","has-post-thumbnail","hentry","category-ballina"],"gt_translate_keys":[{"key":"link","format":"url"}],"_links":{"self":[{"href":"https:\/\/www.hashtag.al\/index.php\/wp-json\/wp\/v2\/posts\/798488","targetHints":{"allow":["GET"]}}],"collection":[{"href":"https:\/\/www.hashtag.al\/index.php\/wp-json\/wp\/v2\/posts"}],"about":[{"href":"https:\/\/www.hashtag.al\/index.php\/wp-json\/wp\/v2\/types\/post"}],"author":[{"embeddable":true,"href":"https:\/\/www.hashtag.al\/index.php\/wp-json\/wp\/v2\/users\/32"}],"replies":[{"embeddable":true,"href":"https:\/\/www.hashtag.al\/index.php\/wp-json\/wp\/v2\/comments?post=798488"}],"version-history":[{"count":99999,"href":"https:\/\/www.hashtag.al\/index.php\/wp-json\/wp\/v2\/posts\/798488\/revisions"}],"predecessor-version":[{"id":798491,"href":"https:\/\/www.hashtag.al\/index.php\/wp-json\/wp\/v2\/posts\/798488\/revisions\/798491"}],"wp:featuredmedia":[{"embeddable":true,"href":"https:\/\/www.hashtag.al\/index.php\/wp-json\/wp\/v2\/media\/798489"}],"wp:attachment":[{"href":"https:\/\/www.hashtag.al\/index.php\/wp-json\/wp\/v2\/media?parent=798488"}],"wp:term":[{"taxonomy":"category","embeddable":true,"href":"https:\/\/www.hashtag.al\/index.php\/wp-json\/wp\/v2\/categories?post=798488"},{"taxonomy":"post_tag","embeddable":true,"href":"https:\/\/www.hashtag.al\/index.php\/wp-json\/wp\/v2\/tags?post=798488"}],"curies":[{"name":"wp","href":"https:\/\/api.w.org\/{rel}","templated":true}]}}