{"id":798483,"date":"2026-04-28T10:00:55","date_gmt":"2026-04-28T08:00:55","guid":{"rendered":"https:\/\/www.hashtag.al\/?p=798483"},"modified":"2026-04-28T10:01:33","modified_gmt":"2026-04-28T08:01:33","slug":"mbreti-charles-iii-ne-shtepine-e-bardhe-vizite-zyrtare-ne-kuader-te-250-vjetorit-te-shba","status":"publish","type":"post","link":"https:\/\/www.hashtag.al\/index.php\/2026\/04\/28\/mbreti-charles-iii-ne-shtepine-e-bardhe-vizite-zyrtare-ne-kuader-te-250-vjetorit-te-shba\/","title":{"rendered":"Mbreti Charles III n\u00eb Sht\u00ebpin\u00eb e Bardh\u00eb, vizit\u00eb zyrtare n\u00eb kuad\u00ebr t\u00eb 250-vjetorit t\u00eb SHBA","gt_translate_keys":[{"key":"rendered","format":"text"}]},"content":{"rendered":"<p><span style=\"color: #000000;\"><a href=\"https:\/\/www.hashtag.al\/index.php\/2026\/04\/28\/mbreti-charles-iii-ne-shtepine-e-bardhe-vizite-zyrtare-ne-kuader-te-250-vjetorit-te-shba\/img_9411-2\/\" rel=\"attachment wp-att-798484\"><img loading=\"lazy\" decoding=\"async\" class=\"alignnone size-full wp-image-798484\" src=\"https:\/\/www.hashtag.al\/wp-content\/uploads\/2026\/04\/IMG_9411.webp\" alt=\"\" width=\"1366\" height=\"768\" srcset=\"https:\/\/www.hashtag.al\/wp-content\/uploads\/2026\/04\/IMG_9411.webp 1366w, https:\/\/www.hashtag.al\/wp-content\/uploads\/2026\/04\/IMG_9411-300x169.webp 300w, https:\/\/www.hashtag.al\/wp-content\/uploads\/2026\/04\/IMG_9411-1024x576.webp 1024w, https:\/\/www.hashtag.al\/wp-content\/uploads\/2026\/04\/IMG_9411-768x432.webp 768w\" sizes=\"auto, (max-width: 1366px) 100vw, 1366px\" \/><\/a><br \/>\nMbreti i Britanis\u00eb s\u00eb Madhe, Charles III, mb\u00ebrriti n\u00eb Sht\u00ebpin\u00eb e Bardh\u00eb p\u00ebr nj\u00eb vizit\u00eb zyrtare, ku u prit nga presidenti amerikan Donald Trump dhe Zonja e Par\u00eb Melania Trump, s\u00eb bashku me Mbret\u00ebresh\u00ebn Camilla, p\u00ebrcjell <span style=\"color: #0000ff;\"><a style=\"color: #0000ff;\" href=\"https:\/\/www.euronews.com\/2026\/04\/28\/king-charles-iii-welcomed-at-the-white-house-as-four-day-state-visit-begins\">Euronews<\/a><\/span>.<\/span><\/p>\n<p><span style=\"color: #000000;\">Vizita zhvillohet n\u00eb kuad\u00ebr t\u00eb aktiviteteve p\u00ebr 250-vjetorin e pavar\u00ebsis\u00eb s\u00eb Shteteve t\u00eb Bashkuara dhe p\u00ebrfshin nj\u00eb s\u00ebr\u00eb takimesh dhe eventesh zyrtare.<\/span><\/p>\n<p><span style=\"color: #000000;\">Gjat\u00eb q\u00ebndrimit n\u00eb Sht\u00ebpin\u00eb e Bardh\u00eb, \u00e7ifti mbret\u00ebror mori pjes\u00eb n\u00eb aktivitete simbolike, p\u00ebrfshir\u00eb nj\u00eb vizit\u00eb n\u00eb kopshtet jugore, ku u prezantua nj\u00eb koshere blet\u00ebsh e vendosur s\u00eb fundmi, n\u00eb p\u00ebrputhje me interesin e njohur t\u00eb mbretit p\u00ebr mjedisin dhe q\u00ebndrueshm\u00ebrin\u00eb.<\/span><\/p>\n<p><span style=\"color: #000000;\">Kjo \u00ebsht\u00eb vizita e par\u00eb shtet\u00ebrore e Charles III n\u00eb SHBA q\u00eb pas marrjes s\u00eb fronit n\u00eb vitin 2022. M\u00eb her\u00ebt, n\u00ebna e tij, Elizabeth II, kishte zhvilluar disa vizita shtet\u00ebrore n\u00eb SHBA.<\/span><\/p>\n<p><span style=\"color: #000000;\">N\u00eb vijim t\u00eb axhend\u00ebs, mbreti dhe mbret\u00ebresha do t\u00eb marrin pjes\u00eb n\u00eb nj\u00eb dark\u00eb shtet\u00ebrore n\u00eb Sht\u00ebpin\u00eb e Bardh\u00eb, si dhe n\u00eb aktivitete t\u00eb tjera p\u00ebrkujtimore dhe ceremoniale. Ai pritet gjithashtu t\u00eb mbaj\u00eb nj\u00eb fjalim para Kongresit amerikan, nj\u00eb moment i rrall\u00eb p\u00ebr nj\u00eb monark britanik.<\/span><\/p>\n<p><span style=\"color: #000000;\">Pas vizit\u00ebs n\u00eb Sht\u00ebpin\u00eb e Bardh\u00eb, \u00e7ifti mbret\u00ebror mori pjes\u00eb edhe n\u00eb nj\u00eb pritje n\u00eb ambasad\u00ebn britanike n\u00eb Uashington.<\/span><\/p>\n","protected":false,"gt_translate_keys":[{"key":"rendered","format":"html"}]},"excerpt":{"rendered":"<p>Mbreti i Britanis\u00eb s\u00eb Madhe, Charles III, mb\u00ebrriti n\u00eb Sht\u00ebpin\u00eb e Bardh\u00eb p\u00ebr nj\u00eb vizit\u00eb zyrtare, ku u prit nga presidenti amerikan Donald Trump dhe Zonja e Par\u00eb Melania Trump, s\u00eb bashku me Mbret\u00ebresh\u00ebn Camilla, p\u00ebrcjell Euronews. Vizita zhvillohet n\u00eb kuad\u00ebr t\u00eb aktiviteteve p\u00ebr 250-vjetorin e pavar\u00ebsis\u00eb s\u00eb Shteteve t\u00eb Bashkuara dhe p\u00ebrfshin nj\u00eb s\u00ebr\u00eb [&hellip;]<\/p>\n","protected":false,"gt_translate_keys":[{"key":"rendered","format":"html"}]},"author":32,"featured_media":798484,"comment_status":"closed","ping_status":"open","sticky":false,"template":"","format":"standard","meta":{"footnotes":""},"categories":[53],"tags":[],"class_list":["post-798483","post","type-post","status-publish","format-standard","has-post-thumbnail","hentry","category-fast-foodi"],"gt_translate_keys":[{"key":"link","format":"url"}],"_links":{"self":[{"href":"https:\/\/www.hashtag.al\/index.php\/wp-json\/wp\/v2\/posts\/798483","targetHints":{"allow":["GET"]}}],"collection":[{"href":"https:\/\/www.hashtag.al\/index.php\/wp-json\/wp\/v2\/posts"}],"about":[{"href":"https:\/\/www.hashtag.al\/index.php\/wp-json\/wp\/v2\/types\/post"}],"author":[{"embeddable":true,"href":"https:\/\/www.hashtag.al\/index.php\/wp-json\/wp\/v2\/users\/32"}],"replies":[{"embeddable":true,"href":"https:\/\/www.hashtag.al\/index.php\/wp-json\/wp\/v2\/comments?post=798483"}],"version-history":[{"count":99999,"href":"https:\/\/www.hashtag.al\/index.php\/wp-json\/wp\/v2\/posts\/798483\/revisions"}],"predecessor-version":[{"id":798502,"href":"https:\/\/www.hashtag.al\/index.php\/wp-json\/wp\/v2\/posts\/798483\/revisions\/798502"}],"wp:featuredmedia":[{"embeddable":true,"href":"https:\/\/www.hashtag.al\/index.php\/wp-json\/wp\/v2\/media\/798484"}],"wp:attachment":[{"href":"https:\/\/www.hashtag.al\/index.php\/wp-json\/wp\/v2\/media?parent=798483"}],"wp:term":[{"taxonomy":"category","embeddable":true,"href":"https:\/\/www.hashtag.al\/index.php\/wp-json\/wp\/v2\/categories?post=798483"},{"taxonomy":"post_tag","embeddable":true,"href":"https:\/\/www.hashtag.al\/index.php\/wp-json\/wp\/v2\/tags?post=798483"}],"curies":[{"name":"wp","href":"https:\/\/api.w.org\/{rel}","templated":true}]}}