{"id":798470,"date":"2026-04-28T07:26:54","date_gmt":"2026-04-28T05:26:54","guid":{"rendered":"https:\/\/www.hashtag.al\/?p=798470"},"modified":"2026-04-28T07:26:54","modified_gmt":"2026-04-28T05:26:54","slug":"nuk-e-pelqen-trump-i-pakenaqur-me-propozimin-e-ri-te-iranit-thone-zyrtaret","status":"publish","type":"post","link":"https:\/\/www.hashtag.al\/index.php\/2026\/04\/28\/nuk-e-pelqen-trump-i-pakenaqur-me-propozimin-e-ri-te-iranit-thone-zyrtaret\/","title":{"rendered":"\u201cNuk e p\u00eblqen\u201d \u2013Trump i pak\u00ebnaqur me propozimin e ri t\u00eb Iranit, thon\u00eb zyrtar\u00ebt","gt_translate_keys":[{"key":"rendered","format":"text"}]},"content":{"rendered":"<p><span style=\"color: #000000;\"><a href=\"https:\/\/www.hashtag.al\/index.php\/2026\/04\/13\/trump-paralajmeron-iranin-flota-juaj-eshte-asgjesuar-cdo-anije-qe-i-afrohet-bllokades-ne-hormuz-do-te-eliminohet\/trump-435\/\" rel=\"attachment wp-att-795974\"><img loading=\"lazy\" decoding=\"async\" class=\"alignnone size-full wp-image-795974\" src=\"https:\/\/www.hashtag.al\/wp-content\/uploads\/2026\/04\/TRUMP-4.png\" alt=\"\" width=\"987\" height=\"551\" srcset=\"https:\/\/www.hashtag.al\/wp-content\/uploads\/2026\/04\/TRUMP-4.png 987w, https:\/\/www.hashtag.al\/wp-content\/uploads\/2026\/04\/TRUMP-4-300x167.png 300w, https:\/\/www.hashtag.al\/wp-content\/uploads\/2026\/04\/TRUMP-4-768x429.png 768w\" sizes=\"auto, (max-width: 987px) 100vw, 987px\" \/><\/a><br \/>\nPresidenti i Shteteve t\u00eb Bashkuara, Donald Trump, nuk \u00ebsht\u00eb i k\u00ebnaqur me propozimin e dyt\u00eb t\u00eb paraqitur nga Irani p\u00ebrmes nd\u00ebrmjet\u00ebsve pakistanez\u00eb, sipas raportimeve mediatike.<\/span><\/p>\n<p><span style=\"color: #000000;\">Nj\u00eb zyrtar amerikan tha p\u00ebr <span style=\"color: #0000ff;\"><a style=\"color: #0000ff;\" href=\"https:\/\/www.foxnews.com\/live-news\/trump-iran-peace-talks-hormuz-blockade-april-27\">Fox News<\/a><\/span> se oferta iraniane nuk adreson \u00e7\u00ebshtjen ky\u00e7e t\u00eb programit b\u00ebrthamor t\u00eb Teheranit, \u00e7ka e b\u00ebn at\u00eb t\u00eb papranueshme p\u00ebr Uashingtonin.<\/span><\/p>\n<p><span style=\"color: #000000;\">\u201cAi nuk e p\u00eblqen propozimin\u201d, \u00ebsht\u00eb shprehur zyrtari, duke iu referuar q\u00ebndrimit t\u00eb Trumpit.<\/span><\/p>\n<p><span style=\"color: #000000;\">Nd\u00ebrkoh\u00eb, sipas raportimeve, Trump ka zhvilluar nj\u00eb takim n\u00eb \u201cSituation Room\u201d me an\u00ebtar\u00eb t\u00eb r\u00ebnd\u00ebsish\u00ebm t\u00eb administrat\u00ebs s\u00eb tij p\u00ebr t\u00eb diskutuar zhvillimet e fundit n\u00eb lidhje me konfliktin me Iranin.<\/span><\/p>\n<p><span style=\"color: #000000;\">Megjithat\u00eb, burime t\u00eb cituara nga Reuters b\u00ebjn\u00eb t\u00eb ditur se p\u00ebrpjekjet p\u00ebr t\u00eb afruar q\u00ebndrimet mes pal\u00ebve vijojn\u00eb, pavar\u00ebsisht pengesave aktuale n\u00eb negociata.<\/span><\/p>\n","protected":false,"gt_translate_keys":[{"key":"rendered","format":"html"}]},"excerpt":{"rendered":"<p>Presidenti i Shteteve t\u00eb Bashkuara, Donald Trump, nuk \u00ebsht\u00eb i k\u00ebnaqur me propozimin e dyt\u00eb t\u00eb paraqitur nga Irani p\u00ebrmes nd\u00ebrmjet\u00ebsve pakistanez\u00eb, sipas raportimeve mediatike. Nj\u00eb zyrtar amerikan tha p\u00ebr Fox News se oferta iraniane nuk adreson \u00e7\u00ebshtjen ky\u00e7e t\u00eb programit b\u00ebrthamor t\u00eb Teheranit, \u00e7ka e b\u00ebn at\u00eb t\u00eb papranueshme p\u00ebr Uashingtonin. \u201cAi nuk e [&hellip;]<\/p>\n","protected":false,"gt_translate_keys":[{"key":"rendered","format":"html"}]},"author":32,"featured_media":795974,"comment_status":"closed","ping_status":"open","sticky":false,"template":"","format":"standard","meta":{"footnotes":""},"categories":[53],"tags":[],"class_list":["post-798470","post","type-post","status-publish","format-standard","has-post-thumbnail","hentry","category-fast-foodi"],"gt_translate_keys":[{"key":"link","format":"url"}],"_links":{"self":[{"href":"https:\/\/www.hashtag.al\/index.php\/wp-json\/wp\/v2\/posts\/798470","targetHints":{"allow":["GET"]}}],"collection":[{"href":"https:\/\/www.hashtag.al\/index.php\/wp-json\/wp\/v2\/posts"}],"about":[{"href":"https:\/\/www.hashtag.al\/index.php\/wp-json\/wp\/v2\/types\/post"}],"author":[{"embeddable":true,"href":"https:\/\/www.hashtag.al\/index.php\/wp-json\/wp\/v2\/users\/32"}],"replies":[{"embeddable":true,"href":"https:\/\/www.hashtag.al\/index.php\/wp-json\/wp\/v2\/comments?post=798470"}],"version-history":[{"count":99999,"href":"https:\/\/www.hashtag.al\/index.php\/wp-json\/wp\/v2\/posts\/798470\/revisions"}],"predecessor-version":[{"id":798471,"href":"https:\/\/www.hashtag.al\/index.php\/wp-json\/wp\/v2\/posts\/798470\/revisions\/798471"}],"wp:featuredmedia":[{"embeddable":true,"href":"https:\/\/www.hashtag.al\/index.php\/wp-json\/wp\/v2\/media\/795974"}],"wp:attachment":[{"href":"https:\/\/www.hashtag.al\/index.php\/wp-json\/wp\/v2\/media?parent=798470"}],"wp:term":[{"taxonomy":"category","embeddable":true,"href":"https:\/\/www.hashtag.al\/index.php\/wp-json\/wp\/v2\/categories?post=798470"},{"taxonomy":"post_tag","embeddable":true,"href":"https:\/\/www.hashtag.al\/index.php\/wp-json\/wp\/v2\/tags?post=798470"}],"curies":[{"name":"wp","href":"https:\/\/api.w.org\/{rel}","templated":true}]}}