{"id":798465,"date":"2026-04-27T23:59:28","date_gmt":"2026-04-27T21:59:28","guid":{"rendered":"https:\/\/www.hashtag.al\/?p=798465"},"modified":"2026-04-28T00:00:29","modified_gmt":"2026-04-27T22:00:29","slug":"merz-kritika-shba-ne-e-izraelit-per-luften-e-zgjatur-me-iranin","status":"publish","type":"post","link":"https:\/\/www.hashtag.al\/index.php\/2026\/04\/27\/merz-kritika-shba-ne-e-izraelit-per-luften-e-zgjatur-me-iranin\/","title":{"rendered":"Merz kritika SHBA-s\u00eb e Izraelit p\u00ebr luft\u00ebn e zgjatur me Iranin","gt_translate_keys":[{"key":"rendered","format":"text"}]},"content":{"rendered":"<p><img loading=\"lazy\" decoding=\"async\" class=\"aligncenter size-full wp-image-798467\" src=\"https:\/\/www.hashtag.al\/wp-content\/uploads\/2026\/04\/thumbs_b_c_077db4f3536fec8d9a9923f2b76d83c4.jpg\" alt=\"\" width=\"864\" height=\"486\" srcset=\"https:\/\/www.hashtag.al\/wp-content\/uploads\/2026\/04\/thumbs_b_c_077db4f3536fec8d9a9923f2b76d83c4.jpg 864w, https:\/\/www.hashtag.al\/wp-content\/uploads\/2026\/04\/thumbs_b_c_077db4f3536fec8d9a9923f2b76d83c4-300x169.jpg 300w, https:\/\/www.hashtag.al\/wp-content\/uploads\/2026\/04\/thumbs_b_c_077db4f3536fec8d9a9923f2b76d83c4-768x432.jpg 768w\" sizes=\"auto, (max-width: 864px) 100vw, 864px\" \/><\/p>\n<p><span style=\"color: #000000;\">Kancelari gjerman Merz t\u00eb h\u00ebn\u00ebn rikonfirmoi kritikat ndaj Shteteve t\u00eb Bashkuara dhe Izraelit p\u00ebr luft\u00ebn e zgjatur me Iranin dhe u zotua se evropian\u00ebt do shtojn\u00eb p\u00ebrpjekjet diplomatike p\u00ebr t\u00eb gjetur nj\u00eb zgjidhje.<\/span><\/p>\n<p><span style=\"color: #000000;\"><em>\u201cSa i p\u00ebrket Iranit, po, jam zhg\u00ebnjyer,\u201d<\/em> tha Merz n\u00eb nj\u00eb konferenc\u00eb p\u00ebr shtyp n\u00eb Berlin kur u pyet p\u00ebr deklaratat e tij t\u00eb m\u00ebparshme se SHBA nuk ka nj\u00eb \u201cstrategji daljeje\u201d dhe se amerikan\u00ebt jan\u00eb \u201cposht\u00ebruar\u201d nga Teherani.<\/span><\/p>\n<p><span style=\"color: #000000;\"><em>\u201cSHBA dhe Izraeli supozuan q\u00eb n\u00eb fillim se ky problem do t\u00eb zgjidhej brenda pak dit\u00ebsh, dhe tani duhet t\u00eb pranojm\u00eb se nuk \u00ebsht\u00eb k\u00ebshtu,\u201d<\/em> tha kancelari.<\/span><\/p>\n<p><span style=\"color: #000000;\"><em>\u201cPrandaj ne, nga ana evropiane, duam t\u00eb kontribuojm\u00eb n\u00eb m\u00ebnyr\u00eb diplomatike p\u00ebr t\u00eb gjetur nj\u00eb zgjidhje.\u201d<\/em><\/span><\/p>\n<p><span style=\"color: #000000;\">Kancelari konservator vuri n\u00eb dukje se Gjermania ka rifilluar bisedimet direkte me Iranin dhe po konsultohet me partner\u00ebt rajonal\u00eb p\u00ebr t\u00eb mb\u00ebshtetur nismat diplomatike q\u00eb synojn\u00eb zgjidhjen e konfliktit.<\/span><\/p>\n<p><span style=\"color: #000000;\"><em>\u201cPo koordinohemi ngusht\u00eb me pal\u00ebn amerikane, por gjithashtu po e b\u00ebjm\u00eb t\u00eb qart\u00eb se kemi ide evropiane p\u00ebr m\u00ebnyr\u00ebn se si mund t\u00eb arrihet nj\u00eb zgjidhje e konfliktit,\u201d<\/em> tha Merz.<\/span><\/p>\n<p><span style=\"color: #000000;\"><em>\u201cShpresoj t\u00eb kemi sukses, por nuk jam i sigurt,\u201d<\/em> p\u00ebrfundoi ai, shkruan <a href=\"https:\/\/www.aa.com.tr\/en\/europe\/germany-s-merz-criticizes-us-and-israel-over-prolonged-war-with-iran\/3919699\">AA<\/a>,<\/span><\/p>\n","protected":false,"gt_translate_keys":[{"key":"rendered","format":"html"}]},"excerpt":{"rendered":"<p>Kancelari gjerman Merz t\u00eb h\u00ebn\u00ebn rikonfirmoi kritikat ndaj Shteteve t\u00eb Bashkuara dhe Izraelit p\u00ebr luft\u00ebn e zgjatur me Iranin dhe u zotua se evropian\u00ebt do shtojn\u00eb p\u00ebrpjekjet diplomatike p\u00ebr t\u00eb gjetur nj\u00eb zgjidhje. \u201cSa i p\u00ebrket Iranit, po, jam zhg\u00ebnjyer,\u201d tha Merz n\u00eb nj\u00eb konferenc\u00eb p\u00ebr shtyp n\u00eb Berlin kur u pyet p\u00ebr deklaratat e [&hellip;]<\/p>\n","protected":false,"gt_translate_keys":[{"key":"rendered","format":"html"}]},"author":51,"featured_media":798467,"comment_status":"closed","ping_status":"open","sticky":false,"template":"","format":"standard","meta":{"footnotes":""},"categories":[53],"tags":[],"class_list":["post-798465","post","type-post","status-publish","format-standard","has-post-thumbnail","hentry","category-fast-foodi"],"gt_translate_keys":[{"key":"link","format":"url"}],"_links":{"self":[{"href":"https:\/\/www.hashtag.al\/index.php\/wp-json\/wp\/v2\/posts\/798465","targetHints":{"allow":["GET"]}}],"collection":[{"href":"https:\/\/www.hashtag.al\/index.php\/wp-json\/wp\/v2\/posts"}],"about":[{"href":"https:\/\/www.hashtag.al\/index.php\/wp-json\/wp\/v2\/types\/post"}],"author":[{"embeddable":true,"href":"https:\/\/www.hashtag.al\/index.php\/wp-json\/wp\/v2\/users\/51"}],"replies":[{"embeddable":true,"href":"https:\/\/www.hashtag.al\/index.php\/wp-json\/wp\/v2\/comments?post=798465"}],"version-history":[{"count":99999,"href":"https:\/\/www.hashtag.al\/index.php\/wp-json\/wp\/v2\/posts\/798465\/revisions"}],"predecessor-version":[{"id":798469,"href":"https:\/\/www.hashtag.al\/index.php\/wp-json\/wp\/v2\/posts\/798465\/revisions\/798469"}],"wp:featuredmedia":[{"embeddable":true,"href":"https:\/\/www.hashtag.al\/index.php\/wp-json\/wp\/v2\/media\/798467"}],"wp:attachment":[{"href":"https:\/\/www.hashtag.al\/index.php\/wp-json\/wp\/v2\/media?parent=798465"}],"wp:term":[{"taxonomy":"category","embeddable":true,"href":"https:\/\/www.hashtag.al\/index.php\/wp-json\/wp\/v2\/categories?post=798465"},{"taxonomy":"post_tag","embeddable":true,"href":"https:\/\/www.hashtag.al\/index.php\/wp-json\/wp\/v2\/tags?post=798465"}],"curies":[{"name":"wp","href":"https:\/\/api.w.org\/{rel}","templated":true}]}}