{"id":798390,"date":"2026-04-27T19:21:43","date_gmt":"2026-04-27T17:21:43","guid":{"rendered":"https:\/\/www.hashtag.al\/?p=798390"},"modified":"2026-04-27T19:22:32","modified_gmt":"2026-04-27T17:22:32","slug":"pakistani-sulme-ne-afganistan-4-te-vrare","status":"publish","type":"post","link":"https:\/\/www.hashtag.al\/index.php\/2026\/04\/27\/pakistani-sulme-ne-afganistan-4-te-vrare\/","title":{"rendered":"Pakistani sulme n\u00eb Afganistan, 4 t\u00eb vrar\u00eb","gt_translate_keys":[{"key":"rendered","format":"text"}]},"content":{"rendered":"<p><img loading=\"lazy\" decoding=\"async\" class=\"aligncenter size-full wp-image-798391\" src=\"https:\/\/www.hashtag.al\/wp-content\/uploads\/2026\/04\/kabul-ezgif.com-avif-to-jpg-converter.jpg\" alt=\"\" width=\"720\" height=\"480\" srcset=\"https:\/\/www.hashtag.al\/wp-content\/uploads\/2026\/04\/kabul-ezgif.com-avif-to-jpg-converter.jpg 720w, https:\/\/www.hashtag.al\/wp-content\/uploads\/2026\/04\/kabul-ezgif.com-avif-to-jpg-converter-300x200.jpg 300w\" sizes=\"auto, (max-width: 720px) 100vw, 720px\" \/><\/p>\n<p><span style=\"color: #000000;\">Kat\u00ebr persona u vran\u00eb dhe 70 t\u00eb tjer\u00eb u plagos\u00ebn nga sulme me mortaja dhe raketa t\u00eb nd\u00ebrmarra nga Pakistani kund\u00ebr Afganistanit t\u00eb h\u00ebn\u00ebn, njoftoi qeveria talebane, nd\u00ebrsa p\u00ebrplasjet mes dy vendeve shp\u00ebrthyen s\u00ebrish dhe k\u00ebrc\u00ebnuan t\u00eb minonin bisedimet e brishta t\u00eb paqes.<\/span><\/p>\n<p><span style=\"color: #000000;\">Qeveria e Pakistanit i hodhi posht\u00eb raportimet duke i quajtur \u201cpropagand\u00eb t\u00eb vazhdueshme\u201d.<\/span><\/p>\n<p><span style=\"color: #000000;\">Rreth 30 student\u00eb, gra dhe f\u00ebmij\u00eb ishin mes t\u00eb plagosurve nga sulmet, t\u00eb cilat godit\u00ebn sht\u00ebpi dhe Universitetin Syed Jamaluddin Afghani n\u00eb qytetin Asadabad t\u00eb provinc\u00ebs Kunar, tha z\u00ebvend\u00ebs-z\u00ebdh\u00ebn\u00ebsi i taleban\u00ebve, Hamdullah Fitrat.<\/span><\/p>\n<p><span style=\"color: #000000;\">\u201cNe i d\u00ebnojm\u00eb fuqish\u00ebm k\u00ebto sulme nga regjimi ushtarak pakistanez, n\u00eb t\u00eb cilat u sh\u00ebnjestruan njer\u00ebz t\u00eb zakonsh\u00ebm, institucione akademike dhe arsimore, dhe i shpallim ato krime lufte t\u00eb pafalshme,\u201d tha ai n\u00eb nj\u00eb postim n\u00eb X.<\/span><\/p>\n<p><span style=\"color: #000000;\">Ministria e Informacionit e Pakistanit, n\u00eb nj\u00eb postim n\u00eb X, tha se akuzat e qeveris\u00eb afgane jan\u00eb t\u00eb pav\u00ebrteta. \u201cSa her\u00eb dhe kudo q\u00eb Pakistani godet infrastruktur\u00ebn terroriste me baz\u00eb n\u00eb Afganistan, kjo b\u00ebhet sipas praktikave t\u00eb m\u00ebparshme, e shpallur qart\u00eb, e pranuar plot\u00ebsisht dhe e mb\u00ebshtetur nga prova t\u00eb sakta p\u00ebr sh\u00ebnjestrimin e infrastruktur\u00ebs mb\u00ebshtet\u00ebse t\u00eb terrorizmit,\u201d thuhej n\u00eb reagim.<\/span><\/p>\n<p><span style=\"color: #000000;\">Ushtria pakistaneze nuk iu p\u00ebrgjigj menj\u00ebher\u00eb nj\u00eb k\u00ebrkese p\u00ebr koment.<\/span><\/p>\n<p><span style=\"color: #000000;\">P\u00ebrplasjet m\u00eb t\u00eb r\u00ebnda nd\u00ebr vite shp\u00ebrthyen mes aleat\u00ebve t\u00eb kthyer n\u00eb armiq n\u00eb shkurt, me sulme ajrore pakistaneze brenda Afganistanit, t\u00eb cilat Islamabadi tha se synonin baza t\u00eb militant\u00ebve.<\/span><\/p>\n<p><span style=\"color: #000000;\">Islamabadi ka deklaruar se Kabuli u ofron streh\u00eb t\u00eb sigurt militant\u00ebve q\u00eb kryejn\u00eb sulme ndaj Pakistanit nga territori i tij. Taleban\u00ebt i kan\u00eb mohuar k\u00ebto akuza dhe kan\u00eb th\u00ebn\u00eb se militantizmi n\u00eb Pakistan \u00ebsht\u00eb problem i brendsh\u00ebm.<\/span><\/p>\n<p><span style=\"color: #000000;\">M\u00eb shum\u00eb se 400 persona u vran\u00eb n\u00eb nj\u00eb sulm pakistanez ndaj nj\u00eb qendre rehabilitimi p\u00ebr drog\u00ebn n\u00eb Kabul muajin e kaluar, sipas taleban\u00ebve, p\u00ebrpara se fqinj\u00ebt t\u00eb pezullonin luftimet. Pakistani i hodhi posht\u00eb k\u00ebto deklarata, duke th\u00ebn\u00eb se kishte \u201cgoditur me sakt\u00ebsi instalime ushtarake dhe infrastruktur\u00eb mb\u00ebshtet\u00ebse t\u00eb terrorizmit\u201d.<\/span><\/p>\n<p><span style=\"color: #000000;\">Misioni i Kombeve t\u00eb Bashkuara p\u00ebr Asistenc\u00eb n\u00eb Afganistan e ka vendosur numrin e viktimave n\u00eb 143.<\/span><\/p>\n<p><span style=\"color: #000000;\">Kina, e cila po nd\u00ebrmjet\u00ebsonte mes dy vendeve, tha m\u00eb her\u00ebt k\u00ebt\u00eb muaj se ato kishin r\u00ebn\u00eb dakord gjat\u00eb bisedimeve t\u00eb paqes n\u00eb Urumqi p\u00ebr t\u00eb shqyrtuar nj\u00eb zgjidhje gjith\u00ebp\u00ebrfshir\u00ebse p\u00ebr konfliktin e tyre.<\/span><\/p>\n<p><span style=\"color: #000000;\">P\u00ebrplasjet jan\u00eb zbutur q\u00eb kur u njoftuan bisedimet n\u00eb Urumqi, por ka pasur raportime p\u00ebr disa incidente t\u00eb vogla. Tre persona u vran\u00eb nga granatimet me mortaja nga forcat afgane m\u00eb 18 prill n\u00eb rajonin verior Bajaur t\u00eb Pakistanit, than\u00eb zyrtar\u00ebt e siguris\u00eb, shkruan <a href=\"https:\/\/www.reuters.com\/world\/asia-pacific\/four-killed-70-injured-mortar-rocket-attacks-by-pakistan-afghan-taliban-says-2026-04-27\/\">Reuters<\/a>.<\/span><\/p>\n","protected":false,"gt_translate_keys":[{"key":"rendered","format":"html"}]},"excerpt":{"rendered":"<p>Kat\u00ebr persona u vran\u00eb dhe 70 t\u00eb tjer\u00eb u plagos\u00ebn nga sulme me mortaja dhe raketa t\u00eb nd\u00ebrmarra nga Pakistani kund\u00ebr Afganistanit t\u00eb h\u00ebn\u00ebn, njoftoi qeveria talebane, nd\u00ebrsa p\u00ebrplasjet mes dy vendeve shp\u00ebrthyen s\u00ebrish dhe k\u00ebrc\u00ebnuan t\u00eb minonin bisedimet e brishta t\u00eb paqes. Qeveria e Pakistanit i hodhi posht\u00eb raportimet duke i quajtur \u201cpropagand\u00eb t\u00eb [&hellip;]<\/p>\n","protected":false,"gt_translate_keys":[{"key":"rendered","format":"html"}]},"author":51,"featured_media":798391,"comment_status":"closed","ping_status":"open","sticky":false,"template":"","format":"standard","meta":{"footnotes":""},"categories":[6],"tags":[],"class_list":["post-798390","post","type-post","status-publish","format-standard","has-post-thumbnail","hentry","category-nderkombetare"],"gt_translate_keys":[{"key":"link","format":"url"}],"_links":{"self":[{"href":"https:\/\/www.hashtag.al\/index.php\/wp-json\/wp\/v2\/posts\/798390","targetHints":{"allow":["GET"]}}],"collection":[{"href":"https:\/\/www.hashtag.al\/index.php\/wp-json\/wp\/v2\/posts"}],"about":[{"href":"https:\/\/www.hashtag.al\/index.php\/wp-json\/wp\/v2\/types\/post"}],"author":[{"embeddable":true,"href":"https:\/\/www.hashtag.al\/index.php\/wp-json\/wp\/v2\/users\/51"}],"replies":[{"embeddable":true,"href":"https:\/\/www.hashtag.al\/index.php\/wp-json\/wp\/v2\/comments?post=798390"}],"version-history":[{"count":99999,"href":"https:\/\/www.hashtag.al\/index.php\/wp-json\/wp\/v2\/posts\/798390\/revisions"}],"predecessor-version":[{"id":798392,"href":"https:\/\/www.hashtag.al\/index.php\/wp-json\/wp\/v2\/posts\/798390\/revisions\/798392"}],"wp:featuredmedia":[{"embeddable":true,"href":"https:\/\/www.hashtag.al\/index.php\/wp-json\/wp\/v2\/media\/798391"}],"wp:attachment":[{"href":"https:\/\/www.hashtag.al\/index.php\/wp-json\/wp\/v2\/media?parent=798390"}],"wp:term":[{"taxonomy":"category","embeddable":true,"href":"https:\/\/www.hashtag.al\/index.php\/wp-json\/wp\/v2\/categories?post=798390"},{"taxonomy":"post_tag","embeddable":true,"href":"https:\/\/www.hashtag.al\/index.php\/wp-json\/wp\/v2\/tags?post=798390"}],"curies":[{"name":"wp","href":"https:\/\/api.w.org\/{rel}","templated":true}]}}