{"id":798385,"date":"2026-04-27T18:42:45","date_gmt":"2026-04-27T16:42:45","guid":{"rendered":"https:\/\/www.hashtag.al\/?p=798385"},"modified":"2026-04-27T18:43:13","modified_gmt":"2026-04-27T16:43:13","slug":"kosove-opozita-bojkoton-seancen-per-zgjedhjen-e-presidentit-kurti-ldk-perbuzi-cdo-oferte-tonena","status":"publish","type":"post","link":"https:\/\/www.hashtag.al\/index.php\/2026\/04\/27\/kosove-opozita-bojkoton-seancen-per-zgjedhjen-e-presidentit-kurti-ldk-perbuzi-cdo-oferte-tonena\/","title":{"rendered":"Kosov\u00eb\/ Opozita bojkoton seanc\u00ebn p\u00ebr zgjedhjen e Presidentit, Kurti: LDK p\u00ebrbuzi \u00e7do ofert\u00eb ton\u00ebn","gt_translate_keys":[{"key":"rendered","format":"text"}]},"content":{"rendered":"<p><span style=\"color: #000000;\"><a style=\"color: #000000;\" href=\"https:\/\/www.hashtag.al\/index.php\/2026\/04\/27\/kosove-opozita-bojkoton-seancen-per-zgjedhjen-e-presidentit-kurti-ldk-perbuzi-cdo-oferte-tonena\/kurti-kuvend\/\" rel=\"attachment wp-att-798386\"><img loading=\"lazy\" decoding=\"async\" class=\"alignnone size-full wp-image-798386\" src=\"https:\/\/www.hashtag.al\/wp-content\/uploads\/2026\/04\/kurti-kuvend.jpg\" alt=\"\" width=\"934\" height=\"542\" srcset=\"https:\/\/www.hashtag.al\/wp-content\/uploads\/2026\/04\/kurti-kuvend.jpg 934w, https:\/\/www.hashtag.al\/wp-content\/uploads\/2026\/04\/kurti-kuvend-300x174.jpg 300w, https:\/\/www.hashtag.al\/wp-content\/uploads\/2026\/04\/kurti-kuvend-768x446.jpg 768w, https:\/\/www.hashtag.al\/wp-content\/uploads\/2026\/04\/kurti-kuvend-250x145.jpg 250w\" sizes=\"auto, (max-width: 934px) 100vw, 934px\" \/><\/a><\/span><\/p>\n<p><span style=\"color: #000000;\">Kryeministri i Kosov\u00ebs, Albin Kurti, ka marr\u00eb fjal\u00ebn n\u00eb Kuvend gjat\u00eb seanc\u00ebs s\u00eb jasht\u00ebzakonshme t\u00eb thirrur p\u00ebr diskutim lidhur me \u00e7\u00ebshtjen e presidentit, mbledhje t\u00eb cil\u00ebn partit\u00eb opozitare e kan\u00eb bojkotuar.<\/span><\/p>\n<p><span style=\"color: #000000;\">Ai e ka nisur fjalimin duke theksuar se vendi ndodhet n\u00eb fund t\u00eb afatit kushtetues p\u00ebr zgjedhjen e presidentit dhe se \u00e7do d\u00ebshtim n\u00eb k\u00ebt\u00eb proces do ta \u00e7onte vendin n\u00eb zgjedhje t\u00eb reja.<\/span><\/p>\n<p><span style=\"color: #000000;\"><em>\u201cSot kemi mb\u00ebrritur n\u00eb fund t\u00eb afatit kushtetues p\u00ebr zgjedhjen e presidentit t\u00eb Republik\u00ebs. D\u00ebshtimi e d\u00ebrgon vendin n\u00eb zgjedhje t\u00eb reja, q\u00eb do t\u00eb ishin t\u00eb pestat me radh\u00eb prej 16 muajve\u201d,<\/em> tha Kurti, duke shtuar se zgjedhjet e shpeshta do t\u00eb ndikonin n\u00eb frenimin e pun\u00ebs s\u00eb qeveris\u00eb.<\/span><\/p>\n<p><span style=\"color: #000000;\">Kurti kritikoi Lidhjen Demokratike t\u00eb Kosov\u00ebs p\u00ebr si\u00e7 tha \u201cp\u00ebrbuzje t\u00eb ofertave\u201d p\u00ebr marr\u00ebveshje politike, nd\u00ebrsa theksoi se L\u00ebvizja Vet\u00ebvendosje nuk ka shmangur asnj\u00ebher\u00eb p\u00ebrgjegj\u00ebsin\u00eb p\u00ebr qeverisje.<\/span><\/p>\n<p><span style=\"color: #000000;\"><em>\u201cAkuzat se VV ik\u00ebn nga p\u00ebrgjegj\u00ebsia nuk jan\u00eb t\u00eb v\u00ebrteta. Nuk ka pasur asnj\u00eb vones\u00eb, asnj\u00eb ngurrim dhe asnj\u00eb shmangie n\u00eb marrjen e p\u00ebrgjegj\u00ebsive p\u00ebr t\u00eb qeverisur. Kjo \u00ebsht\u00eb e matshme dhe e verifikueshme<\/em>\u201d, u shpreh ai.<\/span><\/p>\n<p><span style=\"color: #000000;\">Kurti tha se partit\u00eb opozitare kan\u00eb b\u00ebr\u00eb bllokada t\u00eb nj\u00ebpasnj\u00ebshme institucionale p\u00ebr ta \u201cd\u00ebmtuar fituesin e zgjedhjeve\u201d.<\/span><\/p>\n<p><span style=\"color: #000000;\"><em>\u201cMarr\u00ebveshje politike dhe kompromisi p\u00ebr koalicion qeveris\u00ebs \u00ebsht\u00eb gj\u00ebja m\u00eb normale. Kompromisi nuk \u00ebsht\u00eb pazar p\u00ebr t\u00eb rehatuar figura politike.\u201d,<\/em> tha ai.<\/span><\/p>\n<p><span style=\"color: #000000;\">Ai shtoi se n\u00eb marr\u00ebveshje politike duhet pasur parasysh dallimet n\u00eb pesh\u00ebn elektorale, gjegj\u00ebsisht votave q\u00eb ka secila parti.<\/span><\/p>\n","protected":false,"gt_translate_keys":[{"key":"rendered","format":"html"}]},"excerpt":{"rendered":"<p>Kryeministri i Kosov\u00ebs, Albin Kurti, ka marr\u00eb fjal\u00ebn n\u00eb Kuvend gjat\u00eb seanc\u00ebs s\u00eb jasht\u00ebzakonshme t\u00eb thirrur p\u00ebr diskutim lidhur me \u00e7\u00ebshtjen e presidentit, mbledhje t\u00eb cil\u00ebn partit\u00eb opozitare e kan\u00eb bojkotuar. Ai e ka nisur fjalimin duke theksuar se vendi ndodhet n\u00eb fund t\u00eb afatit kushtetues p\u00ebr zgjedhjen e presidentit dhe se \u00e7do d\u00ebshtim n\u00eb [&hellip;]<\/p>\n","protected":false,"gt_translate_keys":[{"key":"rendered","format":"html"}]},"author":32,"featured_media":798386,"comment_status":"closed","ping_status":"open","sticky":false,"template":"","format":"standard","meta":{"footnotes":""},"categories":[149],"tags":[],"class_list":["post-798385","post","type-post","status-publish","format-standard","has-post-thumbnail","hentry","category-kosoverajon"],"gt_translate_keys":[{"key":"link","format":"url"}],"_links":{"self":[{"href":"https:\/\/www.hashtag.al\/index.php\/wp-json\/wp\/v2\/posts\/798385","targetHints":{"allow":["GET"]}}],"collection":[{"href":"https:\/\/www.hashtag.al\/index.php\/wp-json\/wp\/v2\/posts"}],"about":[{"href":"https:\/\/www.hashtag.al\/index.php\/wp-json\/wp\/v2\/types\/post"}],"author":[{"embeddable":true,"href":"https:\/\/www.hashtag.al\/index.php\/wp-json\/wp\/v2\/users\/32"}],"replies":[{"embeddable":true,"href":"https:\/\/www.hashtag.al\/index.php\/wp-json\/wp\/v2\/comments?post=798385"}],"version-history":[{"count":99999,"href":"https:\/\/www.hashtag.al\/index.php\/wp-json\/wp\/v2\/posts\/798385\/revisions"}],"predecessor-version":[{"id":798389,"href":"https:\/\/www.hashtag.al\/index.php\/wp-json\/wp\/v2\/posts\/798385\/revisions\/798389"}],"wp:featuredmedia":[{"embeddable":true,"href":"https:\/\/www.hashtag.al\/index.php\/wp-json\/wp\/v2\/media\/798386"}],"wp:attachment":[{"href":"https:\/\/www.hashtag.al\/index.php\/wp-json\/wp\/v2\/media?parent=798385"}],"wp:term":[{"taxonomy":"category","embeddable":true,"href":"https:\/\/www.hashtag.al\/index.php\/wp-json\/wp\/v2\/categories?post=798385"},{"taxonomy":"post_tag","embeddable":true,"href":"https:\/\/www.hashtag.al\/index.php\/wp-json\/wp\/v2\/tags?post=798385"}],"curies":[{"name":"wp","href":"https:\/\/api.w.org\/{rel}","templated":true}]}}