{"id":798367,"date":"2026-04-27T17:17:45","date_gmt":"2026-04-27T15:17:45","guid":{"rendered":"https:\/\/www.hashtag.al\/?p=798367"},"modified":"2026-04-27T17:17:45","modified_gmt":"2026-04-27T15:17:45","slug":"von-der-leyen-evropa-pagoi-27-miliarde-euro-me-shume-per-energjine-per-shkak-te-luftes-me-iranin","status":"publish","type":"post","link":"https:\/\/www.hashtag.al\/index.php\/2026\/04\/27\/von-der-leyen-evropa-pagoi-27-miliarde-euro-me-shume-per-energjine-per-shkak-te-luftes-me-iranin\/","title":{"rendered":"Von der Leyen: Evropa pagoi 27 miliard\u00eb euro m\u00eb shum\u00eb p\u00ebr energjin\u00eb p\u00ebr shkak t\u00eb luft\u00ebs me Iranin","gt_translate_keys":[{"key":"rendered","format":"text"}]},"content":{"rendered":"<p><span style=\"color: #000000;\"><a href=\"https:\/\/www.hashtag.al\/index.php\/2024\/10\/26\/von-der-leyen-duhet-ende-pune-per-heqjen-e-masave-ndeshkuese-ndaj-kosoves\/von-der-leyen-730x450\/\" rel=\"attachment wp-att-705934\"><img loading=\"lazy\" decoding=\"async\" class=\"alignnone size-full wp-image-705934\" src=\"https:\/\/www.hashtag.al\/wp-content\/uploads\/2024\/10\/Von-der-Leyen-730x450-1.jpg\" alt=\"\" width=\"730\" height=\"450\" srcset=\"https:\/\/www.hashtag.al\/wp-content\/uploads\/2024\/10\/Von-der-Leyen-730x450-1.jpg 730w, https:\/\/www.hashtag.al\/wp-content\/uploads\/2024\/10\/Von-der-Leyen-730x450-1-300x185.jpg 300w\" sizes=\"auto, (max-width: 730px) 100vw, 730px\" \/><\/a><\/span><\/p>\n<p><span style=\"color: #000000;\">Evropa \u00ebsht\u00eb detyruar t\u00eb paguaj\u00eb 27 miliard\u00eb euro m\u00eb shum\u00eb p\u00ebr importet e naft\u00ebs dhe gazit q\u00eb nga fillimi i luft\u00ebs s\u00eb SHBA-s\u00eb dhe Izraelit kund\u00ebr Iranit, tha shefja e Komisionit Evropian, Ursula von der Leyen, transmeton <span style=\"color: #0000ff;\"><a style=\"color: #0000ff;\" href=\"https:\/\/www.aa.com.tr\/sq\/politik%C3%AB\/von-der-leyen-evropa-pagoi-27-miliard%C3%AB-euro-m%C3%AB-shum%C3%AB-p%C3%ABr-energjin%C3%AB-p%C3%ABr-shkak-t%C3%AB-luft%C3%ABs-me-iranin\/3919223\">Anadolu.<\/a><\/span><\/span><\/p>\n<p><span style=\"color: #000000;\">Duke folur n\u00eb nj\u00eb konferenc\u00eb p\u00ebr media n\u00eb Berlin, von der Leyen tha se Evropa po p\u00ebrjeton kriz\u00ebn e saj t\u00eb dyt\u00eb serioze energjetike n\u00eb kat\u00ebr vitet e fundit dhe se shtetet an\u00ebtare t\u00eb BE-s\u00eb duhet t\u00eb nxjerrin m\u00ebsime nga kjo.<\/span><\/p>\n<p><span style=\"color: #000000;\"><em>&#8220;N\u00eb vitin 2022, (Presidenti rus) Putin nd\u00ebrpreu furnizimin ton\u00eb me gaz, dhe tani \u00ebsht\u00eb Ngushtica e Hormuzit&#8221;,<\/em> u tha ajo gazetar\u00ebve, duke shtuar: &#8220;<em>Var\u00ebsia jon\u00eb e madhe nga l\u00ebnd\u00ebt djeg\u00ebse fosile t\u00eb importuara na b\u00ebn t\u00eb cenuesh\u00ebm. Ne duhet ta reduktojm\u00eb k\u00ebt\u00eb var\u00ebsi&#8221;.<\/em><\/span><\/p>\n<p><span style=\"color: #000000;\">Von der Leyen tha se vendet evropiane duhet t\u00eb zgjerojn\u00eb prodhimin e energjis\u00eb s\u00eb rinovueshme dhe t\u00eb eksplorojn\u00eb inovacionin b\u00ebrthamor, p\u00ebrfshir\u00eb reaktor\u00ebt e vegj\u00ebl modular\u00eb, p\u00ebr t\u00eb siguruar energji t\u00eb besueshme.<\/span><\/p>\n<p><span style=\"color: #000000;\"><em>&#8220;\u00c7do kilovat-or\u00eb energjie e prodhuar k\u00ebtu kontribuon n\u00eb stabilitetin ekonomik, energji t\u00eb p\u00ebrballueshme dhe k\u00ebshtu n\u00eb pavar\u00ebsin\u00eb e Evrop\u00ebs&#8221;,<\/em> shtoi ajo.<\/span><\/p>\n<p>&nbsp;<\/p>\n","protected":false,"gt_translate_keys":[{"key":"rendered","format":"html"}]},"excerpt":{"rendered":"<p>Evropa \u00ebsht\u00eb detyruar t\u00eb paguaj\u00eb 27 miliard\u00eb euro m\u00eb shum\u00eb p\u00ebr importet e naft\u00ebs dhe gazit q\u00eb nga fillimi i luft\u00ebs s\u00eb SHBA-s\u00eb dhe Izraelit kund\u00ebr Iranit, tha shefja e Komisionit Evropian, Ursula von der Leyen, transmeton Anadolu. Duke folur n\u00eb nj\u00eb konferenc\u00eb p\u00ebr media n\u00eb Berlin, von der Leyen tha se Evropa po p\u00ebrjeton [&hellip;]<\/p>\n","protected":false,"gt_translate_keys":[{"key":"rendered","format":"html"}]},"author":32,"featured_media":705934,"comment_status":"closed","ping_status":"open","sticky":false,"template":"","format":"standard","meta":{"footnotes":""},"categories":[6],"tags":[],"class_list":["post-798367","post","type-post","status-publish","format-standard","has-post-thumbnail","hentry","category-nderkombetare"],"gt_translate_keys":[{"key":"link","format":"url"}],"_links":{"self":[{"href":"https:\/\/www.hashtag.al\/index.php\/wp-json\/wp\/v2\/posts\/798367","targetHints":{"allow":["GET"]}}],"collection":[{"href":"https:\/\/www.hashtag.al\/index.php\/wp-json\/wp\/v2\/posts"}],"about":[{"href":"https:\/\/www.hashtag.al\/index.php\/wp-json\/wp\/v2\/types\/post"}],"author":[{"embeddable":true,"href":"https:\/\/www.hashtag.al\/index.php\/wp-json\/wp\/v2\/users\/32"}],"replies":[{"embeddable":true,"href":"https:\/\/www.hashtag.al\/index.php\/wp-json\/wp\/v2\/comments?post=798367"}],"version-history":[{"count":99999,"href":"https:\/\/www.hashtag.al\/index.php\/wp-json\/wp\/v2\/posts\/798367\/revisions"}],"predecessor-version":[{"id":798368,"href":"https:\/\/www.hashtag.al\/index.php\/wp-json\/wp\/v2\/posts\/798367\/revisions\/798368"}],"wp:featuredmedia":[{"embeddable":true,"href":"https:\/\/www.hashtag.al\/index.php\/wp-json\/wp\/v2\/media\/705934"}],"wp:attachment":[{"href":"https:\/\/www.hashtag.al\/index.php\/wp-json\/wp\/v2\/media?parent=798367"}],"wp:term":[{"taxonomy":"category","embeddable":true,"href":"https:\/\/www.hashtag.al\/index.php\/wp-json\/wp\/v2\/categories?post=798367"},{"taxonomy":"post_tag","embeddable":true,"href":"https:\/\/www.hashtag.al\/index.php\/wp-json\/wp\/v2\/tags?post=798367"}],"curies":[{"name":"wp","href":"https:\/\/api.w.org\/{rel}","templated":true}]}}