{"id":798362,"date":"2026-04-27T16:29:19","date_gmt":"2026-04-27T14:29:19","guid":{"rendered":"https:\/\/www.hashtag.al\/?p=798362"},"modified":"2026-04-27T16:29:53","modified_gmt":"2026-04-27T14:29:53","slug":"balla-pas-mbledhjes-se-ps-shqiperia-me-prane-se-kurre-be-se-vitet-2026-2027-jane-kyce","status":"publish","type":"post","link":"https:\/\/www.hashtag.al\/index.php\/2026\/04\/27\/balla-pas-mbledhjes-se-ps-shqiperia-me-prane-se-kurre-be-se-vitet-2026-2027-jane-kyce\/","title":{"rendered":"Balla pas mbledhjes s\u00eb PS: Shqip\u00ebria m\u00eb pran\u00eb se kurr\u00eb BE-s\u00eb, vitet 2026\u20132027 jan\u00eb ky\u00e7e","gt_translate_keys":[{"key":"rendered","format":"text"}]},"content":{"rendered":"<p><span style=\"color: #000000;\"><a style=\"color: #000000;\" href=\"https:\/\/www.hashtag.al\/index.php\/2026\/04\/27\/balla-pas-mbledhjes-se-ps-shqiperia-me-prane-se-kurre-be-se-vitet-2026-2027-jane-kyce\/1777298181_taulantballa\/\" rel=\"attachment wp-att-798364\"><img loading=\"lazy\" decoding=\"async\" class=\"alignnone size-full wp-image-798364\" src=\"https:\/\/www.hashtag.al\/wp-content\/uploads\/2026\/04\/1777298181_taulantballa.jpg\" alt=\"\" width=\"780\" height=\"440\" srcset=\"https:\/\/www.hashtag.al\/wp-content\/uploads\/2026\/04\/1777298181_taulantballa.jpg 780w, https:\/\/www.hashtag.al\/wp-content\/uploads\/2026\/04\/1777298181_taulantballa-300x169.jpg 300w, https:\/\/www.hashtag.al\/wp-content\/uploads\/2026\/04\/1777298181_taulantballa-768x433.jpg 768w\" sizes=\"auto, (max-width: 780px) 100vw, 780px\" \/><\/a><\/span><\/p>\n<p><span style=\"color: #000000;\">Pas mbledhjes s\u00eb zgjeruar t\u00eb Grupit Parlamentar t\u00eb Partis\u00eb Socialiste, Taulant Balla deklaroi se fokusi kryesor i diskutimeve ishte ecuria e reformave dhe avancimi i procesit t\u00eb integrimit europian t\u00eb Shqip\u00ebris\u00eb.<\/span><\/p>\n<p><span style=\"color: #000000;\">P\u00ebrmes nj\u00eb videomesazhi n\u00eb rrjetet sociale, Balla b\u00ebri t\u00eb ditur se gjat\u00eb mbledhjes u raportua nga ministri p\u00ebr Europ\u00ebn dhe Pun\u00ebt e Jashtme dhe kryenegociatorja mbi progresin e negociatave me Bashkimin Europian, p\u00ebrfshir\u00eb kalendarin e reformave dhe masat q\u00eb duhen nd\u00ebrmarr\u00eb n\u00eb k\u00ebt\u00eb faz\u00eb vendimtare.<\/span><\/p>\n<p><span style=\"color: #000000;\">Sipas tij, Shqip\u00ebria ka arritur piketa t\u00eb r\u00ebnd\u00ebsishme dhe \u00ebsht\u00eb n\u00eb prag t\u00eb kalimit n\u00eb faz\u00ebn e p\u00ebrmbylljes s\u00eb kapitujve t\u00eb negociatave.<\/span><\/p>\n<p><span style=\"color: #000000;\">Nj\u00eb tjet\u00ebr pjes\u00eb e r\u00ebnd\u00ebsishme e mbledhjes, sipas Ball\u00ebs, ishte adresimi i problematikave q\u00eb deputet\u00ebt ngren\u00eb nga zonat e tyre zgjedhore, duke theksuar nevoj\u00ebn p\u00ebr koordinim m\u00eb t\u00eb fort\u00eb me ministrit\u00eb p\u00ebrkat\u00ebse.<\/span><\/p>\n<p><span style=\"color: #000000;\">N\u00eb p\u00ebrfundim, ai u ndal edhe te r\u00ebnd\u00ebsia e \u201cMajit t\u00eb Europ\u00ebs\u201d dhe 35-vjetorit t\u00eb Partis\u00eb Socialiste, duke n\u00ebnvizuar se vitet 2026\u20132027 jan\u00eb ky\u00e7e p\u00ebr p\u00ebrmbylljen e marr\u00ebveshjes s\u00eb an\u00ebtar\u00ebsimit t\u00eb Shqip\u00ebris\u00eb n\u00eb Bashkimin Europian.=<\/span><\/p>\n<p><span style=\"color: #000000;\"><em>\u201cKemi p\u00ebrmbyllur disa or\u00eb t\u00eb r\u00ebnd\u00ebsishme pune n\u00eb mbledhjen e zgjeruar t\u00eb grupit parlamentar. Ku u fokusuam me ecurin\u00eb e deritanishme t\u00eb bashk\u00ebbisedimit p\u00ebr pun\u00ebt e Shqip\u00ebris\u00eb. E p\u00ebr t\u00eb vijuar edhe p\u00ebr nj\u00eb pjes\u00eb t\u00eb dimensionit t\u00eb brendsh\u00ebm t\u00eb familjes ton\u00eb politike p\u00ebr sa i p\u00ebrket rienergjizimit t\u00eb strukturave t\u00eb Partis\u00eb Socialiste. Kemi vazhduar me raportim dhe informim shum\u00eb t\u00eb dobish\u00ebm nga 2 ministrat, ministri p\u00ebr Europ\u00ebn dhe Pun\u00ebt e Jasht\u00ebm dhe Kryenegociatorja, lidhur me ecurin\u00eb e negociatave p\u00ebr kalendarin e reformave, dhe masave t\u00eb tjera t\u00eb reja q\u00eb nevojiten n\u00eb k\u00ebt\u00eb faz\u00eb t\u00eb r\u00ebnd\u00ebsishme, t\u00eb p\u00ebrmbushjes s\u00eb aspirat\u00ebs historike shqiptar\u00ebve p\u00ebr an\u00ebtar\u00ebsim n\u00eb Bashkimin Europian, jemi n\u00eb nj\u00eb moment t\u00eb r\u00ebnd\u00ebsish\u00ebm nd\u00ebrkoh\u00eb q\u00eb piketa t\u00eb nd\u00ebrmjetme, pra themelet e Shqip\u00ebris\u00eb europiane jan\u00eb gati p\u00ebr tu raportuar dhe p\u00ebr t\u00eb marr\u00eb konfirmimin e Bashkimit Europian dhe p\u00ebr t\u00eb shkuar m\u00eb tej me faz\u00ebn tjet\u00ebr q\u00eb \u00ebsht\u00eb p\u00ebrmbyllja e kapitujve. Po aq e r\u00ebnd\u00ebsishme ishte edhe raportimi i cili erdhi nga sekretaria e grupit parlamentar dhe q\u00eb ka t\u00eb b\u00ebj\u00eb me t\u00eb gjitha problematikat q\u00eb deputet\u00ebt ngren\u00eb p\u00ebr zonat e tyre, sepse shum\u00eb e r\u00ebnd\u00ebsishme q\u00eb \u00e7do problem q\u00eb vjen nga zonat zgjedhore, pra nga 12 qarqet e vendit, t\u00eb adresohet n\u00eb komunikimin me ministrat. N\u00eb fund, ishte dhe nj\u00eb fjal\u00eb e kryetarit, kryeministrit Rama, p\u00ebr at\u00eb q\u00eb \u00ebsht\u00eb Maji i Europ\u00ebs dhe po ashtu edhe p\u00ebr pjes\u00ebn q\u00eb lidhet me vigjiljen e 35-vjetorit historik t\u00eb Partis\u00eb Socialiste, q\u00eb e gjen vendin dhe e gjen Partin\u00eb Socialiste n\u00eb nj\u00eb moment kaq t\u00eb r\u00ebnd\u00ebsish\u00ebm. Nuk kemi qen\u00eb kurr\u00eb m\u00eb af\u00ebr Europ\u00ebs, Bashkimit Europian sesa jemi sot, dhe na duhet q\u00eb n\u00eb k\u00ebto muaj 2026 dhe 2027 t\u00eb p\u00ebrmbyllim marr\u00ebveshjen e an\u00ebtar\u00ebsimit t\u00eb Shqip\u00ebris\u00eb n\u00eb Bashkimin Europian dhe m\u00eb pas b\u00ebhemi gati p\u00ebr ratifikimin dhe dit\u00ebn kur do t\u00eb ngrem\u00eb flamurin kuq e zi n\u00eb oborrin e Brukselit. Ju p\u00ebrsh\u00ebndes\u201d<\/em>, thot\u00eb Balla.<\/span><\/p>\n","protected":false,"gt_translate_keys":[{"key":"rendered","format":"html"}]},"excerpt":{"rendered":"<p>Pas mbledhjes s\u00eb zgjeruar t\u00eb Grupit Parlamentar t\u00eb Partis\u00eb Socialiste, Taulant Balla deklaroi se fokusi kryesor i diskutimeve ishte ecuria e reformave dhe avancimi i procesit t\u00eb integrimit europian t\u00eb Shqip\u00ebris\u00eb. P\u00ebrmes nj\u00eb videomesazhi n\u00eb rrjetet sociale, Balla b\u00ebri t\u00eb ditur se gjat\u00eb mbledhjes u raportua nga ministri p\u00ebr Europ\u00ebn dhe Pun\u00ebt e Jashtme dhe [&hellip;]<\/p>\n","protected":false,"gt_translate_keys":[{"key":"rendered","format":"html"}]},"author":32,"featured_media":798364,"comment_status":"closed","ping_status":"open","sticky":false,"template":"","format":"standard","meta":{"footnotes":""},"categories":[65],"tags":[],"class_list":["post-798362","post","type-post","status-publish","format-standard","has-post-thumbnail","hentry","category-lajme"],"gt_translate_keys":[{"key":"link","format":"url"}],"_links":{"self":[{"href":"https:\/\/www.hashtag.al\/index.php\/wp-json\/wp\/v2\/posts\/798362","targetHints":{"allow":["GET"]}}],"collection":[{"href":"https:\/\/www.hashtag.al\/index.php\/wp-json\/wp\/v2\/posts"}],"about":[{"href":"https:\/\/www.hashtag.al\/index.php\/wp-json\/wp\/v2\/types\/post"}],"author":[{"embeddable":true,"href":"https:\/\/www.hashtag.al\/index.php\/wp-json\/wp\/v2\/users\/32"}],"replies":[{"embeddable":true,"href":"https:\/\/www.hashtag.al\/index.php\/wp-json\/wp\/v2\/comments?post=798362"}],"version-history":[{"count":99999,"href":"https:\/\/www.hashtag.al\/index.php\/wp-json\/wp\/v2\/posts\/798362\/revisions"}],"predecessor-version":[{"id":798366,"href":"https:\/\/www.hashtag.al\/index.php\/wp-json\/wp\/v2\/posts\/798362\/revisions\/798366"}],"wp:featuredmedia":[{"embeddable":true,"href":"https:\/\/www.hashtag.al\/index.php\/wp-json\/wp\/v2\/media\/798364"}],"wp:attachment":[{"href":"https:\/\/www.hashtag.al\/index.php\/wp-json\/wp\/v2\/media?parent=798362"}],"wp:term":[{"taxonomy":"category","embeddable":true,"href":"https:\/\/www.hashtag.al\/index.php\/wp-json\/wp\/v2\/categories?post=798362"},{"taxonomy":"post_tag","embeddable":true,"href":"https:\/\/www.hashtag.al\/index.php\/wp-json\/wp\/v2\/tags?post=798362"}],"curies":[{"name":"wp","href":"https:\/\/api.w.org\/{rel}","templated":true}]}}