{"id":798349,"date":"2026-04-27T15:30:21","date_gmt":"2026-04-27T13:30:21","guid":{"rendered":"https:\/\/www.hashtag.al\/?p=798349"},"modified":"2026-04-27T15:30:21","modified_gmt":"2026-04-27T13:30:21","slug":"veliaj-mungoi-ne-seance-avokati-ndreca-kafazi-i-qelqte-eshte-pengesa-e-vetme-kerkojme-barazi","status":"publish","type":"post","link":"https:\/\/www.hashtag.al\/index.php\/2026\/04\/27\/veliaj-mungoi-ne-seance-avokati-ndreca-kafazi-i-qelqte-eshte-pengesa-e-vetme-kerkojme-barazi\/","title":{"rendered":"Veliaj mungoi n\u00eb seanc\u00eb, avokati Ndreca: Kafazi i qelqt\u00eb \u00ebsht\u00eb pengesa e vetme, k\u00ebrkojm\u00eb barazi","gt_translate_keys":[{"key":"rendered","format":"text"}]},"content":{"rendered":"<p><span style=\"color: #000000;\"><a style=\"color: #000000;\" href=\"https:\/\/www.hashtag.al\/?attachment_id=798350\" rel=\"attachment wp-att-798350\"><img loading=\"lazy\" decoding=\"async\" class=\"alignnone size-full wp-image-798350\" src=\"https:\/\/www.hashtag.al\/wp-content\/uploads\/2026\/04\/1777295057_ndreca.jpg\" alt=\"\" width=\"780\" height=\"440\" srcset=\"https:\/\/www.hashtag.al\/wp-content\/uploads\/2026\/04\/1777295057_ndreca.jpg 780w, https:\/\/www.hashtag.al\/wp-content\/uploads\/2026\/04\/1777295057_ndreca-300x169.jpg 300w, https:\/\/www.hashtag.al\/wp-content\/uploads\/2026\/04\/1777295057_ndreca-768x433.jpg 768w\" sizes=\"auto, (max-width: 780px) 100vw, 780px\" \/><\/a><\/span><\/p>\n<p><span style=\"color: #000000;\">Avokati Plarent Ndreca komentoi vendimin e GJKKO p\u00ebr t\u00eb rr\u00ebzuar k\u00ebrkes\u00ebn q\u00eb Erion Veliaj t\u00eb mos q\u00ebndroj\u00eb n\u00eb kafaz gjat\u00eb seancave gjyq\u00ebsore.<\/span><\/p>\n<p><span style=\"color: #000000;\">Ndreca tha se kjo \u00ebsht\u00eb e vetmja penges\u00eb q\u00eb e b\u00ebn t\u00eb pamundur q\u00eb Veliajt t\u00eb mos jet\u00eb n\u00eb GJKKO, duke theksuar se ai ka vullnet t\u00eb p\u00ebrballet, por vet\u00ebm n\u00eb kushte t\u00eb barabarta.<\/span><\/p>\n<p><span style=\"color: #000000;\"><em>\u201cE vetmja penges\u00eb q\u00eb Veliajt t\u00eb mos jet\u00eb n\u00eb seanc\u00eb \u00ebsht\u00eb kafazi i qelqt\u00eb q\u00eb ishte nj\u00eb nga k\u00ebrkesat tona p\u00ebr t\u00eb krijuar mund\u00ebsin\u00eb q\u00eb Veliaj t\u00eb ishte krah avokatit, k\u00ebrkes\u00eb q\u00eb u relativizua nga gjykata, nd\u00ebrkoh\u00eb q\u00eb \u00ebsht\u00eb kriter kushtetues q\u00eb pal\u00ebt duhet t\u00eb jen\u00eb barabart\u00eb, t\u00eb komunikojn\u00eb me avokatin n\u00eb m\u00ebnyr\u00eb dinamike. Kjo \u00ebsht\u00eb k\u00ebrkes\u00eb q\u00eb u mb\u00ebshtet edhe nga Helsinki, e konsideroi instrument degradues p\u00ebr personat q\u00eb jan\u00eb n\u00eb bankat e t\u00eb akuzuarve, kjo \u00ebsht\u00eb e vetmja penges\u00eb q\u00eb b\u00ebn t\u00eb pamundur q\u00eb Veliajt t\u00eb jet\u00eb n\u00eb GJKKO. Ai ka d\u00ebshir\u00eb e vullnet t\u00eb p\u00ebrballet, por n\u00eb kushte t\u00eb barabarta si\u00e7 kushtetuta e paracakton\u201d, tha Ndreca.<\/em><\/span><\/p>\n","protected":false,"gt_translate_keys":[{"key":"rendered","format":"html"}]},"excerpt":{"rendered":"<p>Avokati Plarent Ndreca komentoi vendimin e GJKKO p\u00ebr t\u00eb rr\u00ebzuar k\u00ebrkes\u00ebn q\u00eb Erion Veliaj t\u00eb mos q\u00ebndroj\u00eb n\u00eb kafaz gjat\u00eb seancave gjyq\u00ebsore. Ndreca tha se kjo \u00ebsht\u00eb e vetmja penges\u00eb q\u00eb e b\u00ebn t\u00eb pamundur q\u00eb Veliajt t\u00eb mos jet\u00eb n\u00eb GJKKO, duke theksuar se ai ka vullnet t\u00eb p\u00ebrballet, por vet\u00ebm n\u00eb kushte t\u00eb [&hellip;]<\/p>\n","protected":false,"gt_translate_keys":[{"key":"rendered","format":"html"}]},"author":32,"featured_media":798350,"comment_status":"closed","ping_status":"open","sticky":false,"template":"","format":"standard","meta":{"footnotes":""},"categories":[65],"tags":[],"class_list":["post-798349","post","type-post","status-publish","format-standard","has-post-thumbnail","hentry","category-lajme"],"gt_translate_keys":[{"key":"link","format":"url"}],"_links":{"self":[{"href":"https:\/\/www.hashtag.al\/index.php\/wp-json\/wp\/v2\/posts\/798349","targetHints":{"allow":["GET"]}}],"collection":[{"href":"https:\/\/www.hashtag.al\/index.php\/wp-json\/wp\/v2\/posts"}],"about":[{"href":"https:\/\/www.hashtag.al\/index.php\/wp-json\/wp\/v2\/types\/post"}],"author":[{"embeddable":true,"href":"https:\/\/www.hashtag.al\/index.php\/wp-json\/wp\/v2\/users\/32"}],"replies":[{"embeddable":true,"href":"https:\/\/www.hashtag.al\/index.php\/wp-json\/wp\/v2\/comments?post=798349"}],"version-history":[{"count":0,"href":"https:\/\/www.hashtag.al\/index.php\/wp-json\/wp\/v2\/posts\/798349\/revisions"}],"wp:featuredmedia":[{"embeddable":true,"href":"https:\/\/www.hashtag.al\/index.php\/wp-json\/wp\/v2\/media\/798350"}],"wp:attachment":[{"href":"https:\/\/www.hashtag.al\/index.php\/wp-json\/wp\/v2\/media?parent=798349"}],"wp:term":[{"taxonomy":"category","embeddable":true,"href":"https:\/\/www.hashtag.al\/index.php\/wp-json\/wp\/v2\/categories?post=798349"},{"taxonomy":"post_tag","embeddable":true,"href":"https:\/\/www.hashtag.al\/index.php\/wp-json\/wp\/v2\/tags?post=798349"}],"curies":[{"name":"wp","href":"https:\/\/api.w.org\/{rel}","templated":true}]}}