{"id":798347,"date":"2026-04-27T15:25:21","date_gmt":"2026-04-27T13:25:21","guid":{"rendered":"https:\/\/www.hashtag.al\/?p=798347"},"modified":"2026-04-27T15:25:21","modified_gmt":"2026-04-27T13:25:21","slug":"gjkko-rrezon-kerkesen-e-veliajt-per-gjyq-live-akuza-po-tentohet-zvarritja-e-procesit","status":"publish","type":"post","link":"https:\/\/www.hashtag.al\/index.php\/2026\/04\/27\/gjkko-rrezon-kerkesen-e-veliajt-per-gjyq-live-akuza-po-tentohet-zvarritja-e-procesit\/","title":{"rendered":"GJKKO rr\u00ebzon k\u00ebrkes\u00ebn e Veliajt p\u00ebr gjyq live, akuza: Po tentohet zvarritja e procesit","gt_translate_keys":[{"key":"rendered","format":"text"}]},"content":{"rendered":"<p><span style=\"color: #000000;\"><a href=\"https:\/\/www.hashtag.al\/index.php\/2025\/10\/31\/cilen-shkelje-kushtetuese-kam-bere-kjo-ceshtje-gjyqesore-percakton-nese-do-mbrohet-demokracia-veliaj\/veliaj-177\/\" rel=\"attachment wp-att-768761\"><img loading=\"lazy\" decoding=\"async\" class=\"alignnone size-full wp-image-768761\" src=\"https:\/\/www.hashtag.al\/wp-content\/uploads\/2025\/10\/veliaj.jpg\" alt=\"\" width=\"1031\" height=\"600\" srcset=\"https:\/\/www.hashtag.al\/wp-content\/uploads\/2025\/10\/veliaj.jpg 1031w, https:\/\/www.hashtag.al\/wp-content\/uploads\/2025\/10\/veliaj-300x175.jpg 300w, https:\/\/www.hashtag.al\/wp-content\/uploads\/2025\/10\/veliaj-1024x596.jpg 1024w, https:\/\/www.hashtag.al\/wp-content\/uploads\/2025\/10\/veliaj-768x447.jpg 768w, https:\/\/www.hashtag.al\/wp-content\/uploads\/2025\/10\/veliaj-250x145.jpg 250w\" sizes=\"auto, (max-width: 1031px) 100vw, 1031px\" \/><\/a><\/span><\/p>\n<p><span style=\"color: #000000;\">Seanca gjyq\u00ebsore ndaj kryebashkiakut t\u00eb Tiran\u00ebs, Erion Veliaj, nuk u transmetua live, pasi k\u00ebrkesa e tij u rr\u00ebzua nga Gjykata e Posa\u00e7me kund\u00ebr Korrupsionit dhe Krimit t\u00eb Organizuar (GJKKO).<\/span><\/p>\n<p><span style=\"color: #000000;\">Gjyqtarja Engj\u00ebllushe Tahiri argumentoi vendimin me faktin se dy prej t\u00eb pandehurve, Elman Abule dhe Adela Kondak\u00e7iu, nuk dhan\u00eb p\u00eblqimin p\u00ebr transmetimin e seanc\u00ebs. Vet\u00eb Veliaj mungoi n\u00eb seanc\u00eb dhe u p\u00ebrfaq\u00ebsua nga avokati i tij, Plarent Ndreca.<\/span><\/p>\n<p><span style=\"color: #000000;\">Ndreca k\u00ebmb\u00ebnguli se transmetimi live ishte i domosdosh\u00ebm p\u00ebr transparenc\u00eb, duke theksuar se qytetar\u00ebt e Tiran\u00ebs kan\u00eb t\u00eb drejt\u00eb t\u00eb informohen p\u00ebr akuzat ndaj kryebashkiakut. <\/span><\/p>\n<p><span style=\"color: #000000;\"><em>\u201c\u00cbsht\u00eb bazike q\u00eb qytetar\u00ebt t\u00eb d\u00ebgjojn\u00eb \u00e7far\u00eb ka prokuroria p\u00ebr t\u00eb zgjedhurin e tyre\u201d<\/em>, deklaroi ai.<\/span><\/p>\n<p><span style=\"color: #000000;\">Nga ana tjet\u00ebr, kreu i SPAK, Altin Dumani, u shpreh se institucioni q\u00eb p\u00ebrfaq\u00ebson nuk \u00ebsht\u00eb kund\u00ebr transmetimit live, por theksoi se nj\u00eb praktik\u00eb e till\u00eb cenon procesin hetimor, sidomos n\u00eb rastet kur ka d\u00ebshmitar\u00eb dhe bashk\u00ebpun\u00ebtor\u00eb t\u00eb drejt\u00ebsis\u00eb. <\/span><\/p>\n<p><span style=\"color: #000000;\"><em>\u201cD\u00ebshmitar\u00ebt nuk mund t\u00eb ekspozohen. Kjo nuk ndodh as n\u00eb vendet e rajonit, as n\u00eb BE dhe as n\u00eb SHBA\u201d<\/em>, u shpreh Dumani.<\/span><\/p>\n<p><span style=\"color: #000000;\">Gjat\u00eb seanc\u00ebs pati debate t\u00eb forta mes pal\u00ebve. Avokati Ndreca k\u00ebrkoi q\u00eb Veliaj t\u00eb mos q\u00ebndroj\u00eb n\u00eb kafaz gjat\u00eb gjykimit, si dhe t\u00eb vihen n\u00eb dispozicion t\u00eb mbrojtjes prova digjitale q\u00eb, sipas tij, ndodhen n\u00eb t\u00eb pakt\u00ebn 35 fashikuj dhe nuk jan\u00eb analizuar m\u00eb par\u00eb. Ai k\u00ebrkoi gjithashtu q\u00eb t\u00eb gjith\u00eb fashikujt hetimor\u00eb t\u00eb dixhitalizohen.<\/span><\/p>\n<p><span style=\"color: #000000;\">T\u00eb gjitha k\u00ebto k\u00ebrkesa u rr\u00ebzuan nga gjykata.<\/span><\/p>\n<p><span style=\"color: #000000;\">Prokuroria i cil\u00ebsoi k\u00ebto k\u00ebrkesa si p\u00ebrpjekje p\u00ebr t\u00eb zvarritur procesin. Dumani deklaroi se prej dy muajsh, mbrojtja ka paraqitur k\u00ebrkesa t\u00eb p\u00ebrs\u00ebritura dhe artificiale me q\u00ebllim shtyrjen e shqyrtimit gjyq\u00ebsor.<\/span><\/p>\n<p><span style=\"color: #000000;\">Ndreca e kund\u00ebrshtoi k\u00ebt\u00eb q\u00ebndrim, duke theksuar se synimi i mbrojtjes \u00ebsht\u00eb garantimi i nj\u00eb procesi t\u00eb rregullt ligjor dhe jo zvarritja e tij. Ai shtoi se vet\u00eb Veliaj, si i vetmi i paraburgosur n\u00eb k\u00ebt\u00eb \u00e7\u00ebshtje, ka interes q\u00eb procesi t\u00eb p\u00ebrfundoj\u00eb sa m\u00eb shpejt.<\/span><\/p>\n<p><span style=\"color: #000000;\">N\u00eb debat nd\u00ebrhyri edhe prokurori Ols Dado, i cili kund\u00ebrshtoi k\u00ebrkes\u00ebn p\u00ebr heqjen e \u201ckafazit\u201d, duke deklaruar se kushtet n\u00eb GJKKO jan\u00eb shum\u00eb t\u00eb mira, <em>\u201csi n\u00eb nj\u00eb hotel me 5 yje\u201d<\/em>, koment q\u00eb u pasua me t\u00ebrheqje v\u00ebmendjeje nga gjykata.<\/span><\/p>\n<p><span style=\"color: #000000;\">Nd\u00ebrkoh\u00eb, \u00e7\u00ebshtja ndaj Veliajt \u00ebsht\u00eb ndar\u00eb n\u00eb dy procese, nd\u00ebrsa p\u00ebr shtat\u00eb t\u00eb pandehur t\u00eb tjer\u00eb \u00ebsht\u00eb pranuar gjykimi i shkurtuar.<\/span><\/p>\n","protected":false,"gt_translate_keys":[{"key":"rendered","format":"html"}]},"excerpt":{"rendered":"<p>Seanca gjyq\u00ebsore ndaj kryebashkiakut t\u00eb Tiran\u00ebs, Erion Veliaj, nuk u transmetua live, pasi k\u00ebrkesa e tij u rr\u00ebzua nga Gjykata e Posa\u00e7me kund\u00ebr Korrupsionit dhe Krimit t\u00eb Organizuar (GJKKO). Gjyqtarja Engj\u00ebllushe Tahiri argumentoi vendimin me faktin se dy prej t\u00eb pandehurve, Elman Abule dhe Adela Kondak\u00e7iu, nuk dhan\u00eb p\u00eblqimin p\u00ebr transmetimin e seanc\u00ebs. Vet\u00eb Veliaj [&hellip;]<\/p>\n","protected":false,"gt_translate_keys":[{"key":"rendered","format":"html"}]},"author":32,"featured_media":768748,"comment_status":"closed","ping_status":"open","sticky":false,"template":"","format":"standard","meta":{"footnotes":""},"categories":[65],"tags":[],"class_list":["post-798347","post","type-post","status-publish","format-standard","has-post-thumbnail","hentry","category-lajme"],"gt_translate_keys":[{"key":"link","format":"url"}],"_links":{"self":[{"href":"https:\/\/www.hashtag.al\/index.php\/wp-json\/wp\/v2\/posts\/798347","targetHints":{"allow":["GET"]}}],"collection":[{"href":"https:\/\/www.hashtag.al\/index.php\/wp-json\/wp\/v2\/posts"}],"about":[{"href":"https:\/\/www.hashtag.al\/index.php\/wp-json\/wp\/v2\/types\/post"}],"author":[{"embeddable":true,"href":"https:\/\/www.hashtag.al\/index.php\/wp-json\/wp\/v2\/users\/32"}],"replies":[{"embeddable":true,"href":"https:\/\/www.hashtag.al\/index.php\/wp-json\/wp\/v2\/comments?post=798347"}],"version-history":[{"count":99999,"href":"https:\/\/www.hashtag.al\/index.php\/wp-json\/wp\/v2\/posts\/798347\/revisions"}],"predecessor-version":[{"id":798348,"href":"https:\/\/www.hashtag.al\/index.php\/wp-json\/wp\/v2\/posts\/798347\/revisions\/798348"}],"wp:featuredmedia":[{"embeddable":true,"href":"https:\/\/www.hashtag.al\/index.php\/wp-json\/wp\/v2\/media\/768748"}],"wp:attachment":[{"href":"https:\/\/www.hashtag.al\/index.php\/wp-json\/wp\/v2\/media?parent=798347"}],"wp:term":[{"taxonomy":"category","embeddable":true,"href":"https:\/\/www.hashtag.al\/index.php\/wp-json\/wp\/v2\/categories?post=798347"},{"taxonomy":"post_tag","embeddable":true,"href":"https:\/\/www.hashtag.al\/index.php\/wp-json\/wp\/v2\/tags?post=798347"}],"curies":[{"name":"wp","href":"https:\/\/api.w.org\/{rel}","templated":true}]}}