{"id":798339,"date":"2026-04-27T14:41:53","date_gmt":"2026-04-27T12:41:53","guid":{"rendered":"https:\/\/www.hashtag.al\/?p=798339"},"modified":"2026-04-27T14:41:53","modified_gmt":"2026-04-27T12:41:53","slug":"ish-zv-kryeministri-arben-ahmetaj-kerkon-transmetimin-live-te-gjyqit-ndaj-tij","status":"publish","type":"post","link":"https:\/\/www.hashtag.al\/index.php\/2026\/04\/27\/ish-zv-kryeministri-arben-ahmetaj-kerkon-transmetimin-live-te-gjyqit-ndaj-tij\/","title":{"rendered":"Ish-zv\/kryeministri Arben Ahmetaj k\u00ebrkon transmetimin \u201clive\u201d t\u00eb gjyqit ndaj tij","gt_translate_keys":[{"key":"rendered","format":"text"}]},"content":{"rendered":"<p><span style=\"color: #000000;\"><a href=\"https:\/\/www.hashtag.al\/index.php\/2024\/02\/02\/privatizimi-i-fabrikes-se-bukes-shtyhet-seanca-per-ahmetajn\/ahmetaj-46\/\" rel=\"attachment wp-att-651127\"><img loading=\"lazy\" decoding=\"async\" class=\"alignnone size-full wp-image-651127\" src=\"https:\/\/www.hashtag.al\/wp-content\/uploads\/2024\/02\/ahmetaj-1.jpg\" alt=\"\" width=\"562\" height=\"450\" srcset=\"https:\/\/www.hashtag.al\/wp-content\/uploads\/2024\/02\/ahmetaj-1.jpg 562w, https:\/\/www.hashtag.al\/wp-content\/uploads\/2024\/02\/ahmetaj-1-300x240.jpg 300w, https:\/\/www.hashtag.al\/wp-content\/uploads\/2024\/02\/ahmetaj-1-250x200.jpg 250w, https:\/\/www.hashtag.al\/wp-content\/uploads\/2024\/02\/ahmetaj-1-555x445.jpg 555w\" sizes=\"auto, (max-width: 562px) 100vw, 562px\" \/><\/a><\/span><\/p>\n<p><span style=\"color: #000000;\">Ish-z\u00ebvend\u00ebskryeministri Arben Ahmetaj, i cili po p\u00ebrballet me akuz\u00ebn p\u00ebr \u201cshp\u00ebrdorim detyre\u201d n\u00eb Gjykat\u00ebn e Posa\u00e7me, ka k\u00ebrkuar q\u00eb procesi gjyq\u00ebsor ndaj tij t\u00eb regjistrohet dhe t\u00eb b\u00ebhet publik p\u00ebr qytetar\u00ebt.<\/span><\/p>\n<p><span style=\"color: #000000;\">K\u00ebrkesa u paraqit nga avokati i tij, Henrik Ligori, gjat\u00eb seanc\u00ebs s\u00eb radh\u00ebs p\u00ebr dosjen e njohur si \u201cBuka sha\u201d.<\/span><\/p>\n<p><span style=\"color: #000000;\">Sipas mbrojtjes, transparenca \u00ebsht\u00eb thelb\u00ebsore p\u00ebr nj\u00eb proces t\u00eb drejt\u00eb dhe p\u00ebr informimin e opinionit publik.<\/span><\/p>\n<p><span style=\"color: #000000;\"><em>\u201cT\u00eb transmetohet live seanca. Publiku ta shoh\u00eb procesin<\/em>\u201d, u shpreh avokati Ligori para trupit gjykues.<\/span><\/p>\n<p>&nbsp;<\/p>\n","protected":false,"gt_translate_keys":[{"key":"rendered","format":"html"}]},"excerpt":{"rendered":"<p>Ish-z\u00ebvend\u00ebskryeministri Arben Ahmetaj, i cili po p\u00ebrballet me akuz\u00ebn p\u00ebr \u201cshp\u00ebrdorim detyre\u201d n\u00eb Gjykat\u00ebn e Posa\u00e7me, ka k\u00ebrkuar q\u00eb procesi gjyq\u00ebsor ndaj tij t\u00eb regjistrohet dhe t\u00eb b\u00ebhet publik p\u00ebr qytetar\u00ebt. K\u00ebrkesa u paraqit nga avokati i tij, Henrik Ligori, gjat\u00eb seanc\u00ebs s\u00eb radh\u00ebs p\u00ebr dosjen e njohur si \u201cBuka sha\u201d. Sipas mbrojtjes, transparenca \u00ebsht\u00eb [&hellip;]<\/p>\n","protected":false,"gt_translate_keys":[{"key":"rendered","format":"html"}]},"author":32,"featured_media":651127,"comment_status":"closed","ping_status":"open","sticky":false,"template":"","format":"standard","meta":{"footnotes":""},"categories":[65],"tags":[],"class_list":["post-798339","post","type-post","status-publish","format-standard","has-post-thumbnail","hentry","category-lajme"],"gt_translate_keys":[{"key":"link","format":"url"}],"_links":{"self":[{"href":"https:\/\/www.hashtag.al\/index.php\/wp-json\/wp\/v2\/posts\/798339","targetHints":{"allow":["GET"]}}],"collection":[{"href":"https:\/\/www.hashtag.al\/index.php\/wp-json\/wp\/v2\/posts"}],"about":[{"href":"https:\/\/www.hashtag.al\/index.php\/wp-json\/wp\/v2\/types\/post"}],"author":[{"embeddable":true,"href":"https:\/\/www.hashtag.al\/index.php\/wp-json\/wp\/v2\/users\/32"}],"replies":[{"embeddable":true,"href":"https:\/\/www.hashtag.al\/index.php\/wp-json\/wp\/v2\/comments?post=798339"}],"version-history":[{"count":99999,"href":"https:\/\/www.hashtag.al\/index.php\/wp-json\/wp\/v2\/posts\/798339\/revisions"}],"predecessor-version":[{"id":798340,"href":"https:\/\/www.hashtag.al\/index.php\/wp-json\/wp\/v2\/posts\/798339\/revisions\/798340"}],"wp:featuredmedia":[{"embeddable":true,"href":"https:\/\/www.hashtag.al\/index.php\/wp-json\/wp\/v2\/media\/651127"}],"wp:attachment":[{"href":"https:\/\/www.hashtag.al\/index.php\/wp-json\/wp\/v2\/media?parent=798339"}],"wp:term":[{"taxonomy":"category","embeddable":true,"href":"https:\/\/www.hashtag.al\/index.php\/wp-json\/wp\/v2\/categories?post=798339"},{"taxonomy":"post_tag","embeddable":true,"href":"https:\/\/www.hashtag.al\/index.php\/wp-json\/wp\/v2\/tags?post=798339"}],"curies":[{"name":"wp","href":"https:\/\/api.w.org\/{rel}","templated":true}]}}