{"id":798335,"date":"2026-04-27T13:45:46","date_gmt":"2026-04-27T11:45:46","guid":{"rendered":"https:\/\/www.hashtag.al\/?p=798335"},"modified":"2026-04-27T13:45:46","modified_gmt":"2026-04-27T11:45:46","slug":"nuk-ndodh-as-ne-rajon-be-apo-shba-veliaj-kerkoi-gjyq-live-dumani-ne-skemi-problem-mund-te-shqetesoje-procesin","status":"publish","type":"post","link":"https:\/\/www.hashtag.al\/index.php\/2026\/04\/27\/nuk-ndodh-as-ne-rajon-be-apo-shba-veliaj-kerkoi-gjyq-live-dumani-ne-skemi-problem-mund-te-shqetesoje-procesin\/","title":{"rendered":"&#8220;Nuk ndodh as n\u00eb rajon, BE apo SHBA&#8221;- Veliaj k\u00ebrkoi gjyq live, Dumani: Ne s&#8217;kemi problem, mund t\u00eb shqet\u00ebsoj\u00eb procesin","gt_translate_keys":[{"key":"rendered","format":"text"}]},"content":{"rendered":"<p><span style=\"color: #000000;\"><img loading=\"lazy\" decoding=\"async\" class=\"aligncenter size-full wp-image-798336\" src=\"https:\/\/www.hashtag.al\/wp-content\/uploads\/2026\/04\/1762373507_altindumani.jpg\" alt=\"\" width=\"780\" height=\"440\" srcset=\"https:\/\/www.hashtag.al\/wp-content\/uploads\/2026\/04\/1762373507_altindumani.jpg 780w, https:\/\/www.hashtag.al\/wp-content\/uploads\/2026\/04\/1762373507_altindumani-300x169.jpg 300w, https:\/\/www.hashtag.al\/wp-content\/uploads\/2026\/04\/1762373507_altindumani-768x433.jpg 768w\" sizes=\"auto, (max-width: 780px) 100vw, 780px\" \/><\/span><\/p>\n<p><span style=\"color: #000000;\">Seanca p\u00ebr gjyqin e kryebashkiakut t\u00eb Tiran\u00ebs\u00a0Erion Veliaj\u00a0nuk po transmetohet live p\u00ebr mediat. Gjyqtarja e\u00a0GJKKO, Engj\u00ebllushe Tahiri e rr\u00ebzoi k\u00ebrkes\u00ebn eVeliajt me argumentin se dy prej t\u00eb pandehurve, Elman Abule dhe Adela Kondak\u00e7iu, nuk pranuan q\u00eb seanca t\u00eb transmetohet live.<\/span><\/p>\n<p data-start=\"178\" data-end=\"368\"><span style=\"color: #000000;\">N\u00eb seanc\u00ebn gjyq\u00ebsore p\u00ebr dosjen ndaj\u00a0<span class=\"hover:entity-accent entity-underline inline cursor-pointer align-baseline\"><span class=\"whitespace-normal\">Erion Veliaj<\/span><\/span> n\u00eb GJKKO, jan\u00eb zhvilluar debate mes pal\u00ebve lidhur me k\u00ebrkes\u00ebn p\u00ebr transmetim live t\u00eb procesit.<\/span><\/p>\n<p data-start=\"370\" data-end=\"566\"><span style=\"color: #000000;\">Kreu i SPAK,\u00a0<span class=\"hover:entity-accent entity-underline inline cursor-pointer align-baseline\"><span class=\"whitespace-normal\">Altin Dumani<\/span><\/span>, u shpreh se publikimi i drejtp\u00ebrdrejt\u00eb i seancave mund t\u00eb ndikoj\u00eb n\u00eb proces, sidomos kur p\u00ebrfshihen d\u00ebshmitar\u00eb dhe bashk\u00ebpun\u00ebtor\u00eb t\u00eb drejt\u00ebsis\u00eb.<\/span><\/p>\n<p><span style=\"color: #000000;\"><em>\u201cNe si organ akuze nuk kemi problem, por transmetimi live mund t\u00eb shqet\u00ebsoj\u00eb procesin. N\u00eb \u00e7\u00ebshtjet penale ku ka d\u00ebshmitar\u00eb, ve\u00e7an\u00ebrisht bashk\u00ebpun\u00ebtor\u00eb t\u00eb drejt\u00ebsis\u00eb, nuk lejohet transmetimi live. Kjo nuk ndodh as n\u00eb rajon, as n\u00eb Evrop\u00eb dhe as n\u00eb gjykatat federale n\u00eb SHBA.<\/em><\/span><\/p>\n<p><span style=\"color: #000000;\"><em> Mund t\u00eb lejohen kamera p\u00ebr disa pamje filmike, por d\u00ebshmitar\u00ebt dhe bashk\u00ebpun\u00ebtor\u00ebt nuk mund t\u00eb ekspozohen\u201d,<\/em> tha Dumani.<\/span><\/p>\n<p data-start=\"740\" data-end=\"880\"><span style=\"color: #000000;\">Nga ana tjet\u00ebr, pati replika mes prokurorit Ols Dado dhe avokatit Plarent Ndreca, ku u shk\u00ebmbyen akuza p\u00ebr m\u00ebnyr\u00ebn e zhvillimit t\u00eb procesit.<\/span><\/p>\n<p data-start=\"882\" data-end=\"1074\"><span style=\"color: #000000;\">Ndreca u shpreh se mbrojtja nuk ka q\u00ebllim zvarritjen e procesit, por k\u00ebrkon garantimin e nj\u00eb gjykimi t\u00eb rregullt ligjor, duke theksuar se i pandehuri ka interes q\u00eb \u00e7\u00ebshtja t\u00eb ec\u00eb sa m\u00eb shpejt.<\/span><\/p>\n<p><span style=\"color: #000000;\">Dado: <em>\u201cPse vet\u00ebm ti do t\u00eb flas\u00ebsh? Prit, se ka k\u00ebrkuar fjal\u00ebn prokurori.\u201d<\/em><\/span><\/p>\n<p data-start=\"188\" data-end=\"289\"><span style=\"color: #000000;\">Nd\u00ebrsa kreu i SPAK, Altin Dumani, u shpreh:<em> Kemi dy muaj q\u00eb kemi kaluar n\u00eb themel dhe vijojm\u00eb me seancat paraprake. Avokat\u00ebt e Veliajt, n\u00eb m\u00ebnyr\u00eb t\u00eb p\u00ebrs\u00ebritur, paraqesin k\u00ebrkesa artificiale, sipas vler\u00ebsimit ton\u00eb, me q\u00ebllim zgjatjen e shqyrtimit gjyq\u00ebsor.<\/em><\/span><\/p>\n<p data-start=\"188\" data-end=\"289\"><span style=\"color: #000000;\">Ndreca iu p\u00ebrgjigj:\u00a0<em>Ne nuk kemi q\u00ebllim t\u00eb zvarrisim procesin. I vetmi q\u00eb mbahet n\u00eb burg \u00ebsht\u00eb Erion Veliaj dhe ai ka interes q\u00eb ky proces t\u00eb ec\u00eb sa m\u00eb shpejt. Ne nuk pranojm\u00eb t\u00eb vijojm\u00eb pa u garantuar nj\u00eb proces i rregullt ligjor.<\/em><\/span><\/p>\n","protected":false,"gt_translate_keys":[{"key":"rendered","format":"html"}]},"excerpt":{"rendered":"<p>Seanca p\u00ebr gjyqin e kryebashkiakut t\u00eb Tiran\u00ebs\u00a0Erion Veliaj\u00a0nuk po transmetohet live p\u00ebr mediat. Gjyqtarja e\u00a0GJKKO, Engj\u00ebllushe Tahiri e rr\u00ebzoi k\u00ebrkes\u00ebn eVeliajt me argumentin se dy prej t\u00eb pandehurve, Elman Abule dhe Adela Kondak\u00e7iu, nuk pranuan q\u00eb seanca t\u00eb transmetohet live. N\u00eb seanc\u00ebn gjyq\u00ebsore p\u00ebr dosjen ndaj\u00a0Erion Veliaj n\u00eb GJKKO, jan\u00eb zhvilluar debate mes pal\u00ebve lidhur [&hellip;]<\/p>\n","protected":false,"gt_translate_keys":[{"key":"rendered","format":"html"}]},"author":49,"featured_media":798336,"comment_status":"closed","ping_status":"open","sticky":false,"template":"","format":"standard","meta":{"footnotes":""},"categories":[65],"tags":[],"class_list":["post-798335","post","type-post","status-publish","format-standard","has-post-thumbnail","hentry","category-lajme"],"gt_translate_keys":[{"key":"link","format":"url"}],"_links":{"self":[{"href":"https:\/\/www.hashtag.al\/index.php\/wp-json\/wp\/v2\/posts\/798335","targetHints":{"allow":["GET"]}}],"collection":[{"href":"https:\/\/www.hashtag.al\/index.php\/wp-json\/wp\/v2\/posts"}],"about":[{"href":"https:\/\/www.hashtag.al\/index.php\/wp-json\/wp\/v2\/types\/post"}],"author":[{"embeddable":true,"href":"https:\/\/www.hashtag.al\/index.php\/wp-json\/wp\/v2\/users\/49"}],"replies":[{"embeddable":true,"href":"https:\/\/www.hashtag.al\/index.php\/wp-json\/wp\/v2\/comments?post=798335"}],"version-history":[{"count":99999,"href":"https:\/\/www.hashtag.al\/index.php\/wp-json\/wp\/v2\/posts\/798335\/revisions"}],"predecessor-version":[{"id":798338,"href":"https:\/\/www.hashtag.al\/index.php\/wp-json\/wp\/v2\/posts\/798335\/revisions\/798338"}],"wp:featuredmedia":[{"embeddable":true,"href":"https:\/\/www.hashtag.al\/index.php\/wp-json\/wp\/v2\/media\/798336"}],"wp:attachment":[{"href":"https:\/\/www.hashtag.al\/index.php\/wp-json\/wp\/v2\/media?parent=798335"}],"wp:term":[{"taxonomy":"category","embeddable":true,"href":"https:\/\/www.hashtag.al\/index.php\/wp-json\/wp\/v2\/categories?post=798335"},{"taxonomy":"post_tag","embeddable":true,"href":"https:\/\/www.hashtag.al\/index.php\/wp-json\/wp\/v2\/tags?post=798335"}],"curies":[{"name":"wp","href":"https:\/\/api.w.org\/{rel}","templated":true}]}}