{"id":798331,"date":"2026-04-27T13:15:16","date_gmt":"2026-04-27T11:15:16","guid":{"rendered":"https:\/\/www.hashtag.al\/?p=798331"},"modified":"2026-04-27T13:15:16","modified_gmt":"2026-04-27T11:15:16","slug":"meta-nuk-perben-kercenim-per-gjyqin-cakrani-ky-xhami-dhe-kabina-nuk-ka-baze-ligjore-turp-per-drejtesine-e-re","status":"publish","type":"post","link":"https:\/\/www.hashtag.al\/index.php\/2026\/04\/27\/meta-nuk-perben-kercenim-per-gjyqin-cakrani-ky-xhami-dhe-kabina-nuk-ka-baze-ligjore-turp-per-drejtesine-e-re\/","title":{"rendered":"&#8220;Meta nuk p\u00ebrb\u00ebn k\u00ebrc\u00ebnim p\u00ebr gjyqin&#8221;- Cakrani: Ky xhami dhe kabina nuk ka baz\u00eb ligjore, turp p\u00ebr drejt\u00ebsin\u00eb e re","gt_translate_keys":[{"key":"rendered","format":"text"}]},"content":{"rendered":"<section>\n<p data-start=\"0\" data-end=\"280\"><span style=\"color: #000000;\"><img loading=\"lazy\" decoding=\"async\" class=\"aligncenter size-full wp-image-798332\" src=\"https:\/\/www.hashtag.al\/wp-content\/uploads\/2026\/04\/69ef2ccca41b11777282206_Sequence01.00432603.Still355.jpg\" alt=\"\" width=\"780\" height=\"440\" srcset=\"https:\/\/www.hashtag.al\/wp-content\/uploads\/2026\/04\/69ef2ccca41b11777282206_Sequence01.00432603.Still355.jpg 780w, https:\/\/www.hashtag.al\/wp-content\/uploads\/2026\/04\/69ef2ccca41b11777282206_Sequence01.00432603.Still355-300x169.jpg 300w, https:\/\/www.hashtag.al\/wp-content\/uploads\/2026\/04\/69ef2ccca41b11777282206_Sequence01.00432603.Still355-768x433.jpg 768w\" sizes=\"auto, (max-width: 780px) 100vw, 780px\" \/><\/span><\/p>\n<p data-start=\"0\" data-end=\"280\"><span style=\"color: #000000;\">N\u00eb seanc\u00ebn n\u00eb themel n\u00eb Gjykat\u00ebn e Posa\u00e7me p\u00ebr dosjen \u201cMeta\u201d, avokati i ish-presidentit\u00a0<span class=\"hover:entity-accent entity-underline inline cursor-pointer align-baseline\"><span class=\"whitespace-normal\">Ilir Meta<\/span><\/span>,\u00a0<span class=\"hover:entity-accent entity-underline inline cursor-pointer align-baseline\"><span class=\"whitespace-normal\">Kujtim Cakrani <\/span><\/span>ka kund\u00ebrshtuar vendosjen e Met\u00ebs n\u00eb \u201ckabin\u00eb xhami\u201d n\u00eb sall\u00ebn e gjyqit, duke e cil\u00ebsuar k\u00ebt\u00eb praktik\u00eb pa baz\u00eb ligjore dhe t\u00eb papranueshme. Sipas tij, kjo m\u00ebnyr\u00eb e trajtimit cenon dinjitetin njer\u00ebzor dhe parimin e nj\u00eb procesi t\u00eb rregullt gjyq\u00ebsor.<\/span><\/p>\n<p data-start=\"538\" data-end=\"711\" data-is-last-node=\"\" data-is-only-node=\"\"><span style=\"color: #000000;\">Ai ka k\u00ebrkuar q\u00eb Meta t\u00eb mos mbahet i izoluar dhe t\u00eb vendoset pran\u00eb avokat\u00ebve gjat\u00eb seancave<\/span><\/p>\n<p><span style=\"color: #000000;\"><em><strong>Cakrani<\/strong>: Ky xhami dhe kabina k\u00ebtu nuk ka baz\u00eb ligjore, un\u00eb e di p\u00ebrgjigjen q\u00eb do rr\u00ebzohet k\u00ebrkesa, por p\u00ebr turpin ton\u00eb n\u00eb 2026 mbahet n\u00eb izolim, vet\u00ebm isis i turp\u00ebronte njer\u00ebzit k\u00ebshtu m\u00eb publik. Turp p\u00ebr drejt\u00ebsin\u00eb e re. Presidenti i republik\u00ebs nuk p\u00ebrb\u00ebn k\u00ebrc\u00ebnim p\u00ebr gjyqin. Ka nj\u00eb vendim n\u00eb franc\u00eb por ata i referohen terrorizmit. Ngrihuni n\u00eb dinjitetin njer\u00ebzor hiqeni nga kafazi silleni pran\u00eb avokatit z Meta. Gj\u00ebja minimale.<\/em><\/span><\/p>\n<p><span style=\"color: #000000;\">Gjyqtarja e Posa\u00e7me, Etleva Deda, u p\u00ebrgjigj duke th\u00ebn\u00eb se pavar\u00ebsisht vendosjes n\u00eb kafazin e qelqt\u00eb t\u00eb Met\u00ebs, atij i garantohen t\u00eb gjitha t\u00eb drejta.<\/span><\/p>\n<p><span style=\"color: #000000;\"><em><strong>Gjyqtarja Etleva Deda:<\/strong> Ligji i garanton prezenc\u00ebn, t\u00eb drejt\u00ebn e fjal\u00ebs, mbrojtjes, mund\u00ebsin\u00eb p\u00ebr tu konsultuar me mbrojtjen n\u00eb kushte kofidenciale q\u00eb edhe mga kabina e qelqt\u00eb. Kabina p\u00ebrmbush t\u00eb gjitha kushtet p\u00ebr sa m\u00eb sip\u00ebr, met\u00ebs i jan\u00eb garantuar t\u00eb gjitha t\u00eb drejtat e parashikuara n\u00eb ligj.<\/em><\/span><\/p>\n<\/section>\n","protected":false,"gt_translate_keys":[{"key":"rendered","format":"html"}]},"excerpt":{"rendered":"<p>N\u00eb seanc\u00ebn n\u00eb themel n\u00eb Gjykat\u00ebn e Posa\u00e7me p\u00ebr dosjen \u201cMeta\u201d, avokati i ish-presidentit\u00a0Ilir Meta,\u00a0Kujtim Cakrani ka kund\u00ebrshtuar vendosjen e Met\u00ebs n\u00eb \u201ckabin\u00eb xhami\u201d n\u00eb sall\u00ebn e gjyqit, duke e cil\u00ebsuar k\u00ebt\u00eb praktik\u00eb pa baz\u00eb ligjore dhe t\u00eb papranueshme. Sipas tij, kjo m\u00ebnyr\u00eb e trajtimit cenon dinjitetin njer\u00ebzor dhe parimin e nj\u00eb procesi t\u00eb rregullt [&hellip;]<\/p>\n","protected":false,"gt_translate_keys":[{"key":"rendered","format":"html"}]},"author":49,"featured_media":798332,"comment_status":"closed","ping_status":"open","sticky":false,"template":"","format":"standard","meta":{"footnotes":""},"categories":[65],"tags":[],"class_list":["post-798331","post","type-post","status-publish","format-standard","has-post-thumbnail","hentry","category-lajme"],"gt_translate_keys":[{"key":"link","format":"url"}],"_links":{"self":[{"href":"https:\/\/www.hashtag.al\/index.php\/wp-json\/wp\/v2\/posts\/798331","targetHints":{"allow":["GET"]}}],"collection":[{"href":"https:\/\/www.hashtag.al\/index.php\/wp-json\/wp\/v2\/posts"}],"about":[{"href":"https:\/\/www.hashtag.al\/index.php\/wp-json\/wp\/v2\/types\/post"}],"author":[{"embeddable":true,"href":"https:\/\/www.hashtag.al\/index.php\/wp-json\/wp\/v2\/users\/49"}],"replies":[{"embeddable":true,"href":"https:\/\/www.hashtag.al\/index.php\/wp-json\/wp\/v2\/comments?post=798331"}],"version-history":[{"count":99999,"href":"https:\/\/www.hashtag.al\/index.php\/wp-json\/wp\/v2\/posts\/798331\/revisions"}],"predecessor-version":[{"id":798334,"href":"https:\/\/www.hashtag.al\/index.php\/wp-json\/wp\/v2\/posts\/798331\/revisions\/798334"}],"wp:featuredmedia":[{"embeddable":true,"href":"https:\/\/www.hashtag.al\/index.php\/wp-json\/wp\/v2\/media\/798332"}],"wp:attachment":[{"href":"https:\/\/www.hashtag.al\/index.php\/wp-json\/wp\/v2\/media?parent=798331"}],"wp:term":[{"taxonomy":"category","embeddable":true,"href":"https:\/\/www.hashtag.al\/index.php\/wp-json\/wp\/v2\/categories?post=798331"},{"taxonomy":"post_tag","embeddable":true,"href":"https:\/\/www.hashtag.al\/index.php\/wp-json\/wp\/v2\/tags?post=798331"}],"curies":[{"name":"wp","href":"https:\/\/api.w.org\/{rel}","templated":true}]}}