{"id":798325,"date":"2026-04-27T12:38:56","date_gmt":"2026-04-27T10:38:56","guid":{"rendered":"https:\/\/www.hashtag.al\/?p=798325"},"modified":"2026-04-27T12:38:56","modified_gmt":"2026-04-27T10:38:56","slug":"gjyqi-i-metes-cakrani-nuk-ka-guxim-ta-transmetoje-qe-te-shohin-shqiptaret-montimin-qe-i-ka-bere-spak-ceshtjes","status":"publish","type":"post","link":"https:\/\/www.hashtag.al\/index.php\/2026\/04\/27\/gjyqi-i-metes-cakrani-nuk-ka-guxim-ta-transmetoje-qe-te-shohin-shqiptaret-montimin-qe-i-ka-bere-spak-ceshtjes\/","title":{"rendered":"Gjyqi i Met\u00ebs, Cakrani: Nuk ka guxim ta transmetoj\u00eb q\u00eb t\u00eb shohin shqiptar\u00ebt montimin q\u00eb i ka b\u00ebr\u00eb SPAK \u00e7\u00ebshtjes","gt_translate_keys":[{"key":"rendered","format":"text"}]},"content":{"rendered":"<p><span style=\"color: #000000;\"><img loading=\"lazy\" decoding=\"async\" class=\"aligncenter size-full wp-image-798326\" src=\"https:\/\/www.hashtag.al\/wp-content\/uploads\/2026\/04\/Screenshot-2026-04-27-123358.png\" alt=\"\" width=\"586\" height=\"474\" srcset=\"https:\/\/www.hashtag.al\/wp-content\/uploads\/2026\/04\/Screenshot-2026-04-27-123358.png 586w, https:\/\/www.hashtag.al\/wp-content\/uploads\/2026\/04\/Screenshot-2026-04-27-123358-300x243.png 300w\" sizes=\"auto, (max-width: 586px) 100vw, 586px\" \/><\/span><\/p>\n<p><span style=\"color: #000000;\">GJKKO ende nuk ka marr\u00eb nj\u00eb vendim mbi k\u00ebrkes\u00ebn e Ilir Met\u00ebs p\u00ebr tu transmetuar live seancat gjyq\u00ebsore. <\/span><\/p>\n<p data-start=\"219\" data-end=\"481\"><span style=\"color: #000000;\">Avokati i tij,\u00a0<span class=\"hover:entity-accent entity-underline inline cursor-pointer align-baseline\"><span class=\"whitespace-normal\">Kujtim Cakrani<\/span><\/span>, n\u00eb nj\u00eb prononcim p\u00ebr mediat, e ka cil\u00ebsuar t\u00eb papranueshme munges\u00ebn e transmetimit publik t\u00eb seancave, duke argumentuar se procese t\u00eb ngjashme n\u00eb vende t\u00eb tjera zhvillohen me kamera dhe transparenc\u00eb t\u00eb plot\u00eb.<\/span><\/p>\n<p data-start=\"483\" data-end=\"677\" data-is-last-node=\"\" data-is-only-node=\"\"><span style=\"color: #000000;\">Sipas tij, mbajtja e seancave pa transmetim publik krijon dyshime dhe cenon parimin e transparenc\u00ebs n\u00eb drejt\u00ebsi, nd\u00ebrsa ka paralajm\u00ebruar edhe njoftimin e institucioneve nd\u00ebrkomb\u00ebtare p\u00ebr rastin.<\/span><\/p>\n<p><span style=\"color: #000000;\"><em>\u201cT\u00eb gjith\u00eb gjyqet q\u00eb nga 1995, Alis\u00eb, Nanos, gjyqi n\u00eb Hag\u00eb, t\u00eb gjitha gjyqet b\u00ebhen me kamera, online. Kur b\u00ebhet gjyqi n\u00eb Hag\u00eb p\u00ebr krime kund\u00ebr njer\u00ebzimit, imagjinoni mos t\u00eb b\u00ebhet gjyqi i presidentit. <\/em><\/span><\/p>\n<p><span style=\"color: #000000;\"><em>Fakti q\u00eb s\u2019e merr vendimin, tregon q\u00eb ka frik\u00eb nga provat. Nuk ka guxim ta transmetoj\u00eb q\u00eb t\u00eb shohin shqiptar\u00ebt montimin q\u00eb i ka b\u00ebr\u00eb SPAK \u00e7\u00ebshtjes s\u00eb Met\u00ebs. <\/em><\/span><\/p>\n<p><span style=\"color: #000000;\"><em>E d\u00ebgjuar gjykat\u00ebn \u00e7far\u00eb arsyetimi b\u00ebri, iu referuar nj\u00eb terroristi n\u00eb Franc\u00eb dhe jo Sarkozy. Gjyqi i Nanos \u00ebsht\u00eb b\u00ebr\u00eb n\u00eb kushte t\u00eb barabarta, jan\u00eb b\u00ebr\u00eb t\u00eb hapur p\u00ebr gazetar\u00ebt dhe mediat. <\/em><\/span><\/p>\n<p><span style=\"color: #000000;\"><em>Do u b\u00ebj nd\u00ebrkomb\u00ebtareve k\u00ebrkes\u00eb t\u00eb vijn\u00eb t\u00eb shohin Met\u00ebn n\u00eb kafaz seanc\u00ebn e radh\u00ebs, kjo \u00ebsht\u00eb e papranueshme. <\/em><\/span><\/p>\n<p><span style=\"color: #000000;\"><em>E papranueshme t\u00eb mbash mbyllur n\u00eb kafaz presidentin apo kryetarin e bashkis\u00eb. Humbet seanc\u00eb e t\u00eb qenit nj\u00eb shtet i s\u00eb drejt\u00ebs, b\u00ebhesh shtet diskriminues. <\/em><\/span><\/p>\n<p><span style=\"color: #000000;\"><em>Vet\u00ebm n\u00eb Shqip\u00ebrin\u00eb e 2026, p\u00ebr turpin e k\u00ebtyre deputet\u00ebve dhe t\u00eb k\u00ebsaj shoq\u00ebrie q\u00eb pranon nj\u00eb diskriminim t\u00eb till\u00eb\u201d,<\/em> tha Cakrani.<\/span><\/p>\n","protected":false,"gt_translate_keys":[{"key":"rendered","format":"html"}]},"excerpt":{"rendered":"<p>GJKKO ende nuk ka marr\u00eb nj\u00eb vendim mbi k\u00ebrkes\u00ebn e Ilir Met\u00ebs p\u00ebr tu transmetuar live seancat gjyq\u00ebsore. Avokati i tij,\u00a0Kujtim Cakrani, n\u00eb nj\u00eb prononcim p\u00ebr mediat, e ka cil\u00ebsuar t\u00eb papranueshme munges\u00ebn e transmetimit publik t\u00eb seancave, duke argumentuar se procese t\u00eb ngjashme n\u00eb vende t\u00eb tjera zhvillohen me kamera dhe transparenc\u00eb t\u00eb plot\u00eb. [&hellip;]<\/p>\n","protected":false,"gt_translate_keys":[{"key":"rendered","format":"html"}]},"author":49,"featured_media":798326,"comment_status":"closed","ping_status":"open","sticky":false,"template":"","format":"standard","meta":{"footnotes":""},"categories":[65],"tags":[],"class_list":["post-798325","post","type-post","status-publish","format-standard","has-post-thumbnail","hentry","category-lajme"],"gt_translate_keys":[{"key":"link","format":"url"}],"_links":{"self":[{"href":"https:\/\/www.hashtag.al\/index.php\/wp-json\/wp\/v2\/posts\/798325","targetHints":{"allow":["GET"]}}],"collection":[{"href":"https:\/\/www.hashtag.al\/index.php\/wp-json\/wp\/v2\/posts"}],"about":[{"href":"https:\/\/www.hashtag.al\/index.php\/wp-json\/wp\/v2\/types\/post"}],"author":[{"embeddable":true,"href":"https:\/\/www.hashtag.al\/index.php\/wp-json\/wp\/v2\/users\/49"}],"replies":[{"embeddable":true,"href":"https:\/\/www.hashtag.al\/index.php\/wp-json\/wp\/v2\/comments?post=798325"}],"version-history":[{"count":99999,"href":"https:\/\/www.hashtag.al\/index.php\/wp-json\/wp\/v2\/posts\/798325\/revisions"}],"predecessor-version":[{"id":798327,"href":"https:\/\/www.hashtag.al\/index.php\/wp-json\/wp\/v2\/posts\/798325\/revisions\/798327"}],"wp:featuredmedia":[{"embeddable":true,"href":"https:\/\/www.hashtag.al\/index.php\/wp-json\/wp\/v2\/media\/798326"}],"wp:attachment":[{"href":"https:\/\/www.hashtag.al\/index.php\/wp-json\/wp\/v2\/media?parent=798325"}],"wp:term":[{"taxonomy":"category","embeddable":true,"href":"https:\/\/www.hashtag.al\/index.php\/wp-json\/wp\/v2\/categories?post=798325"},{"taxonomy":"post_tag","embeddable":true,"href":"https:\/\/www.hashtag.al\/index.php\/wp-json\/wp\/v2\/tags?post=798325"}],"curies":[{"name":"wp","href":"https:\/\/api.w.org\/{rel}","templated":true}]}}