{"id":798313,"date":"2026-04-27T11:50:37","date_gmt":"2026-04-27T09:50:37","guid":{"rendered":"https:\/\/www.hashtag.al\/?p=798313"},"modified":"2026-04-27T11:50:37","modified_gmt":"2026-04-27T09:50:37","slug":"dalja-e-tij-e-pare-publike-pas-arrestimit-meta-proces-i-turpshem-kunder-shtetit-shqiptar","status":"publish","type":"post","link":"https:\/\/www.hashtag.al\/index.php\/2026\/04\/27\/dalja-e-tij-e-pare-publike-pas-arrestimit-meta-proces-i-turpshem-kunder-shtetit-shqiptar\/","title":{"rendered":"Dalja e tij e par\u00eb publike pas arrestimit, Meta: Proces i turpsh\u00ebm kund\u00ebr shtetit shqiptar","gt_translate_keys":[{"key":"rendered","format":"text"}]},"content":{"rendered":"<p><span style=\"color: #000000;\"><img loading=\"lazy\" decoding=\"async\" class=\"aligncenter size-full wp-image-798314\" src=\"https:\/\/www.hashtag.al\/wp-content\/uploads\/2026\/04\/1777281265_meta.jpg\" alt=\"\" width=\"780\" height=\"440\" srcset=\"https:\/\/www.hashtag.al\/wp-content\/uploads\/2026\/04\/1777281265_meta.jpg 780w, https:\/\/www.hashtag.al\/wp-content\/uploads\/2026\/04\/1777281265_meta-300x169.jpg 300w, https:\/\/www.hashtag.al\/wp-content\/uploads\/2026\/04\/1777281265_meta-768x433.jpg 768w\" sizes=\"auto, (max-width: 780px) 100vw, 780px\" \/><\/span><\/p>\n<p><span style=\"color: #000000;\">Sot po zhvillohet seanca gjyq\u00ebsore ndaj kreut t\u00eb Partis\u00eb s\u00eb Liris\u00eb,\u00a0<span class=\"hover:entity-accent entity-underline inline cursor-pointer align-baseline\"><span class=\"whitespace-normal\">Ilir Meta<\/span><\/span>, i cili \u00ebsht\u00eb shfaqur p\u00ebr her\u00eb t\u00eb par\u00eb publikisht pas arrestimit t\u00eb tij. <\/span><\/p>\n<p><span style=\"color: #000000;\">Kreu i partis\u00eb s\u00eb Liris\u00eb, Ilir Meta ka nisur direkt me nj\u00eb fjalim pas kafazit prej xhami, ku ka l\u00ebshuar akuza n\u00eb drejtim t\u00eb sistemit t\u00eb drejt\u00ebsis\u00eb, duke e cil\u00ebsuar si proces t\u00eb turpsh\u00ebm.<img loading=\"lazy\" decoding=\"async\" src=\"https:\/\/ads.balkanweb.com\/www\/delivery\/lg.php?bannerid=0&amp;campaignid=0&amp;zoneid=426&amp;loc=https%3A%2F%2Fwww.balkanweb.com%2Fdalja-e-tij-e-pare-publike-pas-arrestimit-meta-shfaqet-pas-kafazit-prej-xhami-akuza-proces-i-turpshem-kunder-shtetit-shqiptar%2F&amp;referer=https%3A%2F%2Fwww.balkanweb.com%2F&amp;cb=7dbb4ab4ef\" alt=\"\" width=\"0\" height=\"0\" \/><\/span><\/p>\n<p><span style=\"color: #000000;\"><em>\u201cNuk jam un\u00eb n\u00eb pozita t\u00eb pabarabarta, por ata. Me shpifje dhe g\u00ebnjeshtra, nj\u00eb proces i turpsh\u00ebm kund\u00ebr shtetit shqiptar. Nga sot deri n\u00eb momentin e fundit, ju ftoj\u00eb t\u00eb ndiqni dhe transmetoni seanc\u00ebn.\u201d<\/em>, d\u00ebgjohet teksa flet Meta pas kafazit prej xhami.<\/span><\/p>\n<p><span style=\"color: #000000;\">Meta ka k\u00ebrkuar me k\u00ebmb\u00ebngulje q\u00eb seancat gjyq\u00ebsore t\u00eb transmetohen live, si nj\u00eb kush sipas tij q\u00eb gjith\u00e7ka t\u00eb jet\u00eb transparente. Ai iu drejtua me nj\u00eb k\u00ebrkes\u00eb t\u00eb ve\u00e7ant\u00eb edhe Gjykat\u00ebs s\u00eb Posa\u00e7me n\u00eb lidhje me k\u00ebt\u00eb \u00e7\u00ebshtje vet\u00ebm pak dit\u00eb m\u00eb par\u00eb.<\/span><\/p>\n<p class=\"selectionShareable\" data-start=\"761\" data-end=\"911\"><span style=\"color: #000000;\">Q\u00eb prej 21 tetorit 2024, Meta nuk \u00ebsht\u00eb shfaqur n\u00eb publik dhe nuk ka dh\u00ebn\u00eb asnj\u00eb intervist\u00eb, nd\u00ebrsa imazhi i fundit i tij mbetet momenti i arrestimit.<\/span><\/p>\n<p class=\"selectionShareable\" data-start=\"913\" data-end=\"1119\" data-is-last-node=\"\" data-is-only-node=\"\"><span style=\"color: #000000;\">Ai i ka mohuar t\u00eb gjitha akuzat, nd\u00ebrsa pritet q\u00eb n\u00eb k\u00ebt\u00eb proces t\u00eb ket\u00eb p\u00ebrballjen e par\u00eb direkte me prokuror\u00ebt n\u00eb sall\u00ebn e gjyqit, n\u00eb prani t\u00eb mediave, ku pritet t\u00eb p\u00ebrcjell\u00eb edhe q\u00ebndrimet e tij publike.<\/span><\/p>\n<p>&nbsp;<\/p>\n<p>&nbsp;<\/p>\n","protected":false,"gt_translate_keys":[{"key":"rendered","format":"html"}]},"excerpt":{"rendered":"<p>Sot po zhvillohet seanca gjyq\u00ebsore ndaj kreut t\u00eb Partis\u00eb s\u00eb Liris\u00eb,\u00a0Ilir Meta, i cili \u00ebsht\u00eb shfaqur p\u00ebr her\u00eb t\u00eb par\u00eb publikisht pas arrestimit t\u00eb tij. Kreu i partis\u00eb s\u00eb Liris\u00eb, Ilir Meta ka nisur direkt me nj\u00eb fjalim pas kafazit prej xhami, ku ka l\u00ebshuar akuza n\u00eb drejtim t\u00eb sistemit t\u00eb drejt\u00ebsis\u00eb, duke e cil\u00ebsuar [&hellip;]<\/p>\n","protected":false,"gt_translate_keys":[{"key":"rendered","format":"html"}]},"author":49,"featured_media":798314,"comment_status":"closed","ping_status":"open","sticky":false,"template":"","format":"standard","meta":{"footnotes":""},"categories":[65],"tags":[],"class_list":["post-798313","post","type-post","status-publish","format-standard","has-post-thumbnail","hentry","category-lajme"],"gt_translate_keys":[{"key":"link","format":"url"}],"_links":{"self":[{"href":"https:\/\/www.hashtag.al\/index.php\/wp-json\/wp\/v2\/posts\/798313","targetHints":{"allow":["GET"]}}],"collection":[{"href":"https:\/\/www.hashtag.al\/index.php\/wp-json\/wp\/v2\/posts"}],"about":[{"href":"https:\/\/www.hashtag.al\/index.php\/wp-json\/wp\/v2\/types\/post"}],"author":[{"embeddable":true,"href":"https:\/\/www.hashtag.al\/index.php\/wp-json\/wp\/v2\/users\/49"}],"replies":[{"embeddable":true,"href":"https:\/\/www.hashtag.al\/index.php\/wp-json\/wp\/v2\/comments?post=798313"}],"version-history":[{"count":99999,"href":"https:\/\/www.hashtag.al\/index.php\/wp-json\/wp\/v2\/posts\/798313\/revisions"}],"predecessor-version":[{"id":798315,"href":"https:\/\/www.hashtag.al\/index.php\/wp-json\/wp\/v2\/posts\/798313\/revisions\/798315"}],"wp:featuredmedia":[{"embeddable":true,"href":"https:\/\/www.hashtag.al\/index.php\/wp-json\/wp\/v2\/media\/798314"}],"wp:attachment":[{"href":"https:\/\/www.hashtag.al\/index.php\/wp-json\/wp\/v2\/media?parent=798313"}],"wp:term":[{"taxonomy":"category","embeddable":true,"href":"https:\/\/www.hashtag.al\/index.php\/wp-json\/wp\/v2\/categories?post=798313"},{"taxonomy":"post_tag","embeddable":true,"href":"https:\/\/www.hashtag.al\/index.php\/wp-json\/wp\/v2\/tags?post=798313"}],"curies":[{"name":"wp","href":"https:\/\/api.w.org\/{rel}","templated":true}]}}