{"id":798310,"date":"2026-04-27T11:25:29","date_gmt":"2026-04-27T09:25:29","guid":{"rendered":"https:\/\/www.hashtag.al\/?p=798310"},"modified":"2026-04-27T11:45:09","modified_gmt":"2026-04-27T09:45:09","slug":"lamallari-prezanton-kreun-e-ri-te-amp-se-ai-duhet-te-vijoje-me-perkushtim-kete-mision","status":"publish","type":"post","link":"https:\/\/www.hashtag.al\/index.php\/2026\/04\/27\/lamallari-prezanton-kreun-e-ri-te-amp-se-ai-duhet-te-vijoje-me-perkushtim-kete-mision\/","title":{"rendered":"Lamallari prezanton kreun e ri t\u00eb AMP-s\u00eb: Ai duhet t\u00eb vijoj\u00eb me p\u00ebrkushtim k\u00ebt\u00eb mision","gt_translate_keys":[{"key":"rendered","format":"text"}]},"content":{"rendered":"<p><span style=\"color: #000000;\"><a href=\"https:\/\/www.hashtag.al\/index.php\/2026\/04\/17\/pergezime-policise-per-reagimin-e-vetepermbajtur-ndqaj-molotovareve-lamallari\/lamallari-press-conf\/\" rel=\"attachment wp-att-796713\"><img loading=\"lazy\" decoding=\"async\" class=\"alignnone size-full wp-image-796713\" src=\"https:\/\/www.hashtag.al\/wp-content\/uploads\/2026\/04\/lamallari-press-conf.png\" alt=\"\" width=\"1320\" height=\"811\" srcset=\"https:\/\/www.hashtag.al\/wp-content\/uploads\/2026\/04\/lamallari-press-conf.png 1320w, https:\/\/www.hashtag.al\/wp-content\/uploads\/2026\/04\/lamallari-press-conf-300x184.png 300w, https:\/\/www.hashtag.al\/wp-content\/uploads\/2026\/04\/lamallari-press-conf-1024x629.png 1024w, https:\/\/www.hashtag.al\/wp-content\/uploads\/2026\/04\/lamallari-press-conf-768x472.png 768w\" sizes=\"auto, (max-width: 1320px) 100vw, 1320px\" \/><\/a><br \/>\nMinistri i Pun\u00ebve t\u00eb Brendshme, Besfort Lamallari, prezantoi sot drejtorin e ri t\u00eb Agjencis\u00eb s\u00eb Mbik\u00ebqyrjes Policore, Klevis Qosen, i cili z\u00ebvend\u00ebson n\u00eb k\u00ebt\u00eb detyr\u00eb Eduart Merkajn.<\/span><\/p>\n<p><span style=\"color: #000000;\">Gjat\u00eb fjal\u00ebs s\u00eb tij, Lamallari fal\u00ebnderoi Merkajn p\u00ebr pun\u00ebn e deritanishme, duke vler\u00ebsuar p\u00ebrkushtimin dhe kontributin e tij n\u00eb forcimin e rolit t\u00eb agjencis\u00eb dhe konsolidimin e standardeve t\u00eb llogaridh\u00ebnies.<\/span><\/p>\n<p><span style=\"color: #000000;\">Ministri theksoi se drejtori i ri i AMP-s\u00eb merr detyr\u00ebn n\u00eb nj\u00eb moment t\u00eb r\u00ebnd\u00ebsish\u00ebm, ku k\u00ebrkohet rritje e transparenc\u00ebs, forcim i kontrollit t\u00eb brendsh\u00ebm dhe garantim i standardeve m\u00eb t\u00eb larta profesionale n\u00eb Policia e Shtetit.<\/span><\/p>\n<p><span style=\"color: #000000;\">\u201cAi duhet t\u00eb vijoj\u00eb me p\u00ebrkushtim k\u00ebt\u00eb mision, duke \u00e7uar m\u00eb tej pun\u00ebn p\u00ebr rritjen e transparenc\u00ebs, forcimin e kontrollit t\u00eb brendsh\u00ebm dhe garantimin e standardeve m\u00eb t\u00eb larta profesionale n\u00eb Policin\u00eb e Shtetit\u201d, u shpreh Lamallari.<\/span><\/p>\n<p><span style=\"color: #000000;\">N\u00eb reagimin e tij, ministri n\u00ebnvizoi se angazhimi p\u00ebr vet\u00ebpastrimin e Policis\u00eb s\u00eb Shtetit mbetet i panegociuesh\u00ebm.<\/span><\/p>\n<p><span style=\"color: #000000;\">\u201cKushdo q\u00eb cenon besimin e qytetar\u00ebve dhe uniform\u00ebn, nuk ka vend n\u00eb radh\u00ebt e saj. Ne do t\u00eb vijojm\u00eb me forcimin e mekanizmave t\u00eb kontrollit dhe nd\u00ebshkimit, duke mb\u00ebshtetur \u00e7do hap q\u00eb garanton nj\u00eb polici t\u00eb past\u00ebr, profesionale dhe n\u00eb sh\u00ebrbim t\u00eb qytetar\u00ebve\u201d, deklaroi ai.<\/span><\/p>\n","protected":false,"gt_translate_keys":[{"key":"rendered","format":"html"}]},"excerpt":{"rendered":"<p>Ministri i Pun\u00ebve t\u00eb Brendshme, Besfort Lamallari, prezantoi sot drejtorin e ri t\u00eb Agjencis\u00eb s\u00eb Mbik\u00ebqyrjes Policore, Klevis Qosen, i cili z\u00ebvend\u00ebson n\u00eb k\u00ebt\u00eb detyr\u00eb Eduart Merkajn. Gjat\u00eb fjal\u00ebs s\u00eb tij, Lamallari fal\u00ebnderoi Merkajn p\u00ebr pun\u00ebn e deritanishme, duke vler\u00ebsuar p\u00ebrkushtimin dhe kontributin e tij n\u00eb forcimin e rolit t\u00eb agjencis\u00eb dhe konsolidimin e standardeve [&hellip;]<\/p>\n","protected":false,"gt_translate_keys":[{"key":"rendered","format":"html"}]},"author":32,"featured_media":796713,"comment_status":"closed","ping_status":"open","sticky":false,"template":"","format":"standard","meta":{"footnotes":""},"categories":[65],"tags":[],"class_list":["post-798310","post","type-post","status-publish","format-standard","has-post-thumbnail","hentry","category-lajme"],"gt_translate_keys":[{"key":"link","format":"url"}],"_links":{"self":[{"href":"https:\/\/www.hashtag.al\/index.php\/wp-json\/wp\/v2\/posts\/798310","targetHints":{"allow":["GET"]}}],"collection":[{"href":"https:\/\/www.hashtag.al\/index.php\/wp-json\/wp\/v2\/posts"}],"about":[{"href":"https:\/\/www.hashtag.al\/index.php\/wp-json\/wp\/v2\/types\/post"}],"author":[{"embeddable":true,"href":"https:\/\/www.hashtag.al\/index.php\/wp-json\/wp\/v2\/users\/32"}],"replies":[{"embeddable":true,"href":"https:\/\/www.hashtag.al\/index.php\/wp-json\/wp\/v2\/comments?post=798310"}],"version-history":[{"count":99999,"href":"https:\/\/www.hashtag.al\/index.php\/wp-json\/wp\/v2\/posts\/798310\/revisions"}],"predecessor-version":[{"id":798312,"href":"https:\/\/www.hashtag.al\/index.php\/wp-json\/wp\/v2\/posts\/798310\/revisions\/798312"}],"wp:featuredmedia":[{"embeddable":true,"href":"https:\/\/www.hashtag.al\/index.php\/wp-json\/wp\/v2\/media\/796713"}],"wp:attachment":[{"href":"https:\/\/www.hashtag.al\/index.php\/wp-json\/wp\/v2\/media?parent=798310"}],"wp:term":[{"taxonomy":"category","embeddable":true,"href":"https:\/\/www.hashtag.al\/index.php\/wp-json\/wp\/v2\/categories?post=798310"},{"taxonomy":"post_tag","embeddable":true,"href":"https:\/\/www.hashtag.al\/index.php\/wp-json\/wp\/v2\/tags?post=798310"}],"curies":[{"name":"wp","href":"https:\/\/api.w.org\/{rel}","templated":true}]}}