{"id":798307,"date":"2026-04-27T14:30:29","date_gmt":"2026-04-27T12:30:29","guid":{"rendered":"https:\/\/www.hashtag.al\/?p=798307"},"modified":"2026-04-27T14:30:29","modified_gmt":"2026-04-27T12:30:29","slug":"be-shpreh-keqardhje-qe-serbia-nuk-i-ka-ndjekur-ende-pergjegjesit-e-sulmit-ne-banjske","status":"publish","type":"post","link":"https:\/\/www.hashtag.al\/index.php\/2026\/04\/27\/be-shpreh-keqardhje-qe-serbia-nuk-i-ka-ndjekur-ende-pergjegjesit-e-sulmit-ne-banjske\/","title":{"rendered":"BE shpreh keqardhje q\u00eb Serbia nuk i ka ndjekur ende p\u00ebrgjegj\u00ebsit e sulmit n\u00eb Banjsk\u00eb","gt_translate_keys":[{"key":"rendered","format":"text"}]},"content":{"rendered":"<p><span style=\"color: #000000;\"><img loading=\"lazy\" decoding=\"async\" class=\"aligncenter size-full wp-image-798308\" src=\"https:\/\/www.hashtag.al\/wp-content\/uploads\/2026\/04\/Screenshot-2026-04-27-104934.png\" alt=\"\" width=\"1023\" height=\"548\" srcset=\"https:\/\/www.hashtag.al\/wp-content\/uploads\/2026\/04\/Screenshot-2026-04-27-104934.png 1023w, https:\/\/www.hashtag.al\/wp-content\/uploads\/2026\/04\/Screenshot-2026-04-27-104934-300x161.png 300w, https:\/\/www.hashtag.al\/wp-content\/uploads\/2026\/04\/Screenshot-2026-04-27-104934-768x411.png 768w\" sizes=\"auto, (max-width: 1023px) 100vw, 1023px\" \/><\/span><\/p>\n<p><span style=\"color: #000000;\">Bashkimi Evropian i ka th\u00ebn\u00eb t\u00eb h\u00ebn\u00ebn <a href=\"https:\/\/www.evropaelire.org\/a\/be-serbi-sulmit-banjska\/33743321.html\"><span style=\"color: #0000ff;\"><em>Radios Evropa e Lir\u00eb<\/em><\/span><\/a> se shpreh keqardhje q\u00eb Serbia nuk i ka marr\u00eb ende hapat e nevojsh\u00ebm p\u00ebr t&#8217;i p\u00ebrballur me drejt\u00ebsin\u00eb p\u00ebrgjegj\u00ebsit p\u00ebr sulmin n\u00eb fshatin Banjsk\u00eb t\u00eb Kosov\u00ebs n\u00eb vitin 2023.<\/span><\/p>\n<p><span style=\"color: #000000;\">Nj\u00eb z\u00ebdh\u00ebn\u00ebs i BE-s\u00eb i ka b\u00ebr\u00eb k\u00ebto deklarata, teksa e ka komentuar vendimin e Gjykat\u00ebs Themelore n\u00eb Prishtin\u00eb, e cila m\u00eb 24 prill\u00a0i ka d\u00ebnuar tre t\u00eb akuzuarit p\u00ebr sulmin: Bllagoje Spasojevi\u00e7in dhe Vladimir Tolli\u00e7in me burgim t\u00eb p\u00ebrjetsh\u00ebm, nd\u00ebrsa Dushan Maksimovi\u00e7in me 30 vjet burgim.<\/span><\/p>\n<p><span style=\"color: #000000;\">Sulmi n\u00eb Banjsk\u00eb ndodhi m\u00eb 24 shtator 2023, si pasoj\u00eb e t\u00eb cilit u vra rreshteri i Policis\u00eb s\u00eb Kosov\u00ebs, Afrim Bunjaku.<\/span><\/p>\n<p><span style=\"color: #000000;\">N\u00eb k\u00ebmbim e sip\u00ebr t\u00eb t\u00eb sht\u00ebnave u vran\u00eb edhe tre sulmues serb\u00eb.<\/span><\/p>\n<p><span style=\"color: #000000;\">Millan Radoi\u00e7i\u00e7, at\u00ebbot\u00eb n\u00ebnkryetar i List\u00ebs Serbe &#8211; partis\u00eb m\u00eb t\u00eb madhe t\u00eb serb\u00ebve n\u00eb Kosov\u00eb, e cila g\u00ebzon mb\u00ebshtetjen e Beogradit zyrtar &#8211; mori p\u00ebrgjegj\u00ebsin\u00eb p\u00ebr sulmin.<\/span><\/p>\n<p><span style=\"color: #000000;\">Tre t\u00eb d\u00ebnuarit kan\u00eb qen\u00eb\u00a0pjes\u00eb e grupit prej 45 personash\u00a0ndaj t\u00eb cil\u00ebve kan\u00eb ngritur aktakuz\u00eb autoritetet e Kosov\u00ebs, p\u00ebrfshir\u00eb Radoi\u00e7iqin. P\u00ebrve\u00e7 tre t\u00eb d\u00ebnuarve, pjesa tjet\u00ebr e t\u00eb akuzuarve jan\u00eb n\u00eb arrati.<\/span><\/p>\n<p><span style=\"color: #000000;\">P\u00ebr autoritetet e Kosov\u00ebs,\u00a0Radoi\u00e7i\u00e7\u00a0ka qen\u00eb &#8220;udh\u00ebheq\u00ebsi i grupit terrorist&#8221; dhe sulmi \u00ebsht\u00eb organizuar nga shteti i Serbis\u00eb. Beogradi, n\u00eb an\u00ebn tjet\u00ebr, i hedh posht\u00eb k\u00ebto akuza.<\/span><\/p>\n<p><span style=\"color: #000000;\">Autoritetet n\u00eb Kosov\u00eb i kan\u00eb ndar\u00eb procedurat penale kund\u00ebr Spasojevi\u00e7it, Tolli\u00e7it dhe Maksimovi\u00e7it, t\u00eb cil\u00ebt ndodheshin n\u00eb paraburgim q\u00eb nga shtatori 2023, nd\u00ebrsa e kan\u00eb hedhur posht\u00eb k\u00ebrkes\u00ebn e Prokuroris\u00eb Speciale p\u00ebr nj\u00eb gjykim n\u00eb munges\u00eb p\u00ebr 42 t\u00eb pandehurit e tjer\u00eb.<\/span><\/p>\n<p><span style=\"color: #000000;\">Institucionet e Bashkimit Evropian u kan\u00eb b\u00ebr\u00eb thirrje rregullisht autoriteteve t\u00eb Beogradit q\u00eb t\u00eb p\u00ebrcaktojn\u00eb p\u00ebrgjegj\u00ebsin\u00eb p\u00ebr sulmin dhe t&#8217;i nxjerrin p\u00ebrgjegj\u00ebsit para drejt\u00ebsis\u00eb.<\/span><\/p>\n<p><span style=\"color: #000000;\">Megjithat\u00eb, pavar\u00ebsisht thirrjeve nga blloku evropian, Shtetet e Bashkuara dhe NATO-ja, autoritetet n\u00eb Serbi nuk kan\u00eb ngritur asnj\u00eb aktakuz\u00eb, madje as ndaj Radoi\u00e7i\u00e7it i cili besohet se \u00ebsht\u00eb n\u00eb Beograd.<\/span><\/p>\n<p><span style=\"color: #000000;\">Gjykata e Lart\u00eb n\u00eb Beograd ka b\u00ebr\u00eb t\u00eb ditur se ekziston vendimi q\u00eb ia ndalon Radoi\u00e7i\u00e7it largimin nga banesa e tij dhe ka detyrim q\u00eb t\u00eb paraqitet n\u00eb polici, nd\u00ebrsa Zyra e Prokurorit nuk e ka komentuar ndonj\u00eb aktakuz\u00eb eventuale.<\/span><\/p>\n","protected":false,"gt_translate_keys":[{"key":"rendered","format":"html"}]},"excerpt":{"rendered":"<p>Bashkimi Evropian i ka th\u00ebn\u00eb t\u00eb h\u00ebn\u00ebn Radios Evropa e Lir\u00eb se shpreh keqardhje q\u00eb Serbia nuk i ka marr\u00eb ende hapat e nevojsh\u00ebm p\u00ebr t&#8217;i p\u00ebrballur me drejt\u00ebsin\u00eb p\u00ebrgjegj\u00ebsit p\u00ebr sulmin n\u00eb fshatin Banjsk\u00eb t\u00eb Kosov\u00ebs n\u00eb vitin 2023. Nj\u00eb z\u00ebdh\u00ebn\u00ebs i BE-s\u00eb i ka b\u00ebr\u00eb k\u00ebto deklarata, teksa e ka komentuar vendimin e [&hellip;]<\/p>\n","protected":false,"gt_translate_keys":[{"key":"rendered","format":"html"}]},"author":49,"featured_media":798308,"comment_status":"closed","ping_status":"open","sticky":false,"template":"","format":"standard","meta":{"footnotes":""},"categories":[149],"tags":[],"class_list":["post-798307","post","type-post","status-publish","format-standard","has-post-thumbnail","hentry","category-kosoverajon"],"gt_translate_keys":[{"key":"link","format":"url"}],"_links":{"self":[{"href":"https:\/\/www.hashtag.al\/index.php\/wp-json\/wp\/v2\/posts\/798307","targetHints":{"allow":["GET"]}}],"collection":[{"href":"https:\/\/www.hashtag.al\/index.php\/wp-json\/wp\/v2\/posts"}],"about":[{"href":"https:\/\/www.hashtag.al\/index.php\/wp-json\/wp\/v2\/types\/post"}],"author":[{"embeddable":true,"href":"https:\/\/www.hashtag.al\/index.php\/wp-json\/wp\/v2\/users\/49"}],"replies":[{"embeddable":true,"href":"https:\/\/www.hashtag.al\/index.php\/wp-json\/wp\/v2\/comments?post=798307"}],"version-history":[{"count":99999,"href":"https:\/\/www.hashtag.al\/index.php\/wp-json\/wp\/v2\/posts\/798307\/revisions"}],"predecessor-version":[{"id":798309,"href":"https:\/\/www.hashtag.al\/index.php\/wp-json\/wp\/v2\/posts\/798307\/revisions\/798309"}],"wp:featuredmedia":[{"embeddable":true,"href":"https:\/\/www.hashtag.al\/index.php\/wp-json\/wp\/v2\/media\/798308"}],"wp:attachment":[{"href":"https:\/\/www.hashtag.al\/index.php\/wp-json\/wp\/v2\/media?parent=798307"}],"wp:term":[{"taxonomy":"category","embeddable":true,"href":"https:\/\/www.hashtag.al\/index.php\/wp-json\/wp\/v2\/categories?post=798307"},{"taxonomy":"post_tag","embeddable":true,"href":"https:\/\/www.hashtag.al\/index.php\/wp-json\/wp\/v2\/tags?post=798307"}],"curies":[{"name":"wp","href":"https:\/\/api.w.org\/{rel}","templated":true}]}}