{"id":798287,"date":"2026-04-27T08:20:36","date_gmt":"2026-04-27T06:20:36","guid":{"rendered":"https:\/\/www.hashtag.al\/?p=798287"},"modified":"2026-04-27T08:58:23","modified_gmt":"2026-04-27T06:58:23","slug":"masa-te-rrepta-sigurie-per-ndeshjen-af-elbasani-vllaznia-bllokime-qarkullimi-rreth-stadiumit","status":"publish","type":"post","link":"https:\/\/www.hashtag.al\/index.php\/2026\/04\/27\/masa-te-rrepta-sigurie-per-ndeshjen-af-elbasani-vllaznia-bllokime-qarkullimi-rreth-stadiumit\/","title":{"rendered":"Masa t\u00eb rrepta sigurie p\u00ebr ndeshjen AF Elbasani\u2013Vllaznia, bllokime qarkullimi rreth stadiumit","gt_translate_keys":[{"key":"rendered","format":"text"}]},"content":{"rendered":"<p data-start=\"99\" data-end=\"466\"><span style=\"color: #000000;\"><a href=\"https:\/\/www.hashtag.al\/index.php\/2023\/12\/09\/godet-me-grusht-52-vjecarin-ne-korce-shpallet-ne-kerkim-25-vjecari\/policia-elbasan-750x375\/\" rel=\"attachment wp-att-638070\"><img loading=\"lazy\" decoding=\"async\" class=\"alignnone size-full wp-image-638070\" src=\"https:\/\/www.hashtag.al\/wp-content\/uploads\/2023\/12\/policia-elbasan-750x375-1.jpg\" alt=\"\" width=\"750\" height=\"375\" srcset=\"https:\/\/www.hashtag.al\/wp-content\/uploads\/2023\/12\/policia-elbasan-750x375-1.jpg 750w, https:\/\/www.hashtag.al\/wp-content\/uploads\/2023\/12\/policia-elbasan-750x375-1-300x150.jpg 300w\" sizes=\"auto, (max-width: 750px) 100vw, 750px\" \/><\/a><\/span><\/p>\n<p data-start=\"99\" data-end=\"466\"><span style=\"color: #000000;\">Drejtoria Vendore e Policis\u00eb Elbasan ka hartuar nj\u00eb plan t\u00eb detajuar masash p\u00ebr garantimin e rendit dhe siguris\u00eb para, gjat\u00eb dhe pas ndeshjes s\u00eb futbollit nd\u00ebrmjet <span class=\"hover:entity-accent entity-underline inline cursor-pointer align-baseline\"><span class=\"whitespace-normal\">AF Elbasani<\/span><\/span> dhe <span class=\"hover:entity-accent entity-underline inline cursor-pointer align-baseline\"><span class=\"whitespace-normal\">Vllaznia Shkod\u00ebr<\/span><\/span>, e cila do t\u00eb zhvillohet k\u00ebt\u00eb t\u00eb h\u00ebn\u00eb, m\u00eb 27 prill 2026, n\u00eb or\u00ebn 19:00, n\u00eb stadiumin <span class=\"hover:entity-accent entity-underline inline cursor-pointer align-baseline\"><span class=\"whitespace-normal\">Elbasan Arena<\/span><\/span>.<\/span><\/p>\n<p data-start=\"468\" data-end=\"741\"><span style=\"color: #000000;\">Sipas njoftimit zyrtar, gjat\u00eb zhvillimit t\u00eb k\u00ebtij aktiviteti sportiv do t\u00eb bllokohet qarkullimi i automjeteve n\u00eb perimetrin p\u00ebrreth stadiumit. L\u00ebvizja do t\u00eb lejohet vet\u00ebm p\u00ebr mjetet e pajisura me autorizim t\u00eb posa\u00e7\u00ebm, ku duhet t\u00eb jen\u00eb t\u00eb sh\u00ebnuara edhe targat e automjeteve.<\/span><\/p>\n<p data-start=\"743\" data-end=\"904\"><span style=\"color: #000000;\">Policia do t\u00eb garantoj\u00eb gjithashtu l\u00ebvizjen e tifoz\u00ebve p\u00ebrgjat\u00eb itinerareve t\u00eb p\u00ebrcaktuara dhe nuk do t\u00eb lejoj\u00eb grumbullime apo kalime jasht\u00eb k\u00ebtyre itinerareve.<\/span><\/p>\n<p data-start=\"906\" data-end=\"1205\"><span style=\"color: #000000;\">N\u00eb zbatim t\u00eb planit t\u00eb masave, do t\u00eb ushtrohen kontrolle t\u00eb imt\u00ebsishme ndaj tifoz\u00ebve para hyrjes n\u00eb stadium, p\u00ebr t\u00eb parandaluar futjen e sendeve t\u00eb kund\u00ebrligjshme si mjete t\u00eb forta, bidon\u00eb uji, \u00e7adra, \u00e7el\u00ebsa metalik\u00eb apo l\u00ebnd\u00eb piroteknike. \u00c7do tifoz duhet t\u00eb jet\u00eb i pajisur me dokument identifikimi.<\/span><\/p>\n<p data-start=\"1207\" data-end=\"1436\"><span style=\"color: #000000;\">Autoritetet b\u00ebjn\u00eb t\u00eb ditur se nuk do t\u00eb lejohet hyrja n\u00eb stadium e shtetasve pa dokument identifikimi, nd\u00ebrsa t\u00eb miturit duhet t\u00eb jen\u00eb t\u00eb shoq\u00ebruar nga prindi ose kujdestari ligjor, gjithashtu t\u00eb pajisur me dokument identifikimi.<\/span><\/p>\n<p data-start=\"1438\" data-end=\"1556\"><span style=\"color: #000000;\">Po ashtu, nuk do t\u00eb lejohen t\u00eb hyjn\u00eb n\u00eb stadium tifoz\u00eb t\u00eb identifikuar m\u00eb par\u00eb si problematik\u00eb n\u00eb aktivitete sportive.<\/span><\/p>\n<p data-start=\"1558\" data-end=\"1768\" data-is-last-node=\"\" data-is-only-node=\"\"><span style=\"color: #000000;\">Policia e Elbasanit u b\u00ebn thirrje tifoz\u00ebve p\u00ebr mir\u00ebkuptim dhe respektim t\u00eb masave t\u00eb p\u00ebrcaktuara, si dhe qytetar\u00ebve p\u00ebr t\u00eb shmangur l\u00ebvizjet me automjete n\u00eb segmentet p\u00ebrreth stadiumit gjat\u00eb orarit t\u00eb ndeshjes.<\/span><\/p>\n","protected":false,"gt_translate_keys":[{"key":"rendered","format":"html"}]},"excerpt":{"rendered":"<p>Drejtoria Vendore e Policis\u00eb Elbasan ka hartuar nj\u00eb plan t\u00eb detajuar masash p\u00ebr garantimin e rendit dhe siguris\u00eb para, gjat\u00eb dhe pas ndeshjes s\u00eb futbollit nd\u00ebrmjet AF Elbasani dhe Vllaznia Shkod\u00ebr, e cila do t\u00eb zhvillohet k\u00ebt\u00eb t\u00eb h\u00ebn\u00eb, m\u00eb 27 prill 2026, n\u00eb or\u00ebn 19:00, n\u00eb stadiumin Elbasan Arena. Sipas njoftimit zyrtar, gjat\u00eb zhvillimit [&hellip;]<\/p>\n","protected":false,"gt_translate_keys":[{"key":"rendered","format":"html"}]},"author":32,"featured_media":638070,"comment_status":"closed","ping_status":"open","sticky":false,"template":"","format":"standard","meta":{"footnotes":""},"categories":[65],"tags":[],"class_list":["post-798287","post","type-post","status-publish","format-standard","has-post-thumbnail","hentry","category-lajme"],"gt_translate_keys":[{"key":"link","format":"url"}],"_links":{"self":[{"href":"https:\/\/www.hashtag.al\/index.php\/wp-json\/wp\/v2\/posts\/798287","targetHints":{"allow":["GET"]}}],"collection":[{"href":"https:\/\/www.hashtag.al\/index.php\/wp-json\/wp\/v2\/posts"}],"about":[{"href":"https:\/\/www.hashtag.al\/index.php\/wp-json\/wp\/v2\/types\/post"}],"author":[{"embeddable":true,"href":"https:\/\/www.hashtag.al\/index.php\/wp-json\/wp\/v2\/users\/32"}],"replies":[{"embeddable":true,"href":"https:\/\/www.hashtag.al\/index.php\/wp-json\/wp\/v2\/comments?post=798287"}],"version-history":[{"count":99999,"href":"https:\/\/www.hashtag.al\/index.php\/wp-json\/wp\/v2\/posts\/798287\/revisions"}],"predecessor-version":[{"id":798291,"href":"https:\/\/www.hashtag.al\/index.php\/wp-json\/wp\/v2\/posts\/798287\/revisions\/798291"}],"wp:featuredmedia":[{"embeddable":true,"href":"https:\/\/www.hashtag.al\/index.php\/wp-json\/wp\/v2\/media\/638070"}],"wp:attachment":[{"href":"https:\/\/www.hashtag.al\/index.php\/wp-json\/wp\/v2\/media?parent=798287"}],"wp:term":[{"taxonomy":"category","embeddable":true,"href":"https:\/\/www.hashtag.al\/index.php\/wp-json\/wp\/v2\/categories?post=798287"},{"taxonomy":"post_tag","embeddable":true,"href":"https:\/\/www.hashtag.al\/index.php\/wp-json\/wp\/v2\/tags?post=798287"}],"curies":[{"name":"wp","href":"https:\/\/api.w.org\/{rel}","templated":true}]}}