{"id":798284,"date":"2026-04-27T08:43:57","date_gmt":"2026-04-27T06:43:57","guid":{"rendered":"https:\/\/www.hashtag.al\/?p=798284"},"modified":"2026-04-27T08:45:24","modified_gmt":"2026-04-27T06:45:24","slug":"inaugurohet-godina-e-re-e-ministrise-se-bujqesise-ne-veri-te-mitrovices","status":"publish","type":"post","link":"https:\/\/www.hashtag.al\/index.php\/2026\/04\/27\/inaugurohet-godina-e-re-e-ministrise-se-bujqesise-ne-veri-te-mitrovices\/","title":{"rendered":"Inaugurohet godina e re e Ministris\u00eb s\u00eb Bujq\u00ebsis\u00eb n\u00eb veri t\u00eb Mitrovic\u00ebs","gt_translate_keys":[{"key":"rendered","format":"text"}]},"content":{"rendered":"<p data-start=\"0\" data-end=\"277\"><span style=\"color: #000000;\"><img loading=\"lazy\" decoding=\"async\" class=\"aligncenter size-full wp-image-798285\" src=\"https:\/\/www.hashtag.al\/wp-content\/uploads\/2026\/04\/723178-9YFPPE3jTb.jpg\" alt=\"\" width=\"780\" height=\"500\" srcset=\"https:\/\/www.hashtag.al\/wp-content\/uploads\/2026\/04\/723178-9YFPPE3jTb.jpg 780w, https:\/\/www.hashtag.al\/wp-content\/uploads\/2026\/04\/723178-9YFPPE3jTb-300x192.jpg 300w, https:\/\/www.hashtag.al\/wp-content\/uploads\/2026\/04\/723178-9YFPPE3jTb-768x492.jpg 768w\" sizes=\"auto, (max-width: 780px) 100vw, 780px\" \/><\/span><\/p>\n<p data-start=\"0\" data-end=\"277\"><span style=\"color: #000000;\">Kryeministri i Kosov\u00ebs,\u00a0<span class=\"hover:entity-accent entity-underline inline cursor-pointer align-baseline\"><span class=\"whitespace-normal\">Albin Kurti<\/span><\/span>, s\u00eb bashku me ministrin e Bujq\u00ebsis\u00eb,\u00a0<span class=\"hover:entity-accent entity-underline inline cursor-pointer align-baseline\"><span class=\"whitespace-normal\">Faton Peci<\/span><\/span>, kan\u00eb inauguruar objektin e ri t\u00eb Ministris\u00eb s\u00eb Bujq\u00ebsis\u00eb, Pylltaris\u00eb dhe Zhvillimit Rural n\u00eb veri t\u00eb\u00a0<span class=\"hover:entity-accent entity-underline inline cursor-pointer align-baseline\"><span class=\"whitespace-normal\">Mitrovic\u00eb<\/span><\/span>.<\/span><\/p>\n<p data-start=\"279\" data-end=\"605\" data-is-last-node=\"\" data-is-only-node=\"\"><span style=\"color: #000000;\">N\u00eb k\u00ebt\u00eb godin\u00eb jan\u00eb vendosur Drejtoria Rajonale e Agjencis\u00eb p\u00ebr Zhvillimin e Bujq\u00ebsis\u00eb dhe Drejtoria Rajonale e Agjencis\u00eb Pyjore t\u00eb Kosov\u00ebs, t\u00eb cilat m\u00eb par\u00eb operonin n\u00eb ambiente me qira. Sipas autoriteteve, ky zhvillim vjen n\u00eb kuad\u00ebr t\u00eb vendimit p\u00ebr zhvendosjen e strukturave shtet\u00ebrore nga objektet me qira n\u00eb prona publike.<\/span><\/p>\n<div class=\"col-md-8\">\n<div class=\"post-content\">\n<div class=\"post-item\">\n<div class=\"post-content-wrapper\">\n<div class=\"post-content\">\n<p><span style=\"color: #000000;\"><em>\u201cKy zhvillim vjen n\u00eb vijim t\u00eb vendimit t\u00eb fundit t\u00eb Ministrit t\u00eb BPZhR-s\u00eb, Armend Muja, i cili ka b\u00ebr\u00eb t\u00eb ditur se t\u00eb gjitha drejtorit\u00eb rajonale t\u00eb agjencive vart\u00ebse, q\u00eb aktualisht operojn\u00eb n\u00eb objekte me qira, do t\u00eb zhvendosen n\u00eb objekte shtet\u00ebrore\u201d<\/em>, thuhet n\u00eb njoftim.<\/span><\/p>\n<\/div>\n<\/div>\n<\/div>\n<\/div>\n<\/div>\n","protected":false,"gt_translate_keys":[{"key":"rendered","format":"html"}]},"excerpt":{"rendered":"<p>Kryeministri i Kosov\u00ebs,\u00a0Albin Kurti, s\u00eb bashku me ministrin e Bujq\u00ebsis\u00eb,\u00a0Faton Peci, kan\u00eb inauguruar objektin e ri t\u00eb Ministris\u00eb s\u00eb Bujq\u00ebsis\u00eb, Pylltaris\u00eb dhe Zhvillimit Rural n\u00eb veri t\u00eb\u00a0Mitrovic\u00eb. N\u00eb k\u00ebt\u00eb godin\u00eb jan\u00eb vendosur Drejtoria Rajonale e Agjencis\u00eb p\u00ebr Zhvillimin e Bujq\u00ebsis\u00eb dhe Drejtoria Rajonale e Agjencis\u00eb Pyjore t\u00eb Kosov\u00ebs, t\u00eb cilat m\u00eb par\u00eb operonin n\u00eb ambiente [&hellip;]<\/p>\n","protected":false,"gt_translate_keys":[{"key":"rendered","format":"html"}]},"author":49,"featured_media":798285,"comment_status":"closed","ping_status":"open","sticky":false,"template":"","format":"standard","meta":{"footnotes":""},"categories":[149],"tags":[],"class_list":["post-798284","post","type-post","status-publish","format-standard","has-post-thumbnail","hentry","category-kosoverajon"],"gt_translate_keys":[{"key":"link","format":"url"}],"_links":{"self":[{"href":"https:\/\/www.hashtag.al\/index.php\/wp-json\/wp\/v2\/posts\/798284","targetHints":{"allow":["GET"]}}],"collection":[{"href":"https:\/\/www.hashtag.al\/index.php\/wp-json\/wp\/v2\/posts"}],"about":[{"href":"https:\/\/www.hashtag.al\/index.php\/wp-json\/wp\/v2\/types\/post"}],"author":[{"embeddable":true,"href":"https:\/\/www.hashtag.al\/index.php\/wp-json\/wp\/v2\/users\/49"}],"replies":[{"embeddable":true,"href":"https:\/\/www.hashtag.al\/index.php\/wp-json\/wp\/v2\/comments?post=798284"}],"version-history":[{"count":99999,"href":"https:\/\/www.hashtag.al\/index.php\/wp-json\/wp\/v2\/posts\/798284\/revisions"}],"predecessor-version":[{"id":798286,"href":"https:\/\/www.hashtag.al\/index.php\/wp-json\/wp\/v2\/posts\/798284\/revisions\/798286"}],"wp:featuredmedia":[{"embeddable":true,"href":"https:\/\/www.hashtag.al\/index.php\/wp-json\/wp\/v2\/media\/798285"}],"wp:attachment":[{"href":"https:\/\/www.hashtag.al\/index.php\/wp-json\/wp\/v2\/media?parent=798284"}],"wp:term":[{"taxonomy":"category","embeddable":true,"href":"https:\/\/www.hashtag.al\/index.php\/wp-json\/wp\/v2\/categories?post=798284"},{"taxonomy":"post_tag","embeddable":true,"href":"https:\/\/www.hashtag.al\/index.php\/wp-json\/wp\/v2\/tags?post=798284"}],"curies":[{"name":"wp","href":"https:\/\/api.w.org\/{rel}","templated":true}]}}