{"id":798277,"date":"2026-04-27T07:21:10","date_gmt":"2026-04-27T05:21:10","guid":{"rendered":"https:\/\/www.hashtag.al\/?p=798277"},"modified":"2026-04-27T07:24:15","modified_gmt":"2026-04-27T05:24:15","slug":"zgjidhen-kryetaret-e-rinj-te-degeve-te-pd-ne-permet-dhe-tepelene","status":"publish","type":"post","link":"https:\/\/www.hashtag.al\/index.php\/2026\/04\/27\/zgjidhen-kryetaret-e-rinj-te-degeve-te-pd-ne-permet-dhe-tepelene\/","title":{"rendered":"Zgjidhen kryetar\u00ebt e rinj t\u00eb deg\u00ebve t\u00eb PD n\u00eb P\u00ebrmet dhe Tepelen\u00eb","gt_translate_keys":[{"key":"rendered","format":"text"}]},"content":{"rendered":"<p data-start=\"70\" data-end=\"272\"><span style=\"color: #000000;\"><a href=\"https:\/\/www.hashtag.al\/index.php\/2025\/05\/29\/pd-ankimon-edhe-qarkun-tirane-na-mbyllen-tiktok-un-para-zgjedhjeve\/1745949695_partiademokratike\/\" rel=\"attachment wp-att-743902\"><img loading=\"lazy\" decoding=\"async\" class=\"alignnone size-full wp-image-743902\" src=\"https:\/\/www.hashtag.al\/wp-content\/uploads\/2025\/05\/1745949695_partiademokratike.jpg\" alt=\"\" width=\"780\" height=\"440\" srcset=\"https:\/\/www.hashtag.al\/wp-content\/uploads\/2025\/05\/1745949695_partiademokratike.jpg 780w, https:\/\/www.hashtag.al\/wp-content\/uploads\/2025\/05\/1745949695_partiademokratike-300x169.jpg 300w, https:\/\/www.hashtag.al\/wp-content\/uploads\/2025\/05\/1745949695_partiademokratike-768x433.jpg 768w\" sizes=\"auto, (max-width: 780px) 100vw, 780px\" \/><\/a><br \/>\nPartia Demokratike ka zhvilluar procesin zgjedhor p\u00ebr drejtimin e deg\u00ebve lokale n\u00eb <span class=\"hover:entity-accent entity-underline inline cursor-pointer align-baseline\"><span class=\"whitespace-normal\">P\u00ebrmet<\/span><\/span> dhe <span class=\"hover:entity-accent entity-underline inline cursor-pointer align-baseline\"><span class=\"whitespace-normal\">Tepelen\u00eb<\/span><\/span>, ku jan\u00eb rizgjedhur drejtuesit aktual\u00eb.<\/span><\/p>\n<p data-start=\"274\" data-end=\"482\"><span style=\"color: #000000;\">N\u00eb P\u00ebrmet, kryetar i deg\u00ebs \u00ebsht\u00eb rizgjedhur Arson Lipe, i cili garoi p\u00ebrball\u00eb Roland Bonjos. Nd\u00ebrsa n\u00eb Tepelen\u00eb, drejtimin e deg\u00ebs e ka fituar s\u00ebrish Malo Sadikaj, n\u00eb nj\u00eb gar\u00eb me Sevo Micin dhe Laviola Guman.<\/span><\/p>\n<p data-start=\"484\" data-end=\"709\"><span style=\"color: #000000;\">N\u00eb nj\u00eb reagim n\u00eb rrjetin social Facebook, drejtuesi politik i PD p\u00ebr qarkun Gjirokast\u00ebr, <span class=\"hover:entity-accent entity-underline inline cursor-pointer align-baseline\"><span class=\"whitespace-normal\">Tritan Shehu<\/span><\/span>, p\u00ebrg\u00ebzoi fituesit dhe t\u00eb gjith\u00eb pjes\u00ebmarr\u00ebsit n\u00eb proces, duke theksuar se gara ka qen\u00eb dinjitoze.<\/span><\/p>\n<p data-start=\"711\" data-end=\"930\" data-is-last-node=\"\" data-is-only-node=\"\"><span style=\"color: #000000;\">Ai n\u00ebnvizoi se ky proces pritet t\u00eb ndikoj\u00eb n\u00eb forcimin e strukturave lokale t\u00eb partis\u00eb, nd\u00ebrsa shprehu urime edhe p\u00ebr an\u00ebtar\u00ebsin\u00eb e Partis\u00eb Demokratike n\u00eb k\u00ebto deg\u00eb, duke i inkurajuar p\u00ebr p\u00ebrballjet e ardhshme politike.<\/span><\/p>\n","protected":false,"gt_translate_keys":[{"key":"rendered","format":"html"}]},"excerpt":{"rendered":"<p>Partia Demokratike ka zhvilluar procesin zgjedhor p\u00ebr drejtimin e deg\u00ebve lokale n\u00eb P\u00ebrmet dhe Tepelen\u00eb, ku jan\u00eb rizgjedhur drejtuesit aktual\u00eb. N\u00eb P\u00ebrmet, kryetar i deg\u00ebs \u00ebsht\u00eb rizgjedhur Arson Lipe, i cili garoi p\u00ebrball\u00eb Roland Bonjos. Nd\u00ebrsa n\u00eb Tepelen\u00eb, drejtimin e deg\u00ebs e ka fituar s\u00ebrish Malo Sadikaj, n\u00eb nj\u00eb gar\u00eb me Sevo Micin dhe Laviola [&hellip;]<\/p>\n","protected":false,"gt_translate_keys":[{"key":"rendered","format":"html"}]},"author":32,"featured_media":743902,"comment_status":"closed","ping_status":"open","sticky":false,"template":"","format":"standard","meta":{"footnotes":""},"categories":[65],"tags":[],"class_list":["post-798277","post","type-post","status-publish","format-standard","has-post-thumbnail","hentry","category-lajme"],"gt_translate_keys":[{"key":"link","format":"url"}],"_links":{"self":[{"href":"https:\/\/www.hashtag.al\/index.php\/wp-json\/wp\/v2\/posts\/798277","targetHints":{"allow":["GET"]}}],"collection":[{"href":"https:\/\/www.hashtag.al\/index.php\/wp-json\/wp\/v2\/posts"}],"about":[{"href":"https:\/\/www.hashtag.al\/index.php\/wp-json\/wp\/v2\/types\/post"}],"author":[{"embeddable":true,"href":"https:\/\/www.hashtag.al\/index.php\/wp-json\/wp\/v2\/users\/32"}],"replies":[{"embeddable":true,"href":"https:\/\/www.hashtag.al\/index.php\/wp-json\/wp\/v2\/comments?post=798277"}],"version-history":[{"count":99999,"href":"https:\/\/www.hashtag.al\/index.php\/wp-json\/wp\/v2\/posts\/798277\/revisions"}],"predecessor-version":[{"id":798278,"href":"https:\/\/www.hashtag.al\/index.php\/wp-json\/wp\/v2\/posts\/798277\/revisions\/798278"}],"wp:featuredmedia":[{"embeddable":true,"href":"https:\/\/www.hashtag.al\/index.php\/wp-json\/wp\/v2\/media\/743902"}],"wp:attachment":[{"href":"https:\/\/www.hashtag.al\/index.php\/wp-json\/wp\/v2\/media?parent=798277"}],"wp:term":[{"taxonomy":"category","embeddable":true,"href":"https:\/\/www.hashtag.al\/index.php\/wp-json\/wp\/v2\/categories?post=798277"},{"taxonomy":"post_tag","embeddable":true,"href":"https:\/\/www.hashtag.al\/index.php\/wp-json\/wp\/v2\/tags?post=798277"}],"curies":[{"name":"wp","href":"https:\/\/api.w.org\/{rel}","templated":true}]}}