{"id":798267,"date":"2026-04-26T22:58:00","date_gmt":"2026-04-26T20:58:00","guid":{"rendered":"https:\/\/www.hashtag.al\/?p=798267"},"modified":"2026-04-26T23:03:14","modified_gmt":"2026-04-26T21:03:14","slug":"ministri-i-mbrojtjes-se-malit-vritet-ne-nje-sulm-vetevrases-vendi-goditet-nga-vale-sulmesh-te-koordinuara","status":"publish","type":"post","link":"https:\/\/www.hashtag.al\/index.php\/2026\/04\/26\/ministri-i-mbrojtjes-se-malit-vritet-ne-nje-sulm-vetevrases-vendi-goditet-nga-vale-sulmesh-te-koordinuara\/","title":{"rendered":"Ministri i Mbrojtjes s\u00eb Malit vritet n\u00eb nj\u00eb sulm vet\u00ebvras\u00ebs, vendi goditet nga val\u00eb sulmesh t\u00eb koordinuara","gt_translate_keys":[{"key":"rendered","format":"text"}]},"content":{"rendered":"<p><span style=\"color: #000000;\"><a href=\"https:\/\/www.hashtag.al\/index.php\/2026\/04\/26\/ministri-i-mbrojtjes-se-malit-vritet-ne-nje-sulm-vetevrases-vendi-goditet-nga-vale-sulmesh-te-koordinuara\/screenshot-2026-04-26-135359\/\" rel=\"attachment wp-att-798268\"><img loading=\"lazy\" decoding=\"async\" class=\"alignnone size-full wp-image-798268\" src=\"https:\/\/www.hashtag.al\/wp-content\/uploads\/2026\/04\/Screenshot-2026-04-26-135359.png\" alt=\"\" width=\"1150\" height=\"620\" srcset=\"https:\/\/www.hashtag.al\/wp-content\/uploads\/2026\/04\/Screenshot-2026-04-26-135359.png 1150w, https:\/\/www.hashtag.al\/wp-content\/uploads\/2026\/04\/Screenshot-2026-04-26-135359-300x162.png 300w, https:\/\/www.hashtag.al\/wp-content\/uploads\/2026\/04\/Screenshot-2026-04-26-135359-1024x552.png 1024w, https:\/\/www.hashtag.al\/wp-content\/uploads\/2026\/04\/Screenshot-2026-04-26-135359-768x414.png 768w\" sizes=\"auto, (max-width: 1150px) 100vw, 1150px\" \/><\/a><\/span><\/p>\n<p><span style=\"color: #000000;\">Ministri i Mbrojtjes s\u00eb Malit, Sadio Camara, \u00ebsht\u00eb vrar\u00eb n\u00eb nj\u00eb sulm t\u00eb dyshuar vet\u00ebvras\u00ebs me kamion-bomb\u00eb q\u00eb sh\u00ebnjestroi rezidenc\u00ebn e tij pran\u00eb kryeqytetit Bamako.<\/span><\/p>\n<p><span style=\"color: #000000;\">Lajmi u raportua fillimisht nga media t\u00eb ndryshme dhe u konfirmua m\u00eb von\u00eb nga televizioni shtet\u00ebror. Sipas burimeve t\u00eb cituara nga familjar\u00ebt dhe mediat franceze, sulmi ndodhi n\u00eb zon\u00ebn e Kati-t dhe p\u00ebrve\u00e7 Camara-s, humb\u00ebn jet\u00ebn edhe t\u00eb pakt\u00ebn tre an\u00ebtar\u00eb t\u00eb familjes s\u00eb tij.<\/span><\/p>\n<p><span style=\"color: #000000;\">Ngjarja vjen n\u00eb kuad\u00ebr t\u00eb nj\u00eb vale sulmesh t\u00eb koordinuara nga grupe xhihadiste dhe separatist\u00eb n\u00eb t\u00eb gjith\u00eb Mali.\u00a0<\/span><\/p>\n<p><span style=\"color: #000000;\"> Raportohet se militant\u00eb t\u00eb lidhur me rrjetin al-Qaeda kan\u00eb qen\u00eb pas sulmit, nd\u00ebrsa grupi xhihadist Jama&#8217;at Nusrat al-Islam wal-Muslimin ka nd\u00ebrmarr\u00eb sulme t\u00eb nj\u00ebkohshme n\u00eb disa zona t\u00eb vendit.<\/span><\/p>\n<p><span style=\"color: #000000;\">Nd\u00ebrkoh\u00eb, edhe kreu i junt\u00ebs ushtarake, gjenerali Assimi Go\u00efta, \u00ebsht\u00eb zhvendosur n\u00eb nj\u00eb vend t\u00eb sigurt pasi rezidenca e tij u b\u00eb gjithashtu objektiv sulmi.<\/span><\/p>\n<p><span style=\"color: #000000;\">P\u00ebrleshje t\u00eb ashpra jan\u00eb raportuar n\u00eb disa qytete, p\u00ebrfshir\u00eb Kidal, Gao, si dhe n\u00eb zonat qendrore si Mopti dhe Sevar\u00e9. N\u00eb veri, grupi separatist Azawad Liberation Front pretendon se ka marr\u00eb kontrollin e qytetit Kidal, ndon\u00ebse kjo nuk \u00ebsht\u00eb konfirmuar nga ushtria.<\/span><\/p>\n<p><span style=\"color: #000000;\">Sipas ekspert\u00ebve, kjo konsiderohet si nj\u00eb nga sulmet m\u00eb t\u00eb m\u00ebdha t\u00eb koordinuara n\u00eb vend n\u00eb vitet e fundit. <\/span><\/p>\n<p><span style=\"color: #000000;\"><em>\u201cDuket si sulmi m\u00eb i madh xhihadist i koordinuar n\u00eb Mali prej vitesh\u201d<\/em>, deklaroi nj\u00eb analist i rajonit p\u00ebr <span style=\"color: #0000ff;\"><a style=\"color: #0000ff;\" href=\"https:\/\/www.bbc.com\/news\/articles\/c5yvy7v66ndo\">BBC.<\/a><\/span><\/span><\/p>\n<p><span style=\"color: #000000;\">Autoritetet kan\u00eb njoftuar se t\u00eb pakt\u00ebn 16 persona jan\u00eb plagosur, nd\u00ebrsa disa militant\u00eb jan\u00eb vrar\u00eb. Ushtria deklaron se situata \u00ebsht\u00eb \u201cn\u00ebn kontroll\u201d, megjith\u00ebse luftimet vijojn\u00eb n\u00eb disa zona.<\/span><\/p>\n<p><span style=\"color: #000000;\">N\u00eb p\u00ebrgjigje t\u00eb p\u00ebrshkall\u00ebzimit t\u00eb dhun\u00ebs, \u00ebsht\u00eb shpallur alarm komb\u00ebtar, jan\u00eb shtuar patrullimet dhe jan\u00eb forcuar pikat e kontrollit. N\u00eb Bamako \u00ebsht\u00eb vendosur shtetrrethim gjat\u00eb nat\u00ebs.<\/span><\/p>\n<p><span style=\"color: #000000;\">Sekretari i P\u00ebrgjithsh\u00ebm i <span class=\"hover:entity-accent entity-underline inline cursor-pointer align-baseline\"><span class=\"whitespace-normal\">Organizat\u00ebs s\u00eb Kombeve t\u00eb Bashkuara<\/span><\/span>,, Ant\u00f3nio Guterres, d\u00ebnoi sulmet, duke shprehur solidaritet me popullin malian. Reagime t\u00eb ngjashme erdh\u00ebn edhe nga ECOWAS dhe Bashkimi Afrikan.<\/span><\/p>\n<p><span style=\"color: #000000;\">Mali vijon t\u00eb p\u00ebrballet prej vitesh me nj\u00eb kriz\u00eb t\u00eb thell\u00eb sigurie, ku rebelimi i tuareg\u00ebve n\u00eb veri \u00ebsht\u00eb nd\u00ebrthurur me aktivitetin e grupeve islamiste t\u00eb lidhura me organizata terroriste nd\u00ebrkomb\u00ebtare.<\/span><\/p>\n","protected":false,"gt_translate_keys":[{"key":"rendered","format":"html"}]},"excerpt":{"rendered":"<p>Ministri i Mbrojtjes s\u00eb Malit, Sadio Camara, \u00ebsht\u00eb vrar\u00eb n\u00eb nj\u00eb sulm t\u00eb dyshuar vet\u00ebvras\u00ebs me kamion-bomb\u00eb q\u00eb sh\u00ebnjestroi rezidenc\u00ebn e tij pran\u00eb kryeqytetit Bamako. Lajmi u raportua fillimisht nga media t\u00eb ndryshme dhe u konfirmua m\u00eb von\u00eb nga televizioni shtet\u00ebror. Sipas burimeve t\u00eb cituara nga familjar\u00ebt dhe mediat franceze, sulmi ndodhi n\u00eb zon\u00ebn e [&hellip;]<\/p>\n","protected":false,"gt_translate_keys":[{"key":"rendered","format":"html"}]},"author":32,"featured_media":798268,"comment_status":"closed","ping_status":"open","sticky":false,"template":"","format":"standard","meta":{"footnotes":""},"categories":[6],"tags":[],"class_list":["post-798267","post","type-post","status-publish","format-standard","has-post-thumbnail","hentry","category-nderkombetare"],"gt_translate_keys":[{"key":"link","format":"url"}],"_links":{"self":[{"href":"https:\/\/www.hashtag.al\/index.php\/wp-json\/wp\/v2\/posts\/798267","targetHints":{"allow":["GET"]}}],"collection":[{"href":"https:\/\/www.hashtag.al\/index.php\/wp-json\/wp\/v2\/posts"}],"about":[{"href":"https:\/\/www.hashtag.al\/index.php\/wp-json\/wp\/v2\/types\/post"}],"author":[{"embeddable":true,"href":"https:\/\/www.hashtag.al\/index.php\/wp-json\/wp\/v2\/users\/32"}],"replies":[{"embeddable":true,"href":"https:\/\/www.hashtag.al\/index.php\/wp-json\/wp\/v2\/comments?post=798267"}],"version-history":[{"count":99999,"href":"https:\/\/www.hashtag.al\/index.php\/wp-json\/wp\/v2\/posts\/798267\/revisions"}],"predecessor-version":[{"id":798272,"href":"https:\/\/www.hashtag.al\/index.php\/wp-json\/wp\/v2\/posts\/798267\/revisions\/798272"}],"wp:featuredmedia":[{"embeddable":true,"href":"https:\/\/www.hashtag.al\/index.php\/wp-json\/wp\/v2\/media\/798268"}],"wp:attachment":[{"href":"https:\/\/www.hashtag.al\/index.php\/wp-json\/wp\/v2\/media?parent=798267"}],"wp:term":[{"taxonomy":"category","embeddable":true,"href":"https:\/\/www.hashtag.al\/index.php\/wp-json\/wp\/v2\/categories?post=798267"},{"taxonomy":"post_tag","embeddable":true,"href":"https:\/\/www.hashtag.al\/index.php\/wp-json\/wp\/v2\/tags?post=798267"}],"curies":[{"name":"wp","href":"https:\/\/api.w.org\/{rel}","templated":true}]}}