{"id":798247,"date":"2026-04-26T20:31:11","date_gmt":"2026-04-26T18:31:11","guid":{"rendered":"https:\/\/www.hashtag.al\/?p=798247"},"modified":"2026-04-26T20:31:29","modified_gmt":"2026-04-26T18:31:29","slug":"vrasja-e-gjyqtarit-kalaja-apeli-i-refuzon-lirimin-xhaxhait-te-autorit-gjon-shkambit","status":"publish","type":"post","link":"https:\/\/www.hashtag.al\/index.php\/2026\/04\/26\/vrasja-e-gjyqtarit-kalaja-apeli-i-refuzon-lirimin-xhaxhait-te-autorit-gjon-shkambit\/","title":{"rendered":"Vrasja e gjyqtarit Kalaja\/ Apeli i refuzon lirimin xhaxhait t\u00eb autorit, Gjon Shkambit","gt_translate_keys":[{"key":"rendered","format":"text"}]},"content":{"rendered":"<p><span style=\"color: #000000;\"><a href=\"https:\/\/www.hashtag.al\/index.php\/2026\/04\/26\/vrasja-e-gjyqtarit-kalaja-apeli-i-refuzon-lirimin-xhaxhait-te-autorit-gjon-shkambit\/1761487487_gjonshkambiastritkalaja\/\" rel=\"attachment wp-att-798248\"><img loading=\"lazy\" decoding=\"async\" class=\"alignnone size-full wp-image-798248\" src=\"https:\/\/www.hashtag.al\/wp-content\/uploads\/2026\/04\/1761487487_gjonshkambiastritkalaja.jpg\" alt=\"\" width=\"780\" height=\"440\" srcset=\"https:\/\/www.hashtag.al\/wp-content\/uploads\/2026\/04\/1761487487_gjonshkambiastritkalaja.jpg 780w, https:\/\/www.hashtag.al\/wp-content\/uploads\/2026\/04\/1761487487_gjonshkambiastritkalaja-300x169.jpg 300w, https:\/\/www.hashtag.al\/wp-content\/uploads\/2026\/04\/1761487487_gjonshkambiastritkalaja-768x433.jpg 768w\" sizes=\"auto, (max-width: 780px) 100vw, 780px\" \/><\/a><\/span><\/p>\n<p><span style=\"color: #000000;\">Gjon Shkambi, xhaxhai i Elvis Shkambit, personit q\u00eb vrau me arm\u00eb zjarri n\u00eb sall\u00ebn e gjyqit gjyqtarin e Apelit, Astrit Kalaja, \u00ebsht\u00eb rikthyer n\u00eb k\u00ebt\u00eb gjykat\u00eb p\u00ebr t\u00eb k\u00ebrkuar lirimin nga burgu.<\/span><\/p>\n<p><span style=\"color: #000000;\">K\u00ebrkesa e tij p\u00ebr z\u00ebvend\u00ebsim t\u00eb mas\u00ebs \u201carrest n\u00eb burg\u201d n\u00eb nj\u00eb mas\u00eb m\u00eb t\u00eb but\u00eb sigurie \u00ebsht\u00eb refuzuar k\u00ebt\u00eb jav\u00eb nga togat e zeza t\u00eb Apelit. Gjon Shkambi akuzohet p\u00ebr \u201cvrasje n\u00eb rrethana cil\u00ebsuese\u201d, e kryer n\u00eb bashk\u00ebpunim, si nxit\u00ebs n\u00eb ngjarjen e 6 tetorit 2025 n\u00eb Gjykat\u00ebn e Apelit.<\/span><\/p>\n<p><span style=\"color: #000000;\">Ai ishte n\u00eb krah t\u00eb nipit t\u00eb tij, Elvis Shkambi, q\u00eb pas nj\u00eb vendimi p\u00ebr \u00e7\u00ebshtje pronash n\u00eb disfavor t\u00eb tyre, hapi zjarr n\u00eb sall\u00ebn e gjyqit, duke vrar\u00eb gjyqtarin Astrit Kalaja dhe plagosur pal\u00ebt kund\u00ebshtare n\u00eb proces, Ragip e Ervis Kurtaj.<\/span><\/p>\n<p><span style=\"color: #000000;\">P\u00ebr t\u00eb nj\u00ebjt\u00ebn ngjarje n\u00eb mas\u00ebn e \u201carrestit n\u00eb burg\u201d po hetohet edhe Elvis Shkambi.<\/span><\/p>\n","protected":false,"gt_translate_keys":[{"key":"rendered","format":"html"}]},"excerpt":{"rendered":"<p>Gjon Shkambi, xhaxhai i Elvis Shkambit, personit q\u00eb vrau me arm\u00eb zjarri n\u00eb sall\u00ebn e gjyqit gjyqtarin e Apelit, Astrit Kalaja, \u00ebsht\u00eb rikthyer n\u00eb k\u00ebt\u00eb gjykat\u00eb p\u00ebr t\u00eb k\u00ebrkuar lirimin nga burgu. K\u00ebrkesa e tij p\u00ebr z\u00ebvend\u00ebsim t\u00eb mas\u00ebs \u201carrest n\u00eb burg\u201d n\u00eb nj\u00eb mas\u00eb m\u00eb t\u00eb but\u00eb sigurie \u00ebsht\u00eb refuzuar k\u00ebt\u00eb jav\u00eb nga togat [&hellip;]<\/p>\n","protected":false,"gt_translate_keys":[{"key":"rendered","format":"html"}]},"author":32,"featured_media":798248,"comment_status":"closed","ping_status":"open","sticky":false,"template":"","format":"standard","meta":{"footnotes":""},"categories":[65],"tags":[],"class_list":["post-798247","post","type-post","status-publish","format-standard","has-post-thumbnail","hentry","category-lajme"],"gt_translate_keys":[{"key":"link","format":"url"}],"_links":{"self":[{"href":"https:\/\/www.hashtag.al\/index.php\/wp-json\/wp\/v2\/posts\/798247","targetHints":{"allow":["GET"]}}],"collection":[{"href":"https:\/\/www.hashtag.al\/index.php\/wp-json\/wp\/v2\/posts"}],"about":[{"href":"https:\/\/www.hashtag.al\/index.php\/wp-json\/wp\/v2\/types\/post"}],"author":[{"embeddable":true,"href":"https:\/\/www.hashtag.al\/index.php\/wp-json\/wp\/v2\/users\/32"}],"replies":[{"embeddable":true,"href":"https:\/\/www.hashtag.al\/index.php\/wp-json\/wp\/v2\/comments?post=798247"}],"version-history":[{"count":99999,"href":"https:\/\/www.hashtag.al\/index.php\/wp-json\/wp\/v2\/posts\/798247\/revisions"}],"predecessor-version":[{"id":798250,"href":"https:\/\/www.hashtag.al\/index.php\/wp-json\/wp\/v2\/posts\/798247\/revisions\/798250"}],"wp:featuredmedia":[{"embeddable":true,"href":"https:\/\/www.hashtag.al\/index.php\/wp-json\/wp\/v2\/media\/798248"}],"wp:attachment":[{"href":"https:\/\/www.hashtag.al\/index.php\/wp-json\/wp\/v2\/media?parent=798247"}],"wp:term":[{"taxonomy":"category","embeddable":true,"href":"https:\/\/www.hashtag.al\/index.php\/wp-json\/wp\/v2\/categories?post=798247"},{"taxonomy":"post_tag","embeddable":true,"href":"https:\/\/www.hashtag.al\/index.php\/wp-json\/wp\/v2\/tags?post=798247"}],"curies":[{"name":"wp","href":"https:\/\/api.w.org\/{rel}","templated":true}]}}