{"id":798224,"date":"2026-04-26T17:25:10","date_gmt":"2026-04-26T15:25:10","guid":{"rendered":"https:\/\/www.hashtag.al\/?p=798224"},"modified":"2026-04-26T17:26:21","modified_gmt":"2026-04-26T15:26:21","slug":"ministri-rus-i-mbrojtjes-dhe-lideri-i-korese-se-veriut-takohen-ne-phenian","status":"publish","type":"post","link":"https:\/\/www.hashtag.al\/index.php\/2026\/04\/26\/ministri-rus-i-mbrojtjes-dhe-lideri-i-korese-se-veriut-takohen-ne-phenian\/","title":{"rendered":"Ministri rus i Mbrojtjes dhe lideri i Kores\u00eb s\u00eb Veriut takohen n\u00eb Phenian","gt_translate_keys":[{"key":"rendered","format":"text"}]},"content":{"rendered":"<p><span style=\"color: #000000;\"><a href=\"https:\/\/www.hashtag.al\/index.php\/2026\/04\/26\/ministri-rus-i-mbrojtjes-dhe-lideri-i-korese-se-veriut-takohen-ne-phenian\/thumbs_b_c_8a95247740cdcef8a074e3a09a3db557\/\" rel=\"attachment wp-att-798225\"><img loading=\"lazy\" decoding=\"async\" class=\"alignnone size-full wp-image-798225\" src=\"https:\/\/www.hashtag.al\/wp-content\/uploads\/2026\/04\/thumbs_b_c_8a95247740cdcef8a074e3a09a3db557.jpg\" alt=\"\" width=\"864\" height=\"486\" srcset=\"https:\/\/www.hashtag.al\/wp-content\/uploads\/2026\/04\/thumbs_b_c_8a95247740cdcef8a074e3a09a3db557.jpg 864w, https:\/\/www.hashtag.al\/wp-content\/uploads\/2026\/04\/thumbs_b_c_8a95247740cdcef8a074e3a09a3db557-300x169.jpg 300w, https:\/\/www.hashtag.al\/wp-content\/uploads\/2026\/04\/thumbs_b_c_8a95247740cdcef8a074e3a09a3db557-768x432.jpg 768w\" sizes=\"auto, (max-width: 864px) 100vw, 864px\" \/><\/a><\/span><\/p>\n<p><span style=\"color: #000000;\">Ministri rus i Mbrojtjes, Andrey Belousov, ka zhvilluar bisedime n\u00eb Phenian me liderin e Kores\u00eb s\u00eb Veriut, Kim Jong-un, transmeton <span style=\"color: #0000ff;\"><a style=\"color: #0000ff;\" href=\"https:\/\/www.aa.com.tr\/sq\/bota\/ministri-rus-i-mbrojtjes-dhe-lideri-i-kores%C3%AB-s%C3%AB-veriut-takohen-n%C3%AB-phenian\/3918584\">Anadolu.<\/a><\/span><\/span><\/p>\n<p><span style=\"color: #000000;\">Ministria e Mbrojtjes e Rusis\u00eb njoftoi se Belousov dhe Kim diskutuan gjendjen dhe perspektivat e bashk\u00ebpunimit ushtarak mes Mosk\u00ebs dhe Phenianit.<\/span><\/p>\n<p><span style=\"color: #000000;\"><em>\u201cNe kemi r\u00ebn\u00eb dakord me Ministrin\u00eb e Mbrojtjes t\u00eb Kores\u00eb s\u00eb Veriut q\u00eb bashk\u00ebpunimin ushtarak ta vendosim mbi baza t\u00eb q\u00ebndrueshme dhe afatgjata. Jemi t\u00eb gatsh\u00ebm t\u00eb n\u00ebnshkruajm\u00eb k\u00ebt\u00eb vit Planin p\u00ebr Bashk\u00ebpunimin Ushtarak Rusi-Kore p\u00ebr periudh\u00ebn 2027\u20132031\u201d,<\/em> tha Belousov.<\/span><\/p>\n<p><span style=\"color: #000000;\">Ministri rus theksoi se ishte \u201cnj\u00eb nder i madh\u201d p\u00ebr t\u00eb t\u00eb takohej me liderin koreano-verior dhe e fal\u00ebnderoi at\u00eb p\u00ebr \u201cmikpritjen tradicionalisht t\u00eb ngroht\u00eb\u201d ndaj delegacionit rus n\u00eb Phenian.<\/span><\/p>\n<p><span style=\"color: #000000;\">\u201cMarr\u00ebdh\u00ebniet nd\u00ebrshtet\u00ebrore ruso-koreane jan\u00eb n\u00eb nj\u00eb nivel t\u00eb paprecedent\u00eb. Viti aktual premton t\u00eb jet\u00eb po aq i ngarkuar sa i p\u00ebrket kontakteve dypal\u00ebshe n\u00eb nj\u00eb s\u00ebr\u00eb fushash\u201d, tha Belousov.<\/span><\/p>\n<p><span style=\"color: #000000;\">Ai shtoi se Moska e vler\u00ebson shum\u00eb vendimin e liderit t\u00eb Kores\u00eb s\u00eb Veriut p\u00ebr t\u00eb ftuar delegacionin ushtarak rus n\u00eb hapjen e muzeut dhe kompleksit memorial kushtuar veprave luftarake t\u00eb ushtarak\u00ebve korean\u00eb jasht\u00eb vendit.<\/span><\/p>\n<p><span style=\"color: #000000;\"><em>\u201c\u00cbsht\u00eb nj\u00eb nder dhe privilegj i madh p\u00ebr ne t\u00eb marrim pjes\u00eb n\u00eb k\u00ebt\u00eb ngjarje historike<\/em>\u201d, tha ai.<\/span><\/p>\n","protected":false,"gt_translate_keys":[{"key":"rendered","format":"html"}]},"excerpt":{"rendered":"<p>Ministri rus i Mbrojtjes, Andrey Belousov, ka zhvilluar bisedime n\u00eb Phenian me liderin e Kores\u00eb s\u00eb Veriut, Kim Jong-un, transmeton Anadolu. Ministria e Mbrojtjes e Rusis\u00eb njoftoi se Belousov dhe Kim diskutuan gjendjen dhe perspektivat e bashk\u00ebpunimit ushtarak mes Mosk\u00ebs dhe Phenianit. \u201cNe kemi r\u00ebn\u00eb dakord me Ministrin\u00eb e Mbrojtjes t\u00eb Kores\u00eb s\u00eb Veriut q\u00eb [&hellip;]<\/p>\n","protected":false,"gt_translate_keys":[{"key":"rendered","format":"html"}]},"author":32,"featured_media":798225,"comment_status":"closed","ping_status":"open","sticky":false,"template":"","format":"standard","meta":{"footnotes":""},"categories":[6],"tags":[],"class_list":["post-798224","post","type-post","status-publish","format-standard","has-post-thumbnail","hentry","category-nderkombetare"],"gt_translate_keys":[{"key":"link","format":"url"}],"_links":{"self":[{"href":"https:\/\/www.hashtag.al\/index.php\/wp-json\/wp\/v2\/posts\/798224","targetHints":{"allow":["GET"]}}],"collection":[{"href":"https:\/\/www.hashtag.al\/index.php\/wp-json\/wp\/v2\/posts"}],"about":[{"href":"https:\/\/www.hashtag.al\/index.php\/wp-json\/wp\/v2\/types\/post"}],"author":[{"embeddable":true,"href":"https:\/\/www.hashtag.al\/index.php\/wp-json\/wp\/v2\/users\/32"}],"replies":[{"embeddable":true,"href":"https:\/\/www.hashtag.al\/index.php\/wp-json\/wp\/v2\/comments?post=798224"}],"version-history":[{"count":99999,"href":"https:\/\/www.hashtag.al\/index.php\/wp-json\/wp\/v2\/posts\/798224\/revisions"}],"predecessor-version":[{"id":798227,"href":"https:\/\/www.hashtag.al\/index.php\/wp-json\/wp\/v2\/posts\/798224\/revisions\/798227"}],"wp:featuredmedia":[{"embeddable":true,"href":"https:\/\/www.hashtag.al\/index.php\/wp-json\/wp\/v2\/media\/798225"}],"wp:attachment":[{"href":"https:\/\/www.hashtag.al\/index.php\/wp-json\/wp\/v2\/media?parent=798224"}],"wp:term":[{"taxonomy":"category","embeddable":true,"href":"https:\/\/www.hashtag.al\/index.php\/wp-json\/wp\/v2\/categories?post=798224"},{"taxonomy":"post_tag","embeddable":true,"href":"https:\/\/www.hashtag.al\/index.php\/wp-json\/wp\/v2\/tags?post=798224"}],"curies":[{"name":"wp","href":"https:\/\/api.w.org\/{rel}","templated":true}]}}