{"id":798220,"date":"2026-04-26T16:51:25","date_gmt":"2026-04-26T14:51:25","guid":{"rendered":"https:\/\/www.hashtag.al\/?p=798220"},"modified":"2026-04-26T16:52:29","modified_gmt":"2026-04-26T14:52:29","slug":"ministri-i-jashtem-iranian-zhvillon-bisedime-ne-oman-pasi-shba-ja-e-anuloi-udhetimin-ne-pakistan","status":"publish","type":"post","link":"https:\/\/www.hashtag.al\/index.php\/2026\/04\/26\/ministri-i-jashtem-iranian-zhvillon-bisedime-ne-oman-pasi-shba-ja-e-anuloi-udhetimin-ne-pakistan\/","title":{"rendered":"Ministri i Jasht\u00ebm iranian zhvillon bisedime n\u00eb Oman, pasi SHBA-ja e anuloi udh\u00ebtimin n\u00eb Pakistan","gt_translate_keys":[{"key":"rendered","format":"text"}]},"content":{"rendered":"<p><span style=\"color: #000000;\"><a style=\"color: #000000;\" href=\"https:\/\/www.hashtag.al\/index.php\/2026\/04\/26\/ministri-i-jashtem-iranian-zhvillon-bisedime-ne-oman-pasi-shba-ja-e-anuloi-udhetimin-ne-pakistan\/screenshot-2026-04-26-073944\/\" rel=\"attachment wp-att-798221\"><img loading=\"lazy\" decoding=\"async\" class=\"alignnone size-full wp-image-798221\" src=\"https:\/\/www.hashtag.al\/wp-content\/uploads\/2026\/04\/Screenshot-2026-04-26-073944.png\" alt=\"\" width=\"1043\" height=\"698\" srcset=\"https:\/\/www.hashtag.al\/wp-content\/uploads\/2026\/04\/Screenshot-2026-04-26-073944.png 1043w, https:\/\/www.hashtag.al\/wp-content\/uploads\/2026\/04\/Screenshot-2026-04-26-073944-300x201.png 300w, https:\/\/www.hashtag.al\/wp-content\/uploads\/2026\/04\/Screenshot-2026-04-26-073944-1024x685.png 1024w, https:\/\/www.hashtag.al\/wp-content\/uploads\/2026\/04\/Screenshot-2026-04-26-073944-768x514.png 768w\" sizes=\"auto, (max-width: 1043px) 100vw, 1043px\" \/><\/a><\/span><\/p>\n<p><span style=\"color: #000000;\">Ministri i Jasht\u00ebm iranian, Abbas Araqchi, takohet me sulltanin e Omanit, Haitham bin Tariq Al Said, n\u00eb Pallatin Al Baraka n\u00eb Muscat, 26 prill.<\/span><\/p>\n<p><span style=\"color: #000000;\">Ministri i Jasht\u00ebm iranian, Abbas Araqchi, takohet me sulltanin e Omanit, Haitham bin Tariq Al Said, n\u00eb Pallatin Al Baraka n\u00eb Muscat, 26 prill.<\/span><\/p>\n<p><span style=\"color: #000000;\">Ministri i Jasht\u00ebm i Iranit zhvilloi bisedime me udh\u00ebheq\u00ebsin e Omanit, nj\u00eb dit\u00eb pasi dy t\u00eb d\u00ebrguarit kryesor\u00eb t\u00eb SHBA-s\u00eb u t\u00ebrhoq\u00ebn papritur nga bisedimet e planifikuara p\u00ebr t\u2019i dh\u00ebn\u00eb fund luft\u00ebs n\u00eb Iran, e cila \u00ebsht\u00eb duke zgjatur mbi dy muaj.<\/span><\/p>\n<p><span style=\"color: #000000;\">Takimet e Abbas Araqchi n\u00eb Muskat t\u00eb diel\u00ebn jan\u00eb pjes\u00eb e diplomacis\u00eb s\u00eb \u201cnd\u00ebrmjet\u00ebsuar\u201d dhe negociatave t\u00eb nd\u00ebrlikuara q\u00eb synojn\u00eb zgjidhjen e luft\u00ebs n\u00eb Iran, e cila ka b\u00ebr\u00eb jehon\u00eb n\u00eb mbar\u00eb bot\u00ebn, duke \u00e7uar n\u00eb rritjen e ndjeshme t\u00eb \u00e7mimeve t\u00eb energjis\u00eb.<\/span><\/p>\n<p><span style=\"color: #000000;\">Bisedimet, t\u00eb planifikuara n\u00eb kryeqytetin e Pakistanit, Islamabad, shiheshin si mund\u00ebsi p\u00ebr p\u00ebrparim drejt arritjes s\u00eb nj\u00eb marr\u00ebveshjeje p\u00ebr t\u2019i dh\u00ebn\u00eb fund konfliktit.<\/span><\/p>\n<p><span style=\"color: #000000;\">N\u00eb bisedime p\u00ebrfshihej Araqchi, si dhe dy t\u00eb d\u00ebrguarit e Sht\u00ebpis\u00eb s\u00eb Bardh\u00eb: Steve Witkoff dhe dh\u00ebndri i i presidentit amerikan Donald Trump, Jared Kushner.<\/span><\/p>\n<p><span style=\"color: #000000;\">Megjithat\u00eb, udh\u00ebtimi i Kushnerit dhe Witkoffit u anulua n\u00eb \u00e7astin e fundit t\u00eb shtun\u00ebn.<\/span><\/p>\n<p><span style=\"color: #000000;\">Nuk \u00ebsht\u00eb plot\u00ebsisht e qart\u00eb pse Trump e anuloi udh\u00ebtimin, por n\u00eb nj\u00eb postim n\u00eb rrjetet sociale ai la t\u00eb kuptohej se negociator\u00ebt iranian\u00eb kan\u00eb mosmarr\u00ebveshje me autoritetet n\u00eb vend.<\/span><\/p>\n<p><span style=\"color: #000000;\"><em>\u201cShum\u00eb koh\u00eb e humbur n\u00eb udh\u00ebtime, shum\u00eb pun\u00eb! P\u00ebr m\u00eb tep\u00ebr, ka p\u00ebrplasje dhe hutim t\u00eb madh brenda \u2018udh\u00ebheqjes\u2019 s\u00eb tyre<\/em>\u201d, tha ai<\/span><\/p>\n<p><span style=\"color: #000000;\">Shtetet e Bashkuara dhe Izraeli i kan\u00eb pezulluar bombardimet ndaj Iranit, n\u00eb p\u00ebrputhje me arm\u00ebpushimin e shpallur nga Trumpi, t\u00eb cili ai e zgjati m\u00eb 21 prill p\u00ebr koh\u00eb t\u00eb pap\u00ebrcaktuar.<\/span><\/p>\n<p><span style=\"color: #000000;\">N\u00eb nj\u00eb intervist\u00eb t\u00eb shkurt\u00ebr p\u00ebr Axios, Trump tha se anulimi i udh\u00ebtimit t\u00eb t\u00eb d\u00ebrguarve amerikan\u00eb nuk do t\u00eb thot\u00eb automatikisht se operacionet e SHBA-s\u00eb do t\u00eb rifillojn\u00eb.<\/span><\/p>\n<p><span style=\"color: #000000;\">Araqchi, megjithat\u00eb, udh\u00ebtoi n\u00eb Islamabad p\u00ebr at\u00eb q\u00eb ai e quajti \u201cvizit\u00eb n\u00eb koh\u00eb t\u00eb duhur\u201d p\u00ebr takime me zyrtar\u00eb pakistanez\u00eb, t\u00eb cil\u00ebt kan\u00eb luajtur nj\u00eb rol ky\u00e7 n\u00eb p\u00ebrpjekjet p\u00ebr ta gjetur nj\u00eb zgjidhje p\u00ebr p\u00ebrfundimin e luftimeve.<\/span><\/p>\n<p><span style=\"color: #000000;\">N\u00eb bisedimet e tij me shefin e ushtris\u00eb pakistaneze, marshallin Asim Munir, Araqchi p\u00ebrcolli \u201cpik\u00ebpamjet dhe konsideratat\u201d e Iranit p\u00ebr p\u00ebrfundimin e luft\u00ebs, si dhe rezervat e tij ndaj k\u00ebrkesave t\u00eb SHBA-s\u00eb, sipas Reuters, q\u00eb citoi nj\u00eb burim anonim.<\/span><\/p>\n<p><span style=\"color: #000000;\">T\u00eb diel\u00ebn, Araqchi u takua me sulltanin e Omanit n\u00eb kryeqytetin Muskat, ku t\u00eb dyja pal\u00ebt biseduan p\u00ebr gjendjen rajonale dhe p\u00ebrpjekjet p\u00ebr nd\u00ebrmjet\u00ebsim, njoftoi agjencia shtet\u00ebrore e lajmeve e Omanit. Ajo nuk dha holl\u00ebsi t\u00eb tjera.<\/span><\/p>\n<p><span style=\"color: #000000;\">Mediat iraniane kan\u00eb raportuar se Araqchi mund t\u00eb shkoj\u00eb edhe n\u00eb Mosk\u00eb.<\/span><\/p>\n<p><span style=\"color: #000000;\">Rusia ka lidhje t\u00eb ngushta me Teheranin dhe i ka dh\u00ebn\u00eb atij t\u00eb dh\u00ebna t\u00eb r\u00ebnd\u00ebsishme q\u00eb kan\u00eb ndihmuar Iranin t\u2019i godas\u00eb forcat amerikane n\u00eb rajon, por kryesisht ka mbajtur nj\u00eb rol dyt\u00ebsor n\u00eb bisedimet p\u00ebr paqe.<\/span><\/p>\n<p><span style=\"color: #000000;\">Irani e ka kusht\u00ebzuar rikthimin n\u00eb tryez\u00ebn e bisedimeve me heqjen e bllokad\u00ebs detare amerikane ndaj porteve iraniane, nj\u00eb k\u00ebrkes\u00eb q\u00eb Trump deri tani e ka hedhur posht\u00eb.<\/span><\/p>\n<p><span style=\"color: #000000;\">Teherani gjithashtu e ka hedhur posht\u00eb zgjatjen e nj\u00ebanshme t\u00eb arm\u00ebpushimit nga Trump si \u201ct\u00eb pakuptimt\u00eb\u201d derisa bllokada vazhdon t\u00eb mbetet n\u00eb fuqi.<\/span><\/p>\n<p><span style=\"color: #000000;\">Bllokada detare e SHBA-s\u00eb, si dhe mbyllja e Ngushtic\u00ebs s\u00eb Hormuzit nga Irani, kan\u00eb b\u00ebr\u00eb q\u00eb \u00e7mimet globale t\u00eb energjis\u00eb t\u00eb rriten tejet shum\u00eb, duke shkaktuar mungesa karburanti n\u00eb disa vende dhe nd\u00ebrprerje t\u00eb udh\u00ebtimeve ajrore nd\u00ebrkomb\u00ebtare.<\/span><\/p>\n<p><span style=\"color: #000000;\">Dit\u00ebt e fundit, Irani ka kapur dy anije pran\u00eb ngushtic\u00ebs dhe ka q\u00eblluar mbi nj\u00eb anije tjet\u00ebr, pasi SHBA-ja e kapi nj\u00eb anije me flamur iranian.<\/span><\/p>\n<p><span style=\"color: #000000;\">Komanda e p\u00ebrbashk\u00ebt ushtarake e Iranit paralajm\u00ebroi t\u00eb shtun\u00ebn se do t\u00eb p\u00ebrgjigjej n\u00ebse Shtetet e Bashkuara e vazhdojn\u00eb bllokad\u00ebn.\/<span style=\"color: #0000ff;\"><a style=\"color: #0000ff;\" href=\"https:\/\/www.evropaelire.org\/a\/ministri-iranian-oman-shba-anulimi-udhetimi-pakistan\/33742777.html\">REL<\/a><\/span><\/span><\/p>\n","protected":false,"gt_translate_keys":[{"key":"rendered","format":"html"}]},"excerpt":{"rendered":"<p>Ministri i Jasht\u00ebm iranian, Abbas Araqchi, takohet me sulltanin e Omanit, Haitham bin Tariq Al Said, n\u00eb Pallatin Al Baraka n\u00eb Muscat, 26 prill. Ministri i Jasht\u00ebm iranian, Abbas Araqchi, takohet me sulltanin e Omanit, Haitham bin Tariq Al Said, n\u00eb Pallatin Al Baraka n\u00eb Muscat, 26 prill. Ministri i Jasht\u00ebm i Iranit zhvilloi bisedime [&hellip;]<\/p>\n","protected":false,"gt_translate_keys":[{"key":"rendered","format":"html"}]},"author":32,"featured_media":798221,"comment_status":"closed","ping_status":"open","sticky":false,"template":"","format":"standard","meta":{"footnotes":""},"categories":[6],"tags":[],"class_list":["post-798220","post","type-post","status-publish","format-standard","has-post-thumbnail","hentry","category-nderkombetare"],"gt_translate_keys":[{"key":"link","format":"url"}],"_links":{"self":[{"href":"https:\/\/www.hashtag.al\/index.php\/wp-json\/wp\/v2\/posts\/798220","targetHints":{"allow":["GET"]}}],"collection":[{"href":"https:\/\/www.hashtag.al\/index.php\/wp-json\/wp\/v2\/posts"}],"about":[{"href":"https:\/\/www.hashtag.al\/index.php\/wp-json\/wp\/v2\/types\/post"}],"author":[{"embeddable":true,"href":"https:\/\/www.hashtag.al\/index.php\/wp-json\/wp\/v2\/users\/32"}],"replies":[{"embeddable":true,"href":"https:\/\/www.hashtag.al\/index.php\/wp-json\/wp\/v2\/comments?post=798220"}],"version-history":[{"count":99999,"href":"https:\/\/www.hashtag.al\/index.php\/wp-json\/wp\/v2\/posts\/798220\/revisions"}],"predecessor-version":[{"id":798223,"href":"https:\/\/www.hashtag.al\/index.php\/wp-json\/wp\/v2\/posts\/798220\/revisions\/798223"}],"wp:featuredmedia":[{"embeddable":true,"href":"https:\/\/www.hashtag.al\/index.php\/wp-json\/wp\/v2\/media\/798221"}],"wp:attachment":[{"href":"https:\/\/www.hashtag.al\/index.php\/wp-json\/wp\/v2\/media?parent=798220"}],"wp:term":[{"taxonomy":"category","embeddable":true,"href":"https:\/\/www.hashtag.al\/index.php\/wp-json\/wp\/v2\/categories?post=798220"},{"taxonomy":"post_tag","embeddable":true,"href":"https:\/\/www.hashtag.al\/index.php\/wp-json\/wp\/v2\/tags?post=798220"}],"curies":[{"name":"wp","href":"https:\/\/api.w.org\/{rel}","templated":true}]}}