{"id":798216,"date":"2026-04-26T16:36:00","date_gmt":"2026-04-26T14:36:00","guid":{"rendered":"https:\/\/www.hashtag.al\/?p=798216"},"modified":"2026-04-26T16:36:25","modified_gmt":"2026-04-26T14:36:25","slug":"atentati-me-dy-viktima-ne-lezhe-policia-po-hetohen-pistat-ngjarja-drejt-zbardhjes","status":"publish","type":"post","link":"https:\/\/www.hashtag.al\/index.php\/2026\/04\/26\/atentati-me-dy-viktima-ne-lezhe-policia-po-hetohen-pistat-ngjarja-drejt-zbardhjes\/","title":{"rendered":"Atentati me dy viktima n\u00eb Lezh\u00eb, policia: Po hetohen pistat, ngjarja drejt zbardhjes","gt_translate_keys":[{"key":"rendered","format":"text"}]},"content":{"rendered":"<p><span style=\"color: #000000;\"><a href=\"https:\/\/www.hashtag.al\/index.php\/2026\/04\/26\/atentati-me-dy-viktima-ne-lezhe-policia-po-hetohen-pistat-ngjarja-drejt-zbardhjes\/screenshot-2026-04-26-073451\/\" rel=\"attachment wp-att-798217\"><img loading=\"lazy\" decoding=\"async\" class=\"alignnone size-full wp-image-798217\" src=\"https:\/\/www.hashtag.al\/wp-content\/uploads\/2026\/04\/Screenshot-2026-04-26-073451.png\" alt=\"\" width=\"750\" height=\"427\" srcset=\"https:\/\/www.hashtag.al\/wp-content\/uploads\/2026\/04\/Screenshot-2026-04-26-073451.png 750w, https:\/\/www.hashtag.al\/wp-content\/uploads\/2026\/04\/Screenshot-2026-04-26-073451-300x171.png 300w\" sizes=\"auto, (max-width: 750px) 100vw, 750px\" \/><\/a><\/span><\/p>\n<p><span style=\"color: #000000;\">Nj\u00eb ngjarje e r\u00ebnd\u00eb kriminale \u00ebsht\u00eb sh\u00ebnuar k\u00ebt\u00eb t\u00eb diel n\u00eb Lezh\u00eb, ku nj\u00eb \u00e7ift bashk\u00ebshort\u00ebsh u ekzekutua me arm\u00eb zjarri brenda automjetit t\u00eb tyre n\u00eb zon\u00ebn e Balldrenit.<\/span><\/p>\n<p><span style=\"color: #000000;\">Viktimat jan\u00eb identifikuar si 39-vje\u00e7ari Kreshnik Mujeci dhe bashk\u00ebshortja e tij, t\u00eb cil\u00ebt humb\u00ebn jet\u00ebn si pasoj\u00eb e t\u00eb sht\u00ebnave me bresh\u00ebri ndaj mjetit tip \u201cAudi Q7\u201d me t\u00eb cilin po udh\u00ebtonin.<\/span><\/p>\n<p><span style=\"color: #000000;\">Drejtori i Drejtoris\u00eb Vendore t\u00eb Policis\u00eb n\u00eb Lezh\u00eb, Arben Nasufi, deklaroi p\u00ebr mediat se autor\u00ebt kan\u00eb q\u00eblluar n\u00eb l\u00ebvizje, duke shkaktuar vdekjen e menj\u00ebhershme t\u00eb dy personave.<\/span><\/p>\n<p><span style=\"color: #000000;\"><em>\u201c\u00cbsht\u00eb konstatuar se gjat\u00eb l\u00ebvizjes s\u00eb nj\u00eb mjeti, ai \u00ebsht\u00eb q\u00eblluar me bresh\u00ebri arm\u00ebsh. Mjek\u00ebt kan\u00eb konfirmuar p\u00ebr humbjen e jet\u00ebve t\u00eb dy personave, nj\u00eb burr\u00eb e nj\u00eb grua. N\u00ebn drejtimin e prokurorit \u00ebsht\u00eb ngritur grupi hetimor dhe po kryhen t\u00eb gjitha veprimet n\u00eb terren p\u00ebr zbardhjen e plot\u00eb t\u00eb ngjarjes\u201d<\/em>, u shpreh Nasufi.<\/span><\/p>\n<p><span style=\"color: #000000;\">Ai shtoi se grupi hetimor po punon intensivisht p\u00ebr mbledhjen dhe fiksimin e \u00e7do prove n\u00eb vendngjarje, me q\u00ebllim identifikimin dhe kapjen e autor\u00ebve.<\/span><\/p>\n<p><span style=\"color: #000000;\">Policia b\u00ebn me dije se nj\u00eb nga pistat kryesore t\u00eb hetimit lidhet me t\u00eb kaluar\u00ebn e viktim\u00ebs, pasi Kreshnik Mujeci ishte akuzuar p\u00ebr vrasjen e Geg\u00eb M\u00ebhillit n\u00eb vitin 2016, p\u00ebr t\u00eb cil\u00ebn ishte arrestuar n\u00eb vitin 2017 s\u00eb bashku me dy v\u00ebllez\u00ebrit e tij.<\/span><\/p>\n<p><span style=\"color: #000000;\">Autoritetet theksojn\u00eb se hetimet jan\u00eb n\u00eb vijim dhe pritet q\u00eb n\u00eb or\u00ebt n\u00eb vijim t\u00eb ket\u00eb zhvillime t\u00eb reja mbi k\u00ebt\u00eb atentat t\u00eb dyfisht\u00eb q\u00eb ka tronditur zon\u00ebn.<\/span><\/p>\n","protected":false,"gt_translate_keys":[{"key":"rendered","format":"html"}]},"excerpt":{"rendered":"<p>Nj\u00eb ngjarje e r\u00ebnd\u00eb kriminale \u00ebsht\u00eb sh\u00ebnuar k\u00ebt\u00eb t\u00eb diel n\u00eb Lezh\u00eb, ku nj\u00eb \u00e7ift bashk\u00ebshort\u00ebsh u ekzekutua me arm\u00eb zjarri brenda automjetit t\u00eb tyre n\u00eb zon\u00ebn e Balldrenit. Viktimat jan\u00eb identifikuar si 39-vje\u00e7ari Kreshnik Mujeci dhe bashk\u00ebshortja e tij, t\u00eb cil\u00ebt humb\u00ebn jet\u00ebn si pasoj\u00eb e t\u00eb sht\u00ebnave me bresh\u00ebri ndaj mjetit tip \u201cAudi [&hellip;]<\/p>\n","protected":false,"gt_translate_keys":[{"key":"rendered","format":"html"}]},"author":32,"featured_media":798217,"comment_status":"closed","ping_status":"open","sticky":false,"template":"","format":"standard","meta":{"footnotes":""},"categories":[65],"tags":[],"class_list":["post-798216","post","type-post","status-publish","format-standard","has-post-thumbnail","hentry","category-lajme"],"gt_translate_keys":[{"key":"link","format":"url"}],"_links":{"self":[{"href":"https:\/\/www.hashtag.al\/index.php\/wp-json\/wp\/v2\/posts\/798216","targetHints":{"allow":["GET"]}}],"collection":[{"href":"https:\/\/www.hashtag.al\/index.php\/wp-json\/wp\/v2\/posts"}],"about":[{"href":"https:\/\/www.hashtag.al\/index.php\/wp-json\/wp\/v2\/types\/post"}],"author":[{"embeddable":true,"href":"https:\/\/www.hashtag.al\/index.php\/wp-json\/wp\/v2\/users\/32"}],"replies":[{"embeddable":true,"href":"https:\/\/www.hashtag.al\/index.php\/wp-json\/wp\/v2\/comments?post=798216"}],"version-history":[{"count":99999,"href":"https:\/\/www.hashtag.al\/index.php\/wp-json\/wp\/v2\/posts\/798216\/revisions"}],"predecessor-version":[{"id":798219,"href":"https:\/\/www.hashtag.al\/index.php\/wp-json\/wp\/v2\/posts\/798216\/revisions\/798219"}],"wp:featuredmedia":[{"embeddable":true,"href":"https:\/\/www.hashtag.al\/index.php\/wp-json\/wp\/v2\/media\/798217"}],"wp:attachment":[{"href":"https:\/\/www.hashtag.al\/index.php\/wp-json\/wp\/v2\/media?parent=798216"}],"wp:term":[{"taxonomy":"category","embeddable":true,"href":"https:\/\/www.hashtag.al\/index.php\/wp-json\/wp\/v2\/categories?post=798216"},{"taxonomy":"post_tag","embeddable":true,"href":"https:\/\/www.hashtag.al\/index.php\/wp-json\/wp\/v2\/tags?post=798216"}],"curies":[{"name":"wp","href":"https:\/\/api.w.org\/{rel}","templated":true}]}}