{"id":798210,"date":"2026-04-26T16:30:22","date_gmt":"2026-04-26T14:30:22","guid":{"rendered":"https:\/\/www.hashtag.al\/?p=798210"},"modified":"2026-04-26T16:31:36","modified_gmt":"2026-04-26T14:31:36","slug":"macron-ne-athine-klauzola-e-mbrojtjes-se-perbashket-te-be-se-nuk-eshte-thjesht-fjale-por-realitet","status":"publish","type":"post","link":"https:\/\/www.hashtag.al\/index.php\/2026\/04\/26\/macron-ne-athine-klauzola-e-mbrojtjes-se-perbashket-te-be-se-nuk-eshte-thjesht-fjale-por-realitet\/","title":{"rendered":"Macron n\u00eb Athin\u00eb: Klauzola e mbrojtjes s\u00eb p\u00ebrbashk\u00ebt t\u00eb BE-s\u00eb nuk \u00ebsht\u00eb thjesht fjal\u00eb, por realitet","gt_translate_keys":[{"key":"rendered","format":"text"}]},"content":{"rendered":"<p><span style=\"color: #000000;\"><a style=\"color: #000000;\" href=\"https:\/\/www.hashtag.al\/index.php\/2026\/04\/26\/macron-ne-athine-klauzola-e-mbrojtjes-se-perbashket-te-be-se-nuk-eshte-thjesht-fjale-por-realitet\/screenshot-2026-04-26-063430\/\" rel=\"attachment wp-att-798211\"><img loading=\"lazy\" decoding=\"async\" class=\"alignnone size-full wp-image-798211\" src=\"https:\/\/www.hashtag.al\/wp-content\/uploads\/2026\/04\/Screenshot-2026-04-26-063430.png\" alt=\"\" width=\"757\" height=\"507\" srcset=\"https:\/\/www.hashtag.al\/wp-content\/uploads\/2026\/04\/Screenshot-2026-04-26-063430.png 757w, https:\/\/www.hashtag.al\/wp-content\/uploads\/2026\/04\/Screenshot-2026-04-26-063430-300x201.png 300w\" sizes=\"auto, (max-width: 757px) 100vw, 757px\" \/><\/a><\/span><\/p>\n<p data-path-to-node=\"3\"><span style=\"color: #000000;\">Gjat\u00eb nj\u00eb vizite zyrtare n\u00eb Athin\u00eb, Presidenti francez Emmanuel Macron ka mbrojtur me forc\u00eb aft\u00ebsin\u00eb e Evrop\u00ebs p\u00ebr t\u2019u vet\u00ebmbrojtur, duke deklaruar se klauzola e ndihm\u00ebs reciproke e Bashkimit Evropian \u00ebsht\u00eb e qart\u00eb dhe &#8220;jo thjesht fjal\u00eb&#8221;. <\/span><\/p>\n<p data-path-to-node=\"3\"><span style=\"color: #000000;\">Macron theksoi se ky pakt u provua n\u00eb praktik\u00eb kur disa shtete an\u00ebtare d\u00ebrguan ndihm\u00eb ushtarake n\u00eb Qipro, pas sulmit me dron ndaj nj\u00eb baze ajrore britanike m\u00eb 28 shkurt.<\/span><\/p>\n<p data-path-to-node=\"4\"><span style=\"color: #000000;\">Sipas udh\u00ebheq\u00ebsit francez, Neni 42, paragrafi 7 i Traktatit t\u00eb BE-s\u00eb nuk l\u00eb vend p\u00ebr interpretime apo paqart\u00ebsi. <\/span><\/p>\n<p data-path-to-node=\"4\"><span style=\"color: #000000;\">Macron u shpreh se kjo klauzol\u00eb \u00ebsht\u00eb tashm\u00eb &#8220;m\u00eb e fort\u00eb&#8221; se Neni 5 i NATO-s, duke argumentuar se Evropa duhet t\u00eb rris\u00eb sigurin\u00eb e saj n\u00eb vend q\u00eb t\u00eb mb\u00ebshtetet te nj\u00eb SHBA gjithnj\u00eb e m\u00eb e paparashikueshme n\u00ebn drejtimin e Donald Trump.<\/span><\/p>\n<p data-path-to-node=\"4\"><span style=\"color: #000000;\"><i data-path-to-node=\"5,0\" data-index-in-node=\"0\">\u201cEkziston tashm\u00eb nj\u00eb dyshim mbi Nenin 5 t\u00eb NATO-s, i cili nuk \u00ebsht\u00eb hedhur n\u00eb tavolin\u00eb nga evropian\u00ebt, por nga presidenti amerikan. Ky \u00ebsht\u00eb nj\u00eb dob\u00ebsim de facto i aleanc\u00ebs s\u00eb NATO-s\u201d, deklaroi Macron gjat\u00eb nj\u00eb diskutimi n\u00eb agoran\u00eb e lasht\u00eb t\u00eb Athin\u00ebs.<\/i><\/span><\/p>\n<p data-path-to-node=\"6\"><span style=\"color: #000000;\">Kryeministri grek, Kyriakos Mitsotakis, mb\u00ebshteti k\u00ebt\u00eb q\u00ebndrim, duke e quajtur d\u00ebrgimin e avion\u00ebve luftarak\u00eb dhe mb\u00ebshtetjes detare n\u00eb Qipro si nj\u00eb kthes\u00eb historike p\u00ebr bllokun. <\/span><\/p>\n<p data-path-to-node=\"6\"><span style=\"color: #000000;\">Ai vuri n\u00eb dukje se Franca, Greqia, Spanja, Italia, Holanda dhe Portugalia reaguan menj\u00ebher\u00eb p\u00ebr t\u00eb ndihmuar Qipron n\u00eb dit\u00ebt e para t\u00eb luft\u00ebs SHBA-Izrael kund\u00ebr Iranit, duke treguar se p\u00ebrgjegj\u00ebsia evropiane po rritet.<\/span><\/p>\n<p data-path-to-node=\"7\"><span style=\"color: #000000;\">N\u00eb kuad\u00ebr t\u00eb marr\u00ebdh\u00ebnieve dypal\u00ebshe, Franca dhe Greqia n\u00ebnshkruan n\u00ebnt\u00eb marr\u00ebveshje t\u00eb reja bashk\u00ebpunimi, q\u00eb p\u00ebrfshijn\u00eb k\u00ebrkimin shkencor dhe teknologjin\u00eb b\u00ebrthamore. <\/span><\/p>\n<p data-path-to-node=\"7\"><span style=\"color: #000000;\">Macron premtoi gjithashtu se Franca do t\u00eb q\u00ebndroj\u00eb krah Greqis\u00eb n\u00eb rast t\u00eb ndonj\u00eb sulmi nga fqinji i saj dhe rivali rajonal, Turqia.<\/span><\/p>\n<p data-path-to-node=\"8\"><span style=\"color: #000000;\">N\u00eb fund t\u00eb fjal\u00ebs s\u00eb tij, Macron dha nj\u00eb mesazh urgjence p\u00ebr kontinentin, duke theksuar se Evropa po p\u00ebrballet me nj\u00eb moment unik ku president\u00ebt e SHBA-s\u00eb, Rusis\u00eb dhe Kin\u00ebs jan\u00eb kund\u00ebr interesave evropiane. <\/span><\/p>\n<p data-path-to-node=\"8\"><span style=\"color: #000000;\">Ai b\u00ebri thirrje q\u00eb Evropa t\u00eb &#8220;zgjohet&#8221; dhe t\u00eb shkruaj\u00eb kapitullin e radh\u00ebs si nj\u00eb fuqi gjeopolitike e pavarur, duke l\u00ebn\u00eb pas var\u00ebsin\u00eb totale nga strukturat e vjetra t\u00eb siguris\u00eb.<\/span><\/p>\n","protected":false,"gt_translate_keys":[{"key":"rendered","format":"html"}]},"excerpt":{"rendered":"<p>Gjat\u00eb nj\u00eb vizite zyrtare n\u00eb Athin\u00eb, Presidenti francez Emmanuel Macron ka mbrojtur me forc\u00eb aft\u00ebsin\u00eb e Evrop\u00ebs p\u00ebr t\u2019u vet\u00ebmbrojtur, duke deklaruar se klauzola e ndihm\u00ebs reciproke e Bashkimit Evropian \u00ebsht\u00eb e qart\u00eb dhe &#8220;jo thjesht fjal\u00eb&#8221;. Macron theksoi se ky pakt u provua n\u00eb praktik\u00eb kur disa shtete an\u00ebtare d\u00ebrguan ndihm\u00eb ushtarake n\u00eb Qipro, [&hellip;]<\/p>\n","protected":false,"gt_translate_keys":[{"key":"rendered","format":"html"}]},"author":32,"featured_media":798211,"comment_status":"closed","ping_status":"open","sticky":false,"template":"","format":"standard","meta":{"footnotes":""},"categories":[6],"tags":[],"class_list":["post-798210","post","type-post","status-publish","format-standard","has-post-thumbnail","hentry","category-nderkombetare"],"gt_translate_keys":[{"key":"link","format":"url"}],"_links":{"self":[{"href":"https:\/\/www.hashtag.al\/index.php\/wp-json\/wp\/v2\/posts\/798210","targetHints":{"allow":["GET"]}}],"collection":[{"href":"https:\/\/www.hashtag.al\/index.php\/wp-json\/wp\/v2\/posts"}],"about":[{"href":"https:\/\/www.hashtag.al\/index.php\/wp-json\/wp\/v2\/types\/post"}],"author":[{"embeddable":true,"href":"https:\/\/www.hashtag.al\/index.php\/wp-json\/wp\/v2\/users\/32"}],"replies":[{"embeddable":true,"href":"https:\/\/www.hashtag.al\/index.php\/wp-json\/wp\/v2\/comments?post=798210"}],"version-history":[{"count":99999,"href":"https:\/\/www.hashtag.al\/index.php\/wp-json\/wp\/v2\/posts\/798210\/revisions"}],"predecessor-version":[{"id":798215,"href":"https:\/\/www.hashtag.al\/index.php\/wp-json\/wp\/v2\/posts\/798210\/revisions\/798215"}],"wp:featuredmedia":[{"embeddable":true,"href":"https:\/\/www.hashtag.al\/index.php\/wp-json\/wp\/v2\/media\/798211"}],"wp:attachment":[{"href":"https:\/\/www.hashtag.al\/index.php\/wp-json\/wp\/v2\/media?parent=798210"}],"wp:term":[{"taxonomy":"category","embeddable":true,"href":"https:\/\/www.hashtag.al\/index.php\/wp-json\/wp\/v2\/categories?post=798210"},{"taxonomy":"post_tag","embeddable":true,"href":"https:\/\/www.hashtag.al\/index.php\/wp-json\/wp\/v2\/tags?post=798210"}],"curies":[{"name":"wp","href":"https:\/\/api.w.org\/{rel}","templated":true}]}}